{"id":3247,"date":"2012-05-26T11:23:40","date_gmt":"2012-05-26T09:23:40","guid":{"rendered":"https:\/\/agora.xtec.cat\/escolagaudisantboi\/?p=3247"},"modified":"2020-07-13T11:32:05","modified_gmt":"2020-07-13T09:32:05","slug":"jornada-popular-de-collita-de-cireres-solidaries-de-sant-boi","status":"publish","type":"post","link":"https:\/\/agora.xtec.cat\/escolagaudisantboi\/general\/jornada-popular-de-collita-de-cireres-solidaries-de-sant-boi\/","title":{"rendered":"Jornada Popular de Collita de Cireres Solid\u00e0ries de Sant Boi"},"content":{"rendered":"<div>\n<p>Dilluns 28 de maig, i festiu a Sant Boi, es realitzar\u00e0 la Jornada Popular de Collita de Cireres en una finca forestal de la Vall de Santa B\u00e0rbara que l&#8217;Ajuntament est\u00e0 recuperant, en col\u00b7laboraci\u00f3 amb els seus propietaris, amb motiu de fomentar la biodiversitat i la prevenci\u00f3 d&#8217;incendis.<\/p>\n<p>Aquesta Jornada Popular de Collita de Cireres ser\u00e0 un acte dels actes que organitza Sant Boi per col\u00b7laborar amb l\u2019edici\u00f3 de la Marat\u00f3 per la pobresa, i que tenen com a objectiu divulgar i recaptar diners que aniran a la Marat\u00f3 de TV3. Els diners que es recullin de la venda de les cireres d&#8217;aquell dia, i una part dels que s&#8217;obtinguin en tota la campanya de collita, entre el 15 de maig i el 15 de juny, es destinaran a col\u00b7laborar amb la Marat\u00f3 de la Pobresa.<\/p>\n<p>La jornada est\u00e0 adre\u00e7ada a ciutadans i ciutadanes, entitats, centres educatius, membres del Consell Municipal de Medi Ambient i Sostenibilitat (associacions de defensa de la natura, grups pol\u00edtics, sindicats).<\/p>\n<p>Hora: 10 h<br \/>\nPunt de trobada: Final del carrer Eucaliptus, tocant l&#8217;entrada del Canm\u00ed Vell de Torrelles<\/p>\n<p>Ens esperen a menjar i collir cireres solid\u00e0ries!<\/p>\n<p>I potser ens preguntarem per qu\u00e8 l\u2019Ajuntament est\u00e0 recuperant conreus de cirerers?<\/p>\n<p>El mosaic agro-forestal que conformen les muntanyes del Montbaig, Montpedr\u00f3s, PuigVicen\u00e7 i El Pi d&#8217;en Cartr\u00f3, tenen una vegetaci\u00f3 formada b\u00e0sicament per boscos de pi blanc, roures i alzines (poques) i que han colonitzat en els darrers 50 anys bona part de la superf\u00edcie que abans eren de vinyes i fruiters de muntanya.<\/p>\n<p>A mesura que la pagesia d&#8217;aquesta Vall es va fent gran, va abandonant les terres i al no haver-hi relleu generacional que les mantingui, esdevenen bosc colonitzat principalment per pi blanc.<\/p>\n<p>L&#8217;Ajuntament de Sant Boi, sensible a perdre aquest mosaic, ha assolit convenis de cessi\u00f3 d\u2019\u00fas amb els propietaris que abandonen les terres per tal que el bosc no avanci. Aix\u00ed, en aquestes zones de cirerers, tenim cura dels arbres i del s\u00f2l, i en conseq\u00fc\u00e8ncia hi ha collita de cireres.<\/p>\n<p>Des del Servei de Medi Ambient i Agricultura ens fan saber que, encara que la collita de cireres no \u00e9s la finalitat en si mateixa, les cireres que podrem collir dilluns s\u00f3n molt bones encara que som a les primerenques, varietats com la Burlat o la 4-70 i que cal dir que no s&#8217;ha utilitzat cap pesticida, ni cap adob, o per tant s\u00f3n del tot ecol\u00f2giques.<\/p>\n<\/div>\n","protected":false},"excerpt":{"rendered":"<p>Dilluns 28 de maig, i festiu a Sant Boi, es realitzar\u00e0 la Jornada Popular de Collita de Cireres en una finca forestal de la Vall de Santa B\u00e0rbara que l&#8217;Ajuntament est\u00e0 recuperant, en col\u00b7laboraci\u00f3 amb els seus propietaris, amb motiu de fomentar la biodiversitat i la prevenci\u00f3 d&#8217;incendis. Aquesta Jornada Popular de Collita de Cireres [&hellip;]<\/p>\n","protected":false},"author":9,"featured_media":0,"comment_status":"open","ping_status":"closed","sticky":false,"template":"","format":"standard","meta":{"_bbp_topic_count":0,"_bbp_reply_count":0,"_bbp_total_topic_count":0,"_bbp_total_reply_count":0,"_bbp_voice_count":0,"_bbp_anonymous_reply_count":0,"_bbp_topic_count_hidden":0,"_bbp_reply_count_hidden":0,"_bbp_forum_subforum_count":0,"site-sidebar-layout":"default","site-content-layout":"","ast-site-content-layout":"","site-content-style":"default","site-sidebar-style":"default","ast-global-header-display":"","ast-banner-title-visibility":"","ast-main-header-display":"","ast-hfb-above-header-display":"","ast-hfb-below-header-display":"","ast-hfb-mobile-header-display":"","site-post-title":"","ast-breadcrumbs-content":"","ast-featured-img":"","footer-sml-layout":"","theme-transparent-header-meta":"","adv-header-id-meta":"","stick-header-meta":"","header-above-stick-meta":"","header-main-stick-meta":"","header-below-stick-meta":"","astra-migrate-meta-layouts":"default","ast-page-background-enabled":"default","ast-page-background-meta":{"desktop":{"background-color":"var(--ast-global-color-4)","background-image":"","background-repeat":"repeat","background-position":"center center","background-size":"auto","background-attachment":"scroll","background-type":"","background-media":"","overlay-type":"","overlay-color":"","overlay-opacity":"","overlay-gradient":""},"tablet":{"background-color":"","background-image":"","background-repeat":"repeat","background-position":"center center","background-size":"auto","background-attachment":"scroll","background-type":"","background-media":"","overlay-type":"","overlay-color":"","overlay-opacity":"","overlay-gradient":""},"mobile":{"background-color":"","background-image":"","background-repeat":"repeat","background-position":"center center","background-size":"auto","background-attachment":"scroll","background-type":"","background-media":"","overlay-type":"","overlay-color":"","overlay-opacity":"","overlay-gradient":""}},"ast-content-background-meta":{"desktop":{"background-color":"var(--ast-global-color-5)","background-image":"","background-repeat":"repeat","background-position":"center center","background-size":"auto","background-attachment":"scroll","background-type":"","background-media":"","overlay-type":"","overlay-color":"","overlay-opacity":"","overlay-gradient":""},"tablet":{"background-color":"var(--ast-global-color-5)","background-image":"","background-repeat":"repeat","background-position":"center center","background-size":"auto","background-attachment":"scroll","background-type":"","background-media":"","overlay-type":"","overlay-color":"","overlay-opacity":"","overlay-gradient":""},"mobile":{"background-color":"var(--ast-global-color-5)","background-image":"","background-repeat":"repeat","background-position":"center center","background-size":"auto","background-attachment":"scroll","background-type":"","background-media":"","overlay-type":"","overlay-color":"","overlay-opacity":"","overlay-gradient":""}},"footnotes":""},"categories":[1],"tags":[],"class_list":["post-3247","post","type-post","status-publish","format-standard","hentry","category-general"],"post_mailing_queue_ids":[],"_links":{"self":[{"href":"https:\/\/agora.xtec.cat\/escolagaudisantboi\/wp-json\/wp\/v2\/posts\/3247","targetHints":{"allow":["GET"]}}],"collection":[{"href":"https:\/\/agora.xtec.cat\/escolagaudisantboi\/wp-json\/wp\/v2\/posts"}],"about":[{"href":"https:\/\/agora.xtec.cat\/escolagaudisantboi\/wp-json\/wp\/v2\/types\/post"}],"author":[{"embeddable":true,"href":"https:\/\/agora.xtec.cat\/escolagaudisantboi\/wp-json\/wp\/v2\/users\/9"}],"replies":[{"embeddable":true,"href":"https:\/\/agora.xtec.cat\/escolagaudisantboi\/wp-json\/wp\/v2\/comments?post=3247"}],"version-history":[{"count":2,"href":"https:\/\/agora.xtec.cat\/escolagaudisantboi\/wp-json\/wp\/v2\/posts\/3247\/revisions"}],"predecessor-version":[{"id":3249,"href":"https:\/\/agora.xtec.cat\/escolagaudisantboi\/wp-json\/wp\/v2\/posts\/3247\/revisions\/3249"}],"wp:attachment":[{"href":"https:\/\/agora.xtec.cat\/escolagaudisantboi\/wp-json\/wp\/v2\/media?parent=3247"}],"wp:term":[{"taxonomy":"category","embeddable":true,"href":"https:\/\/agora.xtec.cat\/escolagaudisantboi\/wp-json\/wp\/v2\/categories?post=3247"},{"taxonomy":"post_tag","embeddable":true,"href":"https:\/\/agora.xtec.cat\/escolagaudisantboi\/wp-json\/wp\/v2\/tags?post=3247"}],"curies":[{"name":"wp","href":"https:\/\/api.w.org\/{rel}","templated":true}]}}