{"id":3217,"date":"2011-07-09T12:56:20","date_gmt":"2011-07-09T10:56:20","guid":{"rendered":"https:\/\/agora.xtec.cat\/escolagaudisantboi\/?p=3217"},"modified":"2020-07-09T19:07:57","modified_gmt":"2020-07-09T17:07:57","slug":"castanyada-2011-3","status":"publish","type":"post","link":"https:\/\/agora.xtec.cat\/escolagaudisantboi\/general\/castanyada-2011-3\/","title":{"rendered":"Castanyada 2011"},"content":{"rendered":"<p>Ha arribat la tardor i la Castanyera ens ha visitat a l\u2019escola. Ens ha portat\u00a0moltes castanyes que vam menjar tots plegats. Hem fet panellets, pastissos i recollit fruits i fruites de tardor. I hem decorat tota l\u2019escola amb motius de tardor. Moltes gr\u00e0cies a les mares castanyeres, a les mares cuineres i a les mares delegades que ens han ajudat molt en aquesta festa.<\/p>\n<div class=\"ast-oembed-container \" style=\"height: 100%;\"><iframe loading=\"lazy\" title=\"Castanyada 2011\" width=\"500\" height=\"281\" src=\"https:\/\/www.youtube.com\/embed\/SD_7K1w-EEY?feature=oembed\" frameborder=\"0\" allow=\"accelerometer; autoplay; clipboard-write; encrypted-media; gyroscope; picture-in-picture; web-share\" referrerpolicy=\"strict-origin-when-cross-origin\" allowfullscreen><\/iframe><\/div>\n<div><strong>Exposici\u00f3 de tardor:<\/strong><\/div>\n<div>Al passad\u00eds de l\u2019entrada de l\u2019escola es va fer una gran exposici\u00f3 de fruits i fruites de tardor. Aix\u00ed mateix es podien veure els moniatos disfressats que havien fet alumnes de l\u2019escola amb l\u2019ajut de les fam\u00edlies. Quina creativitat tan desbordant hi ha amagada a cada casa!!! Ens ho apuntem!!!\u00a0<strong>HA QUEDAT PRECI\u00d3S !!!<\/strong><\/div>\n<div><\/div>\n<div><strong>Fem panellets:<\/strong><\/p>\n<div>Els alumnes de 1r i 2n han fet un taller de cuina i, per uns moments, amb els davantals posats, s\u2019han convertit en cuiners. I \u00e9s que el dia 27 d\u2019octubre, amb ajuda de mares de la classe, vam fer panellets seguint la recepta que hav\u00edem escrit. Ens ho vam passar d\u2019all\u00f2 m\u00e9s b\u00e9 i van quedar bon\u00edssims. Al dia seg\u00fcent, despr\u00e9s d\u2019haver-los posat al forn aquestes mares, ens els vam menjar. Si voleu saber-ne m\u00e9s o veure totes les fotos, mireu la web de l\u2019escola<\/div>\n<\/div>\n<div><strong>Fem pastissos:<\/strong><\/div>\n<div><strong>Els alumnes de 5\u00e8 i 6\u00e8<\/strong>\u00a0vam decidir celebrar la castanyada menjant castanyes i fent uns terror\u00edfics pastissos de\u00a0<strong>Halloween<\/strong>.<\/div>\n<div><\/div>\n<div>A la tarda ens els vam berenar tots junts i encara vam tenir temps d\u2019explicar hist\u00f2ries de por&#8230;<\/div>\n","protected":false},"excerpt":{"rendered":"<p>Ha arribat la tardor i la Castanyera ens ha visitat a l\u2019escola. Ens ha portat\u00a0moltes castanyes que vam menjar tots plegats. Hem fet panellets, pastissos i recollit fruits i fruites de tardor. I hem decorat tota l\u2019escola amb motius de tardor. Moltes gr\u00e0cies a les mares castanyeres, a les mares cuineres i a les mares [&hellip;]<\/p>\n","protected":false},"author":9,"featured_media":3218,"comment_status":"open","ping_status":"closed","sticky":false,"template":"","format":"standard","meta":{"_bbp_topic_count":0,"_bbp_reply_count":0,"_bbp_total_topic_count":0,"_bbp_total_reply_count":0,"_bbp_voice_count":0,"_bbp_anonymous_reply_count":0,"_bbp_topic_count_hidden":0,"_bbp_reply_count_hidden":0,"_bbp_forum_subforum_count":0,"site-sidebar-layout":"default","site-content-layout":"","ast-site-content-layout":"","site-content-style":"default","site-sidebar-style":"default","ast-global-header-display":"","ast-banner-title-visibility":"","ast-main-header-display":"","ast-hfb-above-header-display":"","ast-hfb-below-header-display":"","ast-hfb-mobile-header-display":"","site-post-title":"","ast-breadcrumbs-content":"","ast-featured-img":"","footer-sml-layout":"","theme-transparent-header-meta":"","adv-header-id-meta":"","stick-header-meta":"","header-above-stick-meta":"","header-main-stick-meta":"","header-below-stick-meta":"","astra-migrate-meta-layouts":"default","ast-page-background-enabled":"default","ast-page-background-meta":{"desktop":{"background-color":"var(--ast-global-color-4)","background-image":"","background-repeat":"repeat","background-position":"center center","background-size":"auto","background-attachment":"scroll","background-type":"","background-media":"","overlay-type":"","overlay-color":"","overlay-opacity":"","overlay-gradient":""},"tablet":{"background-color":"","background-image":"","background-repeat":"repeat","background-position":"center center","background-size":"auto","background-attachment":"scroll","background-type":"","background-media":"","overlay-type":"","overlay-color":"","overlay-opacity":"","overlay-gradient":""},"mobile":{"background-color":"","background-image":"","background-repeat":"repeat","background-position":"center center","background-size":"auto","background-attachment":"scroll","background-type":"","background-media":"","overlay-type":"","overlay-color":"","overlay-opacity":"","overlay-gradient":""}},"ast-content-background-meta":{"desktop":{"background-color":"var(--ast-global-color-5)","background-image":"","background-repeat":"repeat","background-position":"center center","background-size":"auto","background-attachment":"scroll","background-type":"","background-media":"","overlay-type":"","overlay-color":"","overlay-opacity":"","overlay-gradient":""},"tablet":{"background-color":"var(--ast-global-color-5)","background-image":"","background-repeat":"repeat","background-position":"center center","background-size":"auto","background-attachment":"scroll","background-type":"","background-media":"","overlay-type":"","overlay-color":"","overlay-opacity":"","overlay-gradient":""},"mobile":{"background-color":"var(--ast-global-color-5)","background-image":"","background-repeat":"repeat","background-position":"center center","background-size":"auto","background-attachment":"scroll","background-type":"","background-media":"","overlay-type":"","overlay-color":"","overlay-opacity":"","overlay-gradient":""}},"footnotes":""},"categories":[75,1,2,5],"tags":[101,68],"class_list":["post-3217","post","type-post","status-publish","format-standard","has-post-thumbnail","hentry","category-festes-populars","category-general","category-infantil","category-primaria","tag-carnaval","tag-festes"],"post_mailing_queue_ids":[],"_links":{"self":[{"href":"https:\/\/agora.xtec.cat\/escolagaudisantboi\/wp-json\/wp\/v2\/posts\/3217","targetHints":{"allow":["GET"]}}],"collection":[{"href":"https:\/\/agora.xtec.cat\/escolagaudisantboi\/wp-json\/wp\/v2\/posts"}],"about":[{"href":"https:\/\/agora.xtec.cat\/escolagaudisantboi\/wp-json\/wp\/v2\/types\/post"}],"author":[{"embeddable":true,"href":"https:\/\/agora.xtec.cat\/escolagaudisantboi\/wp-json\/wp\/v2\/users\/9"}],"replies":[{"embeddable":true,"href":"https:\/\/agora.xtec.cat\/escolagaudisantboi\/wp-json\/wp\/v2\/comments?post=3217"}],"version-history":[{"count":1,"href":"https:\/\/agora.xtec.cat\/escolagaudisantboi\/wp-json\/wp\/v2\/posts\/3217\/revisions"}],"predecessor-version":[{"id":3219,"href":"https:\/\/agora.xtec.cat\/escolagaudisantboi\/wp-json\/wp\/v2\/posts\/3217\/revisions\/3219"}],"wp:featuredmedia":[{"embeddable":true,"href":"https:\/\/agora.xtec.cat\/escolagaudisantboi\/wp-json\/wp\/v2\/media\/3218"}],"wp:attachment":[{"href":"https:\/\/agora.xtec.cat\/escolagaudisantboi\/wp-json\/wp\/v2\/media?parent=3217"}],"wp:term":[{"taxonomy":"category","embeddable":true,"href":"https:\/\/agora.xtec.cat\/escolagaudisantboi\/wp-json\/wp\/v2\/categories?post=3217"},{"taxonomy":"post_tag","embeddable":true,"href":"https:\/\/agora.xtec.cat\/escolagaudisantboi\/wp-json\/wp\/v2\/tags?post=3217"}],"curies":[{"name":"wp","href":"https:\/\/api.w.org\/{rel}","templated":true}]}}