{"id":3203,"date":"2010-07-09T11:41:36","date_gmt":"2010-07-09T09:41:36","guid":{"rendered":"https:\/\/agora.xtec.cat\/escolagaudisantboi\/?p=3203"},"modified":"2020-07-09T11:52:43","modified_gmt":"2020-07-09T09:52:43","slug":"concerts-de-nadal-2010","status":"publish","type":"post","link":"https:\/\/agora.xtec.cat\/escolagaudisantboi\/general\/concerts-de-nadal-2010\/","title":{"rendered":"Concerts de Nadal 2010"},"content":{"rendered":"<p>Benvolgudes fam\u00edlies, ple absolut per veure el concert de Nadal!<\/p>\n<p><strong>Us desitgem unes bones festes i un fant\u00e0stic 2011<\/strong><\/p>\n<p style=\"text-align: center;\"><strong>TOTES LES ACTUACIONS DISPONIBLES!<\/strong><\/p>\n<p style=\"text-align: center;\">\n<p style=\"text-align: center;\">\n<p style=\"text-align: center;\">Els nens i nenes d&#8217;Educaci\u00f3 infantil han fet un poema i una nadala:<br \/>\n<strong>P3<\/strong>\u00a0<strong>A\/B<\/strong>\u00a0Poema:\u00a0<em>Mil petons<\/em>. Nadala:\u00a0<em>El trineu<\/em>.<\/p>\n<p style=\"text-align: center;\"><strong>P4<\/strong>\u00a0Poema:\u00a0<em>Alegra&#8217;t panxeta<\/em>. Nadala:\u00a0<em>Amb la llum del fanalet<\/em>.<\/p>\n<p style=\"text-align: center;\"><strong>P5<\/strong>\u00a0Poema:\u00a0<em>La nit del Nadal<\/em>. Nadala:\u00a0<em>Som Amics.<\/em><\/p>\n<p style=\"text-align: center;\">\nEls nens i nenes de prim\u00e0ria han cantat aquestes amb el Jes\u00fas al piano:<\/p>\n<p style=\"text-align: center;\"><strong>Primer:<\/strong>\u00a0<em>El dimoni escuat.<\/em><br \/>\n<strong>Segon:<\/strong>\u00a0<em>A Betlem me&#8217;n vull anar.<\/em><br \/>\n<strong>Tercer:<\/strong>\u00a0<em>El pobret alegr<\/em><em>e<\/em>.<br \/>\n<strong>Quart:<\/strong>\u00a0<em>La pastora Caterina<\/em><br \/>\n<strong>Cinqu\u00e8:<\/strong>\u00a0<em>Les dotze van tocan.<\/em><br \/>\n<strong>Sis\u00e8:<\/strong>\u00a0<em>Sant josep fa bugada.<\/em><strong><br \/>\n<\/strong><\/p>\n<p style=\"text-align: center;\">\u00a0I les mares i pares dels alumnes amb els mestres amb el Jes\u00fas al piano:<br \/>\n<strong>Mares, pares, mestres i conserges<\/strong>:\u00a0<em>El caganer.<\/em><\/p>\n<p style=\"text-align: center;\"><strong>Resum escola i preses falses.<\/strong><\/p>\n<p>https:\/\/youtu.be\/NzI8-gYberI<\/p>\n<p>https:\/\/youtu.be\/nflPQjLE1sE<\/p>\n<p>https:\/\/youtu.be\/3Nd9328mr0c<\/p>\n<p>https:\/\/youtu.be\/eb11b3aryDo<\/p>\n<p>https:\/\/youtu.be\/WURYyeEKEmc<\/p>\n<p>https:\/\/youtu.be\/Ka8kKtRgJys<\/p>\n<p>https:\/\/youtu.be\/o771KSa-Rjg<\/p>\n<p>https:\/\/youtu.be\/pGB4-AfU7mU<\/p>\n<p>https:\/\/youtu.be\/0Q62faNqeBo<\/p>\n<p>https:\/\/youtu.be\/h04JSFjM-RA<\/p>\n<p>https:\/\/youtu.be\/eE3PdCrSFlg<\/p>\n","protected":false},"excerpt":{"rendered":"<p>Benvolgudes fam\u00edlies, ple absolut per veure el concert de Nadal! Us desitgem unes bones festes i un fant\u00e0stic 2011 TOTES LES ACTUACIONS DISPONIBLES! Els nens i nenes d&#8217;Educaci\u00f3 infantil han fet un poema i una nadala: P3\u00a0A\/B\u00a0Poema:\u00a0Mil petons. Nadala:\u00a0El trineu. P4\u00a0Poema:\u00a0Alegra&#8217;t panxeta. Nadala:\u00a0Amb la llum del fanalet. P5\u00a0Poema:\u00a0La nit del Nadal. Nadala:\u00a0Som Amics. Els nens [&hellip;]<\/p>\n","protected":false},"author":9,"featured_media":3204,"comment_status":"open","ping_status":"closed","sticky":false,"template":"","format":"standard","meta":{"_bbp_topic_count":0,"_bbp_reply_count":0,"_bbp_total_topic_count":0,"_bbp_total_reply_count":0,"_bbp_voice_count":0,"_bbp_anonymous_reply_count":0,"_bbp_topic_count_hidden":0,"_bbp_reply_count_hidden":0,"_bbp_forum_subforum_count":0,"site-sidebar-layout":"default","site-content-layout":"","ast-site-content-layout":"","site-content-style":"default","site-sidebar-style":"default","ast-global-header-display":"","ast-banner-title-visibility":"","ast-main-header-display":"","ast-hfb-above-header-display":"","ast-hfb-below-header-display":"","ast-hfb-mobile-header-display":"","site-post-title":"","ast-breadcrumbs-content":"","ast-featured-img":"","footer-sml-layout":"","theme-transparent-header-meta":"","adv-header-id-meta":"","stick-header-meta":"","header-above-stick-meta":"","header-main-stick-meta":"","header-below-stick-meta":"","astra-migrate-meta-layouts":"default","ast-page-background-enabled":"default","ast-page-background-meta":{"desktop":{"background-color":"var(--ast-global-color-4)","background-image":"","background-repeat":"repeat","background-position":"center center","background-size":"auto","background-attachment":"scroll","background-type":"","background-media":"","overlay-type":"","overlay-color":"","overlay-opacity":"","overlay-gradient":""},"tablet":{"background-color":"","background-image":"","background-repeat":"repeat","background-position":"center center","background-size":"auto","background-attachment":"scroll","background-type":"","background-media":"","overlay-type":"","overlay-color":"","overlay-opacity":"","overlay-gradient":""},"mobile":{"background-color":"","background-image":"","background-repeat":"repeat","background-position":"center center","background-size":"auto","background-attachment":"scroll","background-type":"","background-media":"","overlay-type":"","overlay-color":"","overlay-opacity":"","overlay-gradient":""}},"ast-content-background-meta":{"desktop":{"background-color":"var(--ast-global-color-5)","background-image":"","background-repeat":"repeat","background-position":"center center","background-size":"auto","background-attachment":"scroll","background-type":"","background-media":"","overlay-type":"","overlay-color":"","overlay-opacity":"","overlay-gradient":""},"tablet":{"background-color":"var(--ast-global-color-5)","background-image":"","background-repeat":"repeat","background-position":"center center","background-size":"auto","background-attachment":"scroll","background-type":"","background-media":"","overlay-type":"","overlay-color":"","overlay-opacity":"","overlay-gradient":""},"mobile":{"background-color":"var(--ast-global-color-5)","background-image":"","background-repeat":"repeat","background-position":"center center","background-size":"auto","background-attachment":"scroll","background-type":"","background-media":"","overlay-type":"","overlay-color":"","overlay-opacity":"","overlay-gradient":""}},"footnotes":""},"categories":[1],"tags":[68,122],"class_list":["post-3203","post","type-post","status-publish","format-standard","has-post-thumbnail","hentry","category-general","tag-festes","tag-nadal"],"post_mailing_queue_ids":[],"_links":{"self":[{"href":"https:\/\/agora.xtec.cat\/escolagaudisantboi\/wp-json\/wp\/v2\/posts\/3203","targetHints":{"allow":["GET"]}}],"collection":[{"href":"https:\/\/agora.xtec.cat\/escolagaudisantboi\/wp-json\/wp\/v2\/posts"}],"about":[{"href":"https:\/\/agora.xtec.cat\/escolagaudisantboi\/wp-json\/wp\/v2\/types\/post"}],"author":[{"embeddable":true,"href":"https:\/\/agora.xtec.cat\/escolagaudisantboi\/wp-json\/wp\/v2\/users\/9"}],"replies":[{"embeddable":true,"href":"https:\/\/agora.xtec.cat\/escolagaudisantboi\/wp-json\/wp\/v2\/comments?post=3203"}],"version-history":[{"count":1,"href":"https:\/\/agora.xtec.cat\/escolagaudisantboi\/wp-json\/wp\/v2\/posts\/3203\/revisions"}],"predecessor-version":[{"id":3205,"href":"https:\/\/agora.xtec.cat\/escolagaudisantboi\/wp-json\/wp\/v2\/posts\/3203\/revisions\/3205"}],"wp:featuredmedia":[{"embeddable":true,"href":"https:\/\/agora.xtec.cat\/escolagaudisantboi\/wp-json\/wp\/v2\/media\/3204"}],"wp:attachment":[{"href":"https:\/\/agora.xtec.cat\/escolagaudisantboi\/wp-json\/wp\/v2\/media?parent=3203"}],"wp:term":[{"taxonomy":"category","embeddable":true,"href":"https:\/\/agora.xtec.cat\/escolagaudisantboi\/wp-json\/wp\/v2\/categories?post=3203"},{"taxonomy":"post_tag","embeddable":true,"href":"https:\/\/agora.xtec.cat\/escolagaudisantboi\/wp-json\/wp\/v2\/tags?post=3203"}],"curies":[{"name":"wp","href":"https:\/\/api.w.org\/{rel}","templated":true}]}}