{"id":3196,"date":"2020-07-01T14:40:54","date_gmt":"2020-07-01T12:40:54","guid":{"rendered":"https:\/\/agora.xtec.cat\/escolagaudisantboi\/?p=3196"},"modified":"2020-07-01T14:40:54","modified_gmt":"2020-07-01T12:40:54","slug":"que-els-contes-no-sacabin-mai-un-democions","status":"publish","type":"post","link":"https:\/\/agora.xtec.cat\/escolagaudisantboi\/general\/que-els-contes-no-sacabin-mai-un-democions\/","title":{"rendered":"Que els contes no s&#8217;acabin mai!! Un d&#8217;emocions"},"content":{"rendered":"<p style=\"text-align: justify;\">El Nahom de 5\u00e8, amb la seva gata d&#8217;espectadora, ens explica <em><strong>&#8220;El Monstre de Colors&#8221;<\/strong><\/em>, un bonic i profit\u00f3s conte per acabar aquesta secci\u00f3 i donar pas a les vacances d&#8217;estiu.<\/p>\n<p dir=\"auto\" style=\"text-align: justify;\">Escoltem-lo i que no se&#8217;ns barregin les emocions!<\/p>\n<p dir=\"auto\" style=\"text-align: justify;\">Que la calma verda ens acompanyi aquest estiu i ens faci sentir en pau!<\/p>\n<p dir=\"auto\" style=\"text-align: justify;\">Que al costat del sol brilli l&#8217;alegria groga!<\/p>\n<p dir=\"auto\" style=\"text-align: justify;\">Que nom\u00e9s sentim tristesa blava perqu\u00e8 trobem a faltar les amigues i els amics!<\/p>\n<p dir=\"auto\" style=\"text-align: justify;\">Que no ens abrasi gaire el foc de la r\u00e0bia vermella i que la por negra no ens faci sentir petits i insegurs.<\/p>\n<p dir=\"auto\" style=\"text-align: justify;\">Que aquest estiu no hi hagi altres contagis que el de l&#8217;alegria!!!<\/p>\n<p dir=\"auto\" style=\"text-align: justify;\">Molt bon\u00a0 i EMOCIONANT estiu a tothom!!!<\/p>\n<p dir=\"auto\" style=\"text-align: justify;\">GAUDIU DEL CONTE I DE LES VACANCES! MOLTS PETONS I ABRA\u00c7ADES!!<\/p>\n<div class=\"ast-oembed-container \" style=\"height: 100%;\"><iframe loading=\"lazy\" title=\"Que els contes no acabin mai_Nahom\" width=\"500\" height=\"281\" src=\"https:\/\/www.youtube.com\/embed\/eMmMvo8Sf2o?feature=oembed\" frameborder=\"0\" allow=\"accelerometer; autoplay; clipboard-write; encrypted-media; gyroscope; picture-in-picture; web-share\" referrerpolicy=\"strict-origin-when-cross-origin\" allowfullscreen><\/iframe><\/div>\n<p dir=\"auto\">\n","protected":false},"excerpt":{"rendered":"<p>El Nahom de 5\u00e8, amb la seva gata d&#8217;espectadora, ens explica &#8220;El Monstre de Colors&#8221;, un bonic i profit\u00f3s conte per acabar aquesta secci\u00f3 i donar pas a les vacances d&#8217;estiu. Escoltem-lo i que no se&#8217;ns barregin les emocions! Que la calma verda ens acompanyi aquest estiu i ens faci sentir en pau! Que al [&hellip;]<\/p>\n","protected":false},"author":1,"featured_media":3198,"comment_status":"open","ping_status":"closed","sticky":false,"template":"","format":"standard","meta":{"_bbp_topic_count":0,"_bbp_reply_count":0,"_bbp_total_topic_count":0,"_bbp_total_reply_count":0,"_bbp_voice_count":0,"_bbp_anonymous_reply_count":0,"_bbp_topic_count_hidden":0,"_bbp_reply_count_hidden":0,"_bbp_forum_subforum_count":0,"site-sidebar-layout":"default","site-content-layout":"","ast-site-content-layout":"","site-content-style":"default","site-sidebar-style":"default","ast-global-header-display":"","ast-banner-title-visibility":"","ast-main-header-display":"","ast-hfb-above-header-display":"","ast-hfb-below-header-display":"","ast-hfb-mobile-header-display":"","site-post-title":"","ast-breadcrumbs-content":"","ast-featured-img":"","footer-sml-layout":"","theme-transparent-header-meta":"","adv-header-id-meta":"","stick-header-meta":"","header-above-stick-meta":"","header-main-stick-meta":"","header-below-stick-meta":"","astra-migrate-meta-layouts":"default","ast-page-background-enabled":"default","ast-page-background-meta":{"desktop":{"background-color":"var(--ast-global-color-4)","background-image":"","background-repeat":"repeat","background-position":"center center","background-size":"auto","background-attachment":"scroll","background-type":"","background-media":"","overlay-type":"","overlay-color":"","overlay-opacity":"","overlay-gradient":""},"tablet":{"background-color":"","background-image":"","background-repeat":"repeat","background-position":"center center","background-size":"auto","background-attachment":"scroll","background-type":"","background-media":"","overlay-type":"","overlay-color":"","overlay-opacity":"","overlay-gradient":""},"mobile":{"background-color":"","background-image":"","background-repeat":"repeat","background-position":"center center","background-size":"auto","background-attachment":"scroll","background-type":"","background-media":"","overlay-type":"","overlay-color":"","overlay-opacity":"","overlay-gradient":""}},"ast-content-background-meta":{"desktop":{"background-color":"var(--ast-global-color-5)","background-image":"","background-repeat":"repeat","background-position":"center center","background-size":"auto","background-attachment":"scroll","background-type":"","background-media":"","overlay-type":"","overlay-color":"","overlay-opacity":"","overlay-gradient":""},"tablet":{"background-color":"var(--ast-global-color-5)","background-image":"","background-repeat":"repeat","background-position":"center center","background-size":"auto","background-attachment":"scroll","background-type":"","background-media":"","overlay-type":"","overlay-color":"","overlay-opacity":"","overlay-gradient":""},"mobile":{"background-color":"var(--ast-global-color-5)","background-image":"","background-repeat":"repeat","background-position":"center center","background-size":"auto","background-attachment":"scroll","background-type":"","background-media":"","overlay-type":"","overlay-color":"","overlay-opacity":"","overlay-gradient":""}},"footnotes":""},"categories":[110,61,102,1,4,119],"tags":[],"class_list":["post-3196","post","type-post","status-publish","format-standard","has-post-thumbnail","hentry","category-alumnes-accio","category-biblio","category-ens-quedem-a-casa","category-general","category-portada","category-que-els-contes-no-sacabin-mai"],"post_mailing_queue_ids":[],"_links":{"self":[{"href":"https:\/\/agora.xtec.cat\/escolagaudisantboi\/wp-json\/wp\/v2\/posts\/3196","targetHints":{"allow":["GET"]}}],"collection":[{"href":"https:\/\/agora.xtec.cat\/escolagaudisantboi\/wp-json\/wp\/v2\/posts"}],"about":[{"href":"https:\/\/agora.xtec.cat\/escolagaudisantboi\/wp-json\/wp\/v2\/types\/post"}],"author":[{"embeddable":true,"href":"https:\/\/agora.xtec.cat\/escolagaudisantboi\/wp-json\/wp\/v2\/users\/1"}],"replies":[{"embeddable":true,"href":"https:\/\/agora.xtec.cat\/escolagaudisantboi\/wp-json\/wp\/v2\/comments?post=3196"}],"version-history":[{"count":2,"href":"https:\/\/agora.xtec.cat\/escolagaudisantboi\/wp-json\/wp\/v2\/posts\/3196\/revisions"}],"predecessor-version":[{"id":3199,"href":"https:\/\/agora.xtec.cat\/escolagaudisantboi\/wp-json\/wp\/v2\/posts\/3196\/revisions\/3199"}],"wp:featuredmedia":[{"embeddable":true,"href":"https:\/\/agora.xtec.cat\/escolagaudisantboi\/wp-json\/wp\/v2\/media\/3198"}],"wp:attachment":[{"href":"https:\/\/agora.xtec.cat\/escolagaudisantboi\/wp-json\/wp\/v2\/media?parent=3196"}],"wp:term":[{"taxonomy":"category","embeddable":true,"href":"https:\/\/agora.xtec.cat\/escolagaudisantboi\/wp-json\/wp\/v2\/categories?post=3196"},{"taxonomy":"post_tag","embeddable":true,"href":"https:\/\/agora.xtec.cat\/escolagaudisantboi\/wp-json\/wp\/v2\/tags?post=3196"}],"curies":[{"name":"wp","href":"https:\/\/api.w.org\/{rel}","templated":true}]}}