{"id":3193,"date":"2020-06-30T08:30:42","date_gmt":"2020-06-30T06:30:42","guid":{"rendered":"https:\/\/agora.xtec.cat\/escolagaudisantboi\/?p=3193"},"modified":"2020-06-30T07:23:03","modified_gmt":"2020-06-30T05:23:03","slug":"que-els-contes-no-sacabin-mai-dos-den-rodari","status":"publish","type":"post","link":"https:\/\/agora.xtec.cat\/escolagaudisantboi\/general\/que-els-contes-no-sacabin-mai-dos-den-rodari\/","title":{"rendered":"Que els contes no s&#8217;acabin mai!! Dos d&#8217;en Rodari"},"content":{"rendered":"<p style=\"text-align: justify;\">L&#8217;\u00c0lex i la Doua de 5\u00e8 ens recorden dos contes d&#8217;en Gianni Rodari.<\/p>\n<p dir=\"auto\" style=\"text-align: justify;\">L&#8217;\u00c0lex ens explica <strong><em>&#8220;El sem\u00e0for blau&#8221;<\/em><\/strong>, l&#8217;original hist\u00f2ria d&#8217;un sem\u00e0for que no tenia els colors habituals dels sem\u00e0fors: vermell, verd i \u00e0mbar.<\/p>\n<p dir=\"auto\" style=\"text-align: justify;\">Nom\u00e9s tenia el color blau per\u00f2 la gent no l&#8217;entenia. Ll\u00e0stima perqu\u00e8 ell els volia donar pas lliure cap al cel perqu\u00e8 aprenguessin a volar!!<\/p>\n<p dir=\"auto\" style=\"text-align: justify;\">La Doua ens explica <strong><em>&#8220;El bon Gibert&#8221;<\/em><\/strong>, aquell nen que segueix fil per randa un comentari que sent: &#8220;aquella nena s&#8217;estima tant la mare que fins i tot li duria aigua amb les orelles&#8221;<\/p>\n<p dir=\"auto\" style=\"text-align: justify;\">Gibert val m\u00e9s que portis aigua amb la galleda, li mostrar\u00e0s a la mare que l&#8217;estimes igual i a m\u00e9s a m\u00e9s tindreu aigua.<\/p>\n<p dir=\"auto\" style=\"text-align: justify;\">Tornem a recordar l&#8217;originalitat i les hist\u00f2ries esbojarrades d&#8217;en Rodari.<\/p>\n<p dir=\"auto\" style=\"text-align: justify;\">BON DIA I GAUDIU DELS CONTES!<\/p>\n<div class=\"ast-oembed-container \" style=\"height: 100%;\"><iframe loading=\"lazy\" title=\"Que els contes no acabin mai_Alex_Douaa\" width=\"500\" height=\"281\" src=\"https:\/\/www.youtube.com\/embed\/Wz07TIvfrfk?feature=oembed\" frameborder=\"0\" allow=\"accelerometer; autoplay; clipboard-write; encrypted-media; gyroscope; picture-in-picture; web-share\" referrerpolicy=\"strict-origin-when-cross-origin\" allowfullscreen><\/iframe><\/div>\n","protected":false},"excerpt":{"rendered":"<p>L&#8217;\u00c0lex i la Doua de 5\u00e8 ens recorden dos contes d&#8217;en Gianni Rodari. L&#8217;\u00c0lex ens explica &#8220;El sem\u00e0for blau&#8221;, l&#8217;original hist\u00f2ria d&#8217;un sem\u00e0for que no tenia els colors habituals dels sem\u00e0fors: vermell, verd i \u00e0mbar. Nom\u00e9s tenia el color blau per\u00f2 la gent no l&#8217;entenia. Ll\u00e0stima perqu\u00e8 ell els volia donar pas lliure cap al [&hellip;]<\/p>\n","protected":false},"author":1,"featured_media":2304,"comment_status":"open","ping_status":"closed","sticky":false,"template":"","format":"standard","meta":{"_bbp_topic_count":0,"_bbp_reply_count":0,"_bbp_total_topic_count":0,"_bbp_total_reply_count":0,"_bbp_voice_count":0,"_bbp_anonymous_reply_count":0,"_bbp_topic_count_hidden":0,"_bbp_reply_count_hidden":0,"_bbp_forum_subforum_count":0,"site-sidebar-layout":"default","site-content-layout":"","ast-site-content-layout":"","site-content-style":"default","site-sidebar-style":"default","ast-global-header-display":"","ast-banner-title-visibility":"","ast-main-header-display":"","ast-hfb-above-header-display":"","ast-hfb-below-header-display":"","ast-hfb-mobile-header-display":"","site-post-title":"","ast-breadcrumbs-content":"","ast-featured-img":"","footer-sml-layout":"","theme-transparent-header-meta":"","adv-header-id-meta":"","stick-header-meta":"","header-above-stick-meta":"","header-main-stick-meta":"","header-below-stick-meta":"","astra-migrate-meta-layouts":"default","ast-page-background-enabled":"default","ast-page-background-meta":{"desktop":{"background-color":"var(--ast-global-color-4)","background-image":"","background-repeat":"repeat","background-position":"center center","background-size":"auto","background-attachment":"scroll","background-type":"","background-media":"","overlay-type":"","overlay-color":"","overlay-opacity":"","overlay-gradient":""},"tablet":{"background-color":"","background-image":"","background-repeat":"repeat","background-position":"center center","background-size":"auto","background-attachment":"scroll","background-type":"","background-media":"","overlay-type":"","overlay-color":"","overlay-opacity":"","overlay-gradient":""},"mobile":{"background-color":"","background-image":"","background-repeat":"repeat","background-position":"center center","background-size":"auto","background-attachment":"scroll","background-type":"","background-media":"","overlay-type":"","overlay-color":"","overlay-opacity":"","overlay-gradient":""}},"ast-content-background-meta":{"desktop":{"background-color":"var(--ast-global-color-5)","background-image":"","background-repeat":"repeat","background-position":"center center","background-size":"auto","background-attachment":"scroll","background-type":"","background-media":"","overlay-type":"","overlay-color":"","overlay-opacity":"","overlay-gradient":""},"tablet":{"background-color":"var(--ast-global-color-5)","background-image":"","background-repeat":"repeat","background-position":"center center","background-size":"auto","background-attachment":"scroll","background-type":"","background-media":"","overlay-type":"","overlay-color":"","overlay-opacity":"","overlay-gradient":""},"mobile":{"background-color":"var(--ast-global-color-5)","background-image":"","background-repeat":"repeat","background-position":"center center","background-size":"auto","background-attachment":"scroll","background-type":"","background-media":"","overlay-type":"","overlay-color":"","overlay-opacity":"","overlay-gradient":""}},"footnotes":""},"categories":[110,61,102,1,4,119],"tags":[],"class_list":["post-3193","post","type-post","status-publish","format-standard","has-post-thumbnail","hentry","category-alumnes-accio","category-biblio","category-ens-quedem-a-casa","category-general","category-portada","category-que-els-contes-no-sacabin-mai"],"post_mailing_queue_ids":[],"_links":{"self":[{"href":"https:\/\/agora.xtec.cat\/escolagaudisantboi\/wp-json\/wp\/v2\/posts\/3193","targetHints":{"allow":["GET"]}}],"collection":[{"href":"https:\/\/agora.xtec.cat\/escolagaudisantboi\/wp-json\/wp\/v2\/posts"}],"about":[{"href":"https:\/\/agora.xtec.cat\/escolagaudisantboi\/wp-json\/wp\/v2\/types\/post"}],"author":[{"embeddable":true,"href":"https:\/\/agora.xtec.cat\/escolagaudisantboi\/wp-json\/wp\/v2\/users\/1"}],"replies":[{"embeddable":true,"href":"https:\/\/agora.xtec.cat\/escolagaudisantboi\/wp-json\/wp\/v2\/comments?post=3193"}],"version-history":[{"count":2,"href":"https:\/\/agora.xtec.cat\/escolagaudisantboi\/wp-json\/wp\/v2\/posts\/3193\/revisions"}],"predecessor-version":[{"id":3195,"href":"https:\/\/agora.xtec.cat\/escolagaudisantboi\/wp-json\/wp\/v2\/posts\/3193\/revisions\/3195"}],"wp:featuredmedia":[{"embeddable":true,"href":"https:\/\/agora.xtec.cat\/escolagaudisantboi\/wp-json\/wp\/v2\/media\/2304"}],"wp:attachment":[{"href":"https:\/\/agora.xtec.cat\/escolagaudisantboi\/wp-json\/wp\/v2\/media?parent=3193"}],"wp:term":[{"taxonomy":"category","embeddable":true,"href":"https:\/\/agora.xtec.cat\/escolagaudisantboi\/wp-json\/wp\/v2\/categories?post=3193"},{"taxonomy":"post_tag","embeddable":true,"href":"https:\/\/agora.xtec.cat\/escolagaudisantboi\/wp-json\/wp\/v2\/tags?post=3193"}],"curies":[{"name":"wp","href":"https:\/\/api.w.org\/{rel}","templated":true}]}}