{"id":3144,"date":"2020-06-20T09:45:26","date_gmt":"2020-06-20T07:45:26","guid":{"rendered":"https:\/\/agora.xtec.cat\/escolagaudisantboi\/?p=3144"},"modified":"2020-06-20T08:07:18","modified_gmt":"2020-06-20T06:07:18","slug":"que-els-contes-no-sacabin-mai-un-de-molts-llocs","status":"publish","type":"post","link":"https:\/\/agora.xtec.cat\/escolagaudisantboi\/general\/que-els-contes-no-sacabin-mai-un-de-molts-llocs\/","title":{"rendered":"Que els contes no s&#8217;acabin mai!! Un de molts llocs"},"content":{"rendered":"<p style=\"text-align: justify;\">El Yannis de 5\u00e8 ens explica <strong><em>&#8220;La Camila se&#8217;n va de vacances&#8221;<\/em><\/strong>, un conte petit\u00f3 per\u00f2 que ens porta a molts llocs.<\/p>\n<p dir=\"auto\" style=\"text-align: justify;\">La Camila i la seva fam\u00edlia volen anar de vacances i han de triar un lloc:<\/p>\n<p dir=\"auto\" style=\"text-align: justify;\">&#8220;Aquest lloc \u00e9s molt bonic per\u00f2 \u00e9s massa lluny, aquest \u00e9s m\u00e9s a prop per\u00f2 pot ser arriscat&#8230;.&#8221;<\/p>\n<p dir=\"auto\" style=\"text-align: justify;\">Tot t\u00e9 el seu costat positiu i un altre que no ho \u00e9s tant.<\/p>\n<p dir=\"auto\" style=\"text-align: justify;\">Per\u00f2 sabeu qu\u00e8 tenim les persones que ens permet viatjar a tot arreu? Exacte, ho heu encertat, la IMAGINACI\u00d3!<\/p>\n<p dir=\"auto\" style=\"text-align: justify;\">Al final la Camila va a un lloc que tots coneixeu molt b\u00e9, des d&#8217;on pot arribar a tots els llocs!!<\/p>\n<p dir=\"auto\" style=\"text-align: justify;\">Si encara no heu triat on anireu de vacances o us heu de quedar a casa, no patiu, aneu a la platja i podreu viatjar molt lluny!!<\/p>\n<p dir=\"auto\" style=\"text-align: justify;\">BONES VACANCES I GAUDIU DEL CONTE!<\/p>\n<div class=\"ast-oembed-container \" style=\"height: 100%;\"><iframe loading=\"lazy\" title=\"Que els contes no acabin mai_Yannis\" width=\"500\" height=\"281\" src=\"https:\/\/www.youtube.com\/embed\/MbVLPZxTQbg?feature=oembed\" frameborder=\"0\" allow=\"accelerometer; autoplay; clipboard-write; encrypted-media; gyroscope; picture-in-picture; web-share\" referrerpolicy=\"strict-origin-when-cross-origin\" allowfullscreen><\/iframe><\/div>\n","protected":false},"excerpt":{"rendered":"<p>El Yannis de 5\u00e8 ens explica &#8220;La Camila se&#8217;n va de vacances&#8221;, un conte petit\u00f3 per\u00f2 que ens porta a molts llocs. La Camila i la seva fam\u00edlia volen anar de vacances i han de triar un lloc: &#8220;Aquest lloc \u00e9s molt bonic per\u00f2 \u00e9s massa lluny, aquest \u00e9s m\u00e9s a prop per\u00f2 pot ser [&hellip;]<\/p>\n","protected":false},"author":1,"featured_media":3146,"comment_status":"open","ping_status":"closed","sticky":false,"template":"","format":"standard","meta":{"_bbp_topic_count":0,"_bbp_reply_count":0,"_bbp_total_topic_count":0,"_bbp_total_reply_count":0,"_bbp_voice_count":0,"_bbp_anonymous_reply_count":0,"_bbp_topic_count_hidden":0,"_bbp_reply_count_hidden":0,"_bbp_forum_subforum_count":0,"site-sidebar-layout":"default","site-content-layout":"","ast-site-content-layout":"","site-content-style":"default","site-sidebar-style":"default","ast-global-header-display":"","ast-banner-title-visibility":"","ast-main-header-display":"","ast-hfb-above-header-display":"","ast-hfb-below-header-display":"","ast-hfb-mobile-header-display":"","site-post-title":"","ast-breadcrumbs-content":"","ast-featured-img":"","footer-sml-layout":"","theme-transparent-header-meta":"","adv-header-id-meta":"","stick-header-meta":"","header-above-stick-meta":"","header-main-stick-meta":"","header-below-stick-meta":"","astra-migrate-meta-layouts":"default","ast-page-background-enabled":"default","ast-page-background-meta":{"desktop":{"background-color":"var(--ast-global-color-4)","background-image":"","background-repeat":"repeat","background-position":"center center","background-size":"auto","background-attachment":"scroll","background-type":"","background-media":"","overlay-type":"","overlay-color":"","overlay-opacity":"","overlay-gradient":""},"tablet":{"background-color":"","background-image":"","background-repeat":"repeat","background-position":"center center","background-size":"auto","background-attachment":"scroll","background-type":"","background-media":"","overlay-type":"","overlay-color":"","overlay-opacity":"","overlay-gradient":""},"mobile":{"background-color":"","background-image":"","background-repeat":"repeat","background-position":"center center","background-size":"auto","background-attachment":"scroll","background-type":"","background-media":"","overlay-type":"","overlay-color":"","overlay-opacity":"","overlay-gradient":""}},"ast-content-background-meta":{"desktop":{"background-color":"var(--ast-global-color-5)","background-image":"","background-repeat":"repeat","background-position":"center center","background-size":"auto","background-attachment":"scroll","background-type":"","background-media":"","overlay-type":"","overlay-color":"","overlay-opacity":"","overlay-gradient":""},"tablet":{"background-color":"var(--ast-global-color-5)","background-image":"","background-repeat":"repeat","background-position":"center center","background-size":"auto","background-attachment":"scroll","background-type":"","background-media":"","overlay-type":"","overlay-color":"","overlay-opacity":"","overlay-gradient":""},"mobile":{"background-color":"var(--ast-global-color-5)","background-image":"","background-repeat":"repeat","background-position":"center center","background-size":"auto","background-attachment":"scroll","background-type":"","background-media":"","overlay-type":"","overlay-color":"","overlay-opacity":"","overlay-gradient":""}},"footnotes":""},"categories":[110,61,102,1,4,119],"tags":[],"class_list":["post-3144","post","type-post","status-publish","format-standard","has-post-thumbnail","hentry","category-alumnes-accio","category-biblio","category-ens-quedem-a-casa","category-general","category-portada","category-que-els-contes-no-sacabin-mai"],"post_mailing_queue_ids":[],"_links":{"self":[{"href":"https:\/\/agora.xtec.cat\/escolagaudisantboi\/wp-json\/wp\/v2\/posts\/3144","targetHints":{"allow":["GET"]}}],"collection":[{"href":"https:\/\/agora.xtec.cat\/escolagaudisantboi\/wp-json\/wp\/v2\/posts"}],"about":[{"href":"https:\/\/agora.xtec.cat\/escolagaudisantboi\/wp-json\/wp\/v2\/types\/post"}],"author":[{"embeddable":true,"href":"https:\/\/agora.xtec.cat\/escolagaudisantboi\/wp-json\/wp\/v2\/users\/1"}],"replies":[{"embeddable":true,"href":"https:\/\/agora.xtec.cat\/escolagaudisantboi\/wp-json\/wp\/v2\/comments?post=3144"}],"version-history":[{"count":2,"href":"https:\/\/agora.xtec.cat\/escolagaudisantboi\/wp-json\/wp\/v2\/posts\/3144\/revisions"}],"predecessor-version":[{"id":3147,"href":"https:\/\/agora.xtec.cat\/escolagaudisantboi\/wp-json\/wp\/v2\/posts\/3144\/revisions\/3147"}],"wp:featuredmedia":[{"embeddable":true,"href":"https:\/\/agora.xtec.cat\/escolagaudisantboi\/wp-json\/wp\/v2\/media\/3146"}],"wp:attachment":[{"href":"https:\/\/agora.xtec.cat\/escolagaudisantboi\/wp-json\/wp\/v2\/media?parent=3144"}],"wp:term":[{"taxonomy":"category","embeddable":true,"href":"https:\/\/agora.xtec.cat\/escolagaudisantboi\/wp-json\/wp\/v2\/categories?post=3144"},{"taxonomy":"post_tag","embeddable":true,"href":"https:\/\/agora.xtec.cat\/escolagaudisantboi\/wp-json\/wp\/v2\/tags?post=3144"}],"curies":[{"name":"wp","href":"https:\/\/api.w.org\/{rel}","templated":true}]}}