{"id":3109,"date":"2020-06-18T09:00:02","date_gmt":"2020-06-18T07:00:02","guid":{"rendered":"https:\/\/agora.xtec.cat\/escolagaudisantboi\/?p=3109"},"modified":"2020-06-18T09:00:02","modified_gmt":"2020-06-18T07:00:02","slug":"que-els-contes-no-sacabin-mai-un-duna-a-que-vol-dir-no","status":"publish","type":"post","link":"https:\/\/agora.xtec.cat\/escolagaudisantboi\/general\/que-els-contes-no-sacabin-mai-un-duna-a-que-vol-dir-no\/","title":{"rendered":"Que els contes no s&#8217;acabin mai!! Un d&#8217;una A que vol dir NO"},"content":{"rendered":"<p style=\"text-align: justify;\">El Pol de 6\u00e8 ens explica el conte<b><i> &#8220;A de negaci\u00f3&#8221;. <\/i><\/b>El personatge del conte es troba a la consulta\u00a0 d&#8217;un metge una mica particular.<\/p>\n<p style=\"text-align: justify;\">Tots sabeu que hi ha paraules amb una &#8220;<b>A<\/b>&#8221; al davant, que significa &#8220;<b>no<\/b>&#8220;, \u00e9s a dir el contrari?<\/p>\n<p style=\"text-align: justify;\">Mirem-ne alguns exemples:<\/p>\n<p style=\"text-align: justify;\">De normal &#8211;\u00a0\u00a0<b>A<\/b>normal que vol dir, no normal.<\/p>\n<p style=\"text-align: justify;\">De moral &#8211;\u00a0<b>A<\/b>moral , que significa sense moral.<\/p>\n<p style=\"text-align: justify;\">De t\u00edpic &#8211;\u00a0<b>A<\/b>t\u00edpic , que vol dir poc t\u00edpic.<\/p>\n<p style=\"text-align: justify;\">De simptom\u00e0tic &#8211;\u00a0<b>A<\/b>simptom\u00e0tic que significa que t\u00e9 una malaltia per\u00f2 no t\u00e9 s\u00edmptomes. Aquesta paraula potser l&#8217;haurem sentit molt aquests dies.<\/p>\n<p style=\"text-align: justify;\">B\u00e9, doncs el metge del conte \u00e9s una persona original i bromista i fa jocs de paraules, juga i s&#8217;inventa paraules amb\u00a0<b>A<\/b>\u00a0de negaci\u00f3.<\/p>\n<p style=\"text-align: justify;\">Escolteu b\u00e9 el conte i veureu com n&#8217;\u00e9s\u00a0de divertit. Ai quin metge tan\u00a0<b>A<\/b>normal i\u00a0<b>A<\/b>t\u00edpic, fins i tot una mica\u00a0<b>A<\/b>moral, podr\u00edem dir!!<\/p>\n<p style=\"text-align: justify;\">BON DIA I GAUDIU DEL CONTE!<\/p>\n<div class=\"ast-oembed-container \" style=\"height: 100%;\"><iframe loading=\"lazy\" title=\"Que els contes no acabin mai_Pol\" width=\"500\" height=\"281\" src=\"https:\/\/www.youtube.com\/embed\/uaWA9G2xeuw?feature=oembed\" frameborder=\"0\" allow=\"accelerometer; autoplay; clipboard-write; encrypted-media; gyroscope; picture-in-picture; web-share\" referrerpolicy=\"strict-origin-when-cross-origin\" allowfullscreen><\/iframe><\/div>\n","protected":false},"excerpt":{"rendered":"<p>El Pol de 6\u00e8 ens explica el conte &#8220;A de negaci\u00f3&#8221;. El personatge del conte es troba a la consulta\u00a0 d&#8217;un metge una mica particular. Tots sabeu que hi ha paraules amb una &#8220;A&#8221; al davant, que significa &#8220;no&#8220;, \u00e9s a dir el contrari? Mirem-ne alguns exemples: De normal &#8211;\u00a0\u00a0Anormal que vol dir, no normal. [&hellip;]<\/p>\n","protected":false},"author":1,"featured_media":3110,"comment_status":"open","ping_status":"closed","sticky":false,"template":"","format":"standard","meta":{"_bbp_topic_count":0,"_bbp_reply_count":0,"_bbp_total_topic_count":0,"_bbp_total_reply_count":0,"_bbp_voice_count":0,"_bbp_anonymous_reply_count":0,"_bbp_topic_count_hidden":0,"_bbp_reply_count_hidden":0,"_bbp_forum_subforum_count":0,"site-sidebar-layout":"default","site-content-layout":"","ast-site-content-layout":"","site-content-style":"default","site-sidebar-style":"default","ast-global-header-display":"","ast-banner-title-visibility":"","ast-main-header-display":"","ast-hfb-above-header-display":"","ast-hfb-below-header-display":"","ast-hfb-mobile-header-display":"","site-post-title":"","ast-breadcrumbs-content":"","ast-featured-img":"","footer-sml-layout":"","theme-transparent-header-meta":"","adv-header-id-meta":"","stick-header-meta":"","header-above-stick-meta":"","header-main-stick-meta":"","header-below-stick-meta":"","astra-migrate-meta-layouts":"default","ast-page-background-enabled":"default","ast-page-background-meta":{"desktop":{"background-color":"var(--ast-global-color-4)","background-image":"","background-repeat":"repeat","background-position":"center center","background-size":"auto","background-attachment":"scroll","background-type":"","background-media":"","overlay-type":"","overlay-color":"","overlay-opacity":"","overlay-gradient":""},"tablet":{"background-color":"","background-image":"","background-repeat":"repeat","background-position":"center center","background-size":"auto","background-attachment":"scroll","background-type":"","background-media":"","overlay-type":"","overlay-color":"","overlay-opacity":"","overlay-gradient":""},"mobile":{"background-color":"","background-image":"","background-repeat":"repeat","background-position":"center center","background-size":"auto","background-attachment":"scroll","background-type":"","background-media":"","overlay-type":"","overlay-color":"","overlay-opacity":"","overlay-gradient":""}},"ast-content-background-meta":{"desktop":{"background-color":"var(--ast-global-color-5)","background-image":"","background-repeat":"repeat","background-position":"center center","background-size":"auto","background-attachment":"scroll","background-type":"","background-media":"","overlay-type":"","overlay-color":"","overlay-opacity":"","overlay-gradient":""},"tablet":{"background-color":"var(--ast-global-color-5)","background-image":"","background-repeat":"repeat","background-position":"center center","background-size":"auto","background-attachment":"scroll","background-type":"","background-media":"","overlay-type":"","overlay-color":"","overlay-opacity":"","overlay-gradient":""},"mobile":{"background-color":"var(--ast-global-color-5)","background-image":"","background-repeat":"repeat","background-position":"center center","background-size":"auto","background-attachment":"scroll","background-type":"","background-media":"","overlay-type":"","overlay-color":"","overlay-opacity":"","overlay-gradient":""}},"footnotes":""},"categories":[110,61,102,1,4,119],"tags":[],"class_list":["post-3109","post","type-post","status-publish","format-standard","has-post-thumbnail","hentry","category-alumnes-accio","category-biblio","category-ens-quedem-a-casa","category-general","category-portada","category-que-els-contes-no-sacabin-mai"],"post_mailing_queue_ids":[],"_links":{"self":[{"href":"https:\/\/agora.xtec.cat\/escolagaudisantboi\/wp-json\/wp\/v2\/posts\/3109","targetHints":{"allow":["GET"]}}],"collection":[{"href":"https:\/\/agora.xtec.cat\/escolagaudisantboi\/wp-json\/wp\/v2\/posts"}],"about":[{"href":"https:\/\/agora.xtec.cat\/escolagaudisantboi\/wp-json\/wp\/v2\/types\/post"}],"author":[{"embeddable":true,"href":"https:\/\/agora.xtec.cat\/escolagaudisantboi\/wp-json\/wp\/v2\/users\/1"}],"replies":[{"embeddable":true,"href":"https:\/\/agora.xtec.cat\/escolagaudisantboi\/wp-json\/wp\/v2\/comments?post=3109"}],"version-history":[{"count":1,"href":"https:\/\/agora.xtec.cat\/escolagaudisantboi\/wp-json\/wp\/v2\/posts\/3109\/revisions"}],"predecessor-version":[{"id":3111,"href":"https:\/\/agora.xtec.cat\/escolagaudisantboi\/wp-json\/wp\/v2\/posts\/3109\/revisions\/3111"}],"wp:featuredmedia":[{"embeddable":true,"href":"https:\/\/agora.xtec.cat\/escolagaudisantboi\/wp-json\/wp\/v2\/media\/3110"}],"wp:attachment":[{"href":"https:\/\/agora.xtec.cat\/escolagaudisantboi\/wp-json\/wp\/v2\/media?parent=3109"}],"wp:term":[{"taxonomy":"category","embeddable":true,"href":"https:\/\/agora.xtec.cat\/escolagaudisantboi\/wp-json\/wp\/v2\/categories?post=3109"},{"taxonomy":"post_tag","embeddable":true,"href":"https:\/\/agora.xtec.cat\/escolagaudisantboi\/wp-json\/wp\/v2\/tags?post=3109"}],"curies":[{"name":"wp","href":"https:\/\/api.w.org\/{rel}","templated":true}]}}