{"id":2965,"date":"2020-06-06T17:52:35","date_gmt":"2020-06-06T15:52:35","guid":{"rendered":"https:\/\/agora.xtec.cat\/escolagaudisantboi\/?p=2965"},"modified":"2020-06-06T17:52:35","modified_gmt":"2020-06-06T15:52:35","slug":"pla-obertura-escola-antoni-gaudi","status":"publish","type":"post","link":"https:\/\/agora.xtec.cat\/escolagaudisantboi\/general\/pla-obertura-escola-antoni-gaudi\/","title":{"rendered":"Pla Obertura Escola Antoni Gaud\u00ed"},"content":{"rendered":"<p style=\"text-align: justify;\">Ja sabeu que est\u00e0 previst que el proper <strong>8 de juny<\/strong> el nostre municipi entri en fase 2 i per tant es reobriran les escoles per donar resposta a unes necessitats concretes.<\/p>\n<p style=\"text-align: justify;\">Les activitats concretes que s\u2019oferiran han estat consensuades amb tots els centres de prim\u00e0ria p\u00fablics de Sant Boi i escrites en el nostre <strong>Pla d&#8217;obertura<\/strong>. La concreci\u00f3 de la nostra escola \u00e9s:<\/p>\n<ul>\n<li style=\"list-style-type: none;\">\n<ul style=\"text-align: justify; list-style-type: disc;\">\n<li><strong>Espai d&#8217;acollida a EI de 9h a 13h<\/strong>: \u00danicament per a fam\u00edlies on els dos progenitors treballen fora de casa, i no tenen possibilitat de flexibilitzaci\u00f3. <strong><em>(Cal haver fet la petici\u00f3 abans de l&#8217;inici de la reobertura a l&#8217;equip directiu).<\/em><\/strong><\/li>\n<li><strong>Acompanyament a l&#8217;alumnat de 6\u00e8 per part de les tutores<\/strong>: L&#8217;assist\u00e8ncia \u00e9s volunt\u00e0ria. Tenint en compte la demanda que han fet les fam\u00edlies es faran tres grups els quals vindran un mat\u00ed a la setmana de 9:15h a12:45h\n<ul style=\"list-style-type: disc;\">\n<li style=\"list-style-type: none;\">\n<ul style=\"list-style-type: disc;\">\n<li style=\"list-style-type: none;\">\n<ul style=\"list-style-type: disc;\">\n<li style=\"list-style-type: none;\">\n<ul style=\"list-style-type: square;\">\n<li>Grup 1, 6\u00e8A: dimarts 9 i 16 de juny<\/li>\n<li>Grup 2, 6\u00e8A: dijous 11 i 18 de juny<\/li>\n<li>Grup 3, 6\u00e8B: dimarts 9 i dijous 18 de juny<\/li>\n<\/ul>\n<\/li>\n<\/ul>\n<\/li>\n<\/ul>\n<\/li>\n<\/ul>\n<\/li>\n<li><strong>Tutories personalitzades de 1r a 5\u00e8:\u00a0<\/strong>Tant mestres com fam\u00edlies poden demanar una tutoria amb l&#8217;alumne o amb l&#8217;alumne i un progenitor. Cal demanar cita pr\u00e8via al tutor-a i posar-ho en coneixement de l&#8217;equip directiu. Preferentment es faran per videconfer\u00e8ncia o via telef\u00f2nica (per\u00f2 hi ha la possibilitat de fer-les presencials en horari de 9h a 13h)<\/li>\n<\/ul>\n<\/li>\n<\/ul>\n<p style=\"text-align: justify;\">L\u2019activitat escolar continuar\u00e0 telem\u00e0ticament fins al 19 de juny, \u00faltim dia del curs escolar, per a tots els nivells (des de P3 fins a 6\u00e8).<\/p>\n<p style=\"text-align: left;\">Aqu\u00ed teniu el link al <a href=\"https:\/\/agora.xtec.cat\/escolagaudisantboi\/wp-content\/uploads\/usu2030\/2020\/06\/PLA-DOBERTURA-ESCOLA-ANTONI-GAUD\u00cd_juny-2020.pdf\" target=\"_blank\" rel=\"noopener noreferrer\">PLA D&#8217;OBERTURA DEL GAUD\u00cd<\/a><\/p>\n<p style=\"text-align: justify;\">En cap cas es reanudaran les classes presencials, l\u2019activitat escolar continuar\u00e0 telem\u00e0ticament fins a l\u2019acabament del curs escolar (19 de juny).<\/p>\n<p>Documents de Declaraci\u00f3 responsable:<\/p>\n<p><a href=\"https:\/\/agora.xtec.cat\/escolagaudisantboi\/wp-content\/uploads\/usu2030\/2020\/06\/declaracio-responsable-6e.pdf\">Declaracio responsable 6\u00e8<\/a><\/p>\n<p><a href=\"https:\/\/agora.xtec.cat\/escolagaudisantboi\/wp-content\/uploads\/usu2030\/2020\/06\/Infantil.pdf\">Declaraci\u00f3 responsable infantil<\/a><\/p>\n","protected":false},"excerpt":{"rendered":"<p>Ja sabeu que est\u00e0 previst que el proper 8 de juny el nostre municipi entri en fase 2 i per tant es reobriran les escoles per donar resposta a unes necessitats concretes. Les activitats concretes que s\u2019oferiran han estat consensuades amb tots els centres de prim\u00e0ria p\u00fablics de Sant Boi i escrites en el nostre [&hellip;]<\/p>\n","protected":false},"author":1,"featured_media":2972,"comment_status":"open","ping_status":"closed","sticky":false,"template":"","format":"standard","meta":{"_bbp_topic_count":0,"_bbp_reply_count":0,"_bbp_total_topic_count":0,"_bbp_total_reply_count":0,"_bbp_voice_count":0,"_bbp_anonymous_reply_count":0,"_bbp_topic_count_hidden":0,"_bbp_reply_count_hidden":0,"_bbp_forum_subforum_count":0,"site-sidebar-layout":"default","site-content-layout":"","ast-site-content-layout":"","site-content-style":"default","site-sidebar-style":"default","ast-global-header-display":"","ast-banner-title-visibility":"","ast-main-header-display":"","ast-hfb-above-header-display":"","ast-hfb-below-header-display":"","ast-hfb-mobile-header-display":"","site-post-title":"","ast-breadcrumbs-content":"","ast-featured-img":"","footer-sml-layout":"","theme-transparent-header-meta":"","adv-header-id-meta":"","stick-header-meta":"","header-above-stick-meta":"","header-main-stick-meta":"","header-below-stick-meta":"","astra-migrate-meta-layouts":"default","ast-page-background-enabled":"default","ast-page-background-meta":{"desktop":{"background-color":"var(--ast-global-color-4)","background-image":"","background-repeat":"repeat","background-position":"center center","background-size":"auto","background-attachment":"scroll","background-type":"","background-media":"","overlay-type":"","overlay-color":"","overlay-opacity":"","overlay-gradient":""},"tablet":{"background-color":"","background-image":"","background-repeat":"repeat","background-position":"center center","background-size":"auto","background-attachment":"scroll","background-type":"","background-media":"","overlay-type":"","overlay-color":"","overlay-opacity":"","overlay-gradient":""},"mobile":{"background-color":"","background-image":"","background-repeat":"repeat","background-position":"center center","background-size":"auto","background-attachment":"scroll","background-type":"","background-media":"","overlay-type":"","overlay-color":"","overlay-opacity":"","overlay-gradient":""}},"ast-content-background-meta":{"desktop":{"background-color":"var(--ast-global-color-5)","background-image":"","background-repeat":"repeat","background-position":"center center","background-size":"auto","background-attachment":"scroll","background-type":"","background-media":"","overlay-type":"","overlay-color":"","overlay-opacity":"","overlay-gradient":""},"tablet":{"background-color":"var(--ast-global-color-5)","background-image":"","background-repeat":"repeat","background-position":"center center","background-size":"auto","background-attachment":"scroll","background-type":"","background-media":"","overlay-type":"","overlay-color":"","overlay-opacity":"","overlay-gradient":""},"mobile":{"background-color":"var(--ast-global-color-5)","background-image":"","background-repeat":"repeat","background-position":"center center","background-size":"auto","background-attachment":"scroll","background-type":"","background-media":"","overlay-type":"","overlay-color":"","overlay-opacity":"","overlay-gradient":""}},"footnotes":""},"categories":[1,120],"tags":[],"class_list":["post-2965","post","type-post","status-publish","format-standard","has-post-thumbnail","hentry","category-general","category-reobertura-dels-centres"],"post_mailing_queue_ids":[],"_links":{"self":[{"href":"https:\/\/agora.xtec.cat\/escolagaudisantboi\/wp-json\/wp\/v2\/posts\/2965","targetHints":{"allow":["GET"]}}],"collection":[{"href":"https:\/\/agora.xtec.cat\/escolagaudisantboi\/wp-json\/wp\/v2\/posts"}],"about":[{"href":"https:\/\/agora.xtec.cat\/escolagaudisantboi\/wp-json\/wp\/v2\/types\/post"}],"author":[{"embeddable":true,"href":"https:\/\/agora.xtec.cat\/escolagaudisantboi\/wp-json\/wp\/v2\/users\/1"}],"replies":[{"embeddable":true,"href":"https:\/\/agora.xtec.cat\/escolagaudisantboi\/wp-json\/wp\/v2\/comments?post=2965"}],"version-history":[{"count":4,"href":"https:\/\/agora.xtec.cat\/escolagaudisantboi\/wp-json\/wp\/v2\/posts\/2965\/revisions"}],"predecessor-version":[{"id":2974,"href":"https:\/\/agora.xtec.cat\/escolagaudisantboi\/wp-json\/wp\/v2\/posts\/2965\/revisions\/2974"}],"wp:featuredmedia":[{"embeddable":true,"href":"https:\/\/agora.xtec.cat\/escolagaudisantboi\/wp-json\/wp\/v2\/media\/2972"}],"wp:attachment":[{"href":"https:\/\/agora.xtec.cat\/escolagaudisantboi\/wp-json\/wp\/v2\/media?parent=2965"}],"wp:term":[{"taxonomy":"category","embeddable":true,"href":"https:\/\/agora.xtec.cat\/escolagaudisantboi\/wp-json\/wp\/v2\/categories?post=2965"},{"taxonomy":"post_tag","embeddable":true,"href":"https:\/\/agora.xtec.cat\/escolagaudisantboi\/wp-json\/wp\/v2\/tags?post=2965"}],"curies":[{"name":"wp","href":"https:\/\/api.w.org\/{rel}","templated":true}]}}