{"id":2939,"date":"2020-06-06T09:24:01","date_gmt":"2020-06-06T07:24:01","guid":{"rendered":"https:\/\/agora.xtec.cat\/escolagaudisantboi\/?p=2939"},"modified":"2020-06-11T08:18:36","modified_gmt":"2020-06-11T06:18:36","slug":"que-els-contes-no-sacabin-mai-un-de-coloraines","status":"publish","type":"post","link":"https:\/\/agora.xtec.cat\/escolagaudisantboi\/general\/que-els-contes-no-sacabin-mai-un-de-coloraines\/","title":{"rendered":"Que els contes no s&#8217;acabin mai!! Un de coloraines"},"content":{"rendered":"<p class=\"gE iv gt\" style=\"text-align: justify;\">Un conte de fantasmes i fades, per\u00f2 sobretot un altre conte de pintors!<\/p>\n<div class=\"\">\n<div id=\":o2\" class=\"ii gt\">\n<div id=\":o1\" class=\"a3s aXjCH \">\n<div dir=\"ltr\">\n<p style=\"text-align: justify;\">Avui la Beti de 5\u00e8\u00a0 ens explica el conte <b>&#8220;Pasma el fantasma. La fada Coloraines&#8221;, <\/b>un conte que passa al Castell dels Avantpassats. Aneu seguint amb atenci\u00f3 i veureu com totes les estances del castell es van omplint de quadres i de colors.<\/p>\n<p style=\"text-align: justify;\">D&#8217;una banda, tenim la fada Coloraines que t\u00e9 tots els colors del m\u00f3n. I d&#8217;una altra banda, el fantasma Pasma que\u00a0 recull tots els colors molt f\u00e0cilment. \u00c9s clar, si \u00e9s transparent!!<\/p>\n<p style=\"text-align: justify;\">Ah, i no us perdeu l&#8217;espectadora especial que acompanya la Beti des de la primera fila!!<\/p>\n<p style=\"text-align: justify;\">i al final:<\/p>\n<p style=\"text-align: justify;\">Vet aqu\u00ed un gos,<\/p>\n<p style=\"text-align: justify;\">i vet aqu\u00ed un gat,<\/p>\n<p style=\"text-align: justify;\">aquest conte, s&#8217;haur\u00e0 acabat!!<\/p>\n<p>BON DIA I GAUDIU DEL CONTE!<\/p>\n<div class=\"ast-oembed-container \" style=\"height: 100%;\"><iframe loading=\"lazy\" title=\"Que els contes no acabin mai_Beti\" width=\"500\" height=\"281\" src=\"https:\/\/www.youtube.com\/embed\/5-uacRLgbDY?feature=oembed\" frameborder=\"0\" allow=\"accelerometer; autoplay; clipboard-write; encrypted-media; gyroscope; picture-in-picture; web-share\" referrerpolicy=\"strict-origin-when-cross-origin\" allowfullscreen><\/iframe><\/div>\n<\/div>\n<\/div>\n<\/div>\n<\/div>\n","protected":false},"excerpt":{"rendered":"<p>Un conte de fantasmes i fades, per\u00f2 sobretot un altre conte de pintors! Avui la Beti de 5\u00e8\u00a0 ens explica el conte &#8220;Pasma el fantasma. La fada Coloraines&#8221;, un conte que passa al Castell dels Avantpassats. Aneu seguint amb atenci\u00f3 i veureu com totes les estances del castell es van omplint de quadres i de [&hellip;]<\/p>\n","protected":false},"author":1,"featured_media":2941,"comment_status":"open","ping_status":"closed","sticky":false,"template":"","format":"standard","meta":{"_bbp_topic_count":0,"_bbp_reply_count":0,"_bbp_total_topic_count":0,"_bbp_total_reply_count":0,"_bbp_voice_count":0,"_bbp_anonymous_reply_count":0,"_bbp_topic_count_hidden":0,"_bbp_reply_count_hidden":0,"_bbp_forum_subforum_count":0,"site-sidebar-layout":"default","site-content-layout":"","ast-site-content-layout":"","site-content-style":"default","site-sidebar-style":"default","ast-global-header-display":"","ast-banner-title-visibility":"","ast-main-header-display":"","ast-hfb-above-header-display":"","ast-hfb-below-header-display":"","ast-hfb-mobile-header-display":"","site-post-title":"","ast-breadcrumbs-content":"","ast-featured-img":"","footer-sml-layout":"","theme-transparent-header-meta":"","adv-header-id-meta":"","stick-header-meta":"","header-above-stick-meta":"","header-main-stick-meta":"","header-below-stick-meta":"","astra-migrate-meta-layouts":"default","ast-page-background-enabled":"default","ast-page-background-meta":{"desktop":{"background-color":"var(--ast-global-color-4)","background-image":"","background-repeat":"repeat","background-position":"center center","background-size":"auto","background-attachment":"scroll","background-type":"","background-media":"","overlay-type":"","overlay-color":"","overlay-opacity":"","overlay-gradient":""},"tablet":{"background-color":"","background-image":"","background-repeat":"repeat","background-position":"center center","background-size":"auto","background-attachment":"scroll","background-type":"","background-media":"","overlay-type":"","overlay-color":"","overlay-opacity":"","overlay-gradient":""},"mobile":{"background-color":"","background-image":"","background-repeat":"repeat","background-position":"center center","background-size":"auto","background-attachment":"scroll","background-type":"","background-media":"","overlay-type":"","overlay-color":"","overlay-opacity":"","overlay-gradient":""}},"ast-content-background-meta":{"desktop":{"background-color":"var(--ast-global-color-5)","background-image":"","background-repeat":"repeat","background-position":"center center","background-size":"auto","background-attachment":"scroll","background-type":"","background-media":"","overlay-type":"","overlay-color":"","overlay-opacity":"","overlay-gradient":""},"tablet":{"background-color":"var(--ast-global-color-5)","background-image":"","background-repeat":"repeat","background-position":"center center","background-size":"auto","background-attachment":"scroll","background-type":"","background-media":"","overlay-type":"","overlay-color":"","overlay-opacity":"","overlay-gradient":""},"mobile":{"background-color":"var(--ast-global-color-5)","background-image":"","background-repeat":"repeat","background-position":"center center","background-size":"auto","background-attachment":"scroll","background-type":"","background-media":"","overlay-type":"","overlay-color":"","overlay-opacity":"","overlay-gradient":""}},"footnotes":""},"categories":[110,61,102,1,4,119],"tags":[],"class_list":["post-2939","post","type-post","status-publish","format-standard","has-post-thumbnail","hentry","category-alumnes-accio","category-biblio","category-ens-quedem-a-casa","category-general","category-portada","category-que-els-contes-no-sacabin-mai"],"post_mailing_queue_ids":[],"_links":{"self":[{"href":"https:\/\/agora.xtec.cat\/escolagaudisantboi\/wp-json\/wp\/v2\/posts\/2939","targetHints":{"allow":["GET"]}}],"collection":[{"href":"https:\/\/agora.xtec.cat\/escolagaudisantboi\/wp-json\/wp\/v2\/posts"}],"about":[{"href":"https:\/\/agora.xtec.cat\/escolagaudisantboi\/wp-json\/wp\/v2\/types\/post"}],"author":[{"embeddable":true,"href":"https:\/\/agora.xtec.cat\/escolagaudisantboi\/wp-json\/wp\/v2\/users\/1"}],"replies":[{"embeddable":true,"href":"https:\/\/agora.xtec.cat\/escolagaudisantboi\/wp-json\/wp\/v2\/comments?post=2939"}],"version-history":[{"count":2,"href":"https:\/\/agora.xtec.cat\/escolagaudisantboi\/wp-json\/wp\/v2\/posts\/2939\/revisions"}],"predecessor-version":[{"id":3036,"href":"https:\/\/agora.xtec.cat\/escolagaudisantboi\/wp-json\/wp\/v2\/posts\/2939\/revisions\/3036"}],"wp:featuredmedia":[{"embeddable":true,"href":"https:\/\/agora.xtec.cat\/escolagaudisantboi\/wp-json\/wp\/v2\/media\/2941"}],"wp:attachment":[{"href":"https:\/\/agora.xtec.cat\/escolagaudisantboi\/wp-json\/wp\/v2\/media?parent=2939"}],"wp:term":[{"taxonomy":"category","embeddable":true,"href":"https:\/\/agora.xtec.cat\/escolagaudisantboi\/wp-json\/wp\/v2\/categories?post=2939"},{"taxonomy":"post_tag","embeddable":true,"href":"https:\/\/agora.xtec.cat\/escolagaudisantboi\/wp-json\/wp\/v2\/tags?post=2939"}],"curies":[{"name":"wp","href":"https:\/\/api.w.org\/{rel}","templated":true}]}}