{"id":2824,"date":"2020-06-05T20:15:24","date_gmt":"2020-06-05T18:15:24","guid":{"rendered":"https:\/\/agora.xtec.cat\/escolagaudisantboi\/?p=2824"},"modified":"2020-06-05T21:37:38","modified_gmt":"2020-06-05T19:37:38","slug":"5-de-juny-no-ens-desdibuixeu-2a-part","status":"publish","type":"post","link":"https:\/\/agora.xtec.cat\/escolagaudisantboi\/general\/5-de-juny-no-ens-desdibuixeu-2a-part\/","title":{"rendered":"5 de juny: No Ens Desdibuixeu (2a part)"},"content":{"rendered":"<div>\n<div class=\"ast-oembed-container \" style=\"height: 100%;\"><iframe loading=\"lazy\" title=\"No ens desdibuixeuOK\" width=\"500\" height=\"281\" src=\"https:\/\/www.youtube.com\/embed\/OLfbLPlo8FE?feature=oembed\" frameborder=\"0\" allow=\"accelerometer; autoplay; clipboard-write; encrypted-media; gyroscope; picture-in-picture; web-share\" referrerpolicy=\"strict-origin-when-cross-origin\" allowfullscreen><\/iframe><\/div>\n<p>Despr\u00e9s han cantat la nova can\u00e7\u00f3 de PeTaCa: <a href=\"https:\/\/youtu.be\/0uWGuWJBs6E\">El nou futur<\/a>. No deixeu d&#8217;escoltar-la, tamb\u00e9 \u00e9s molt bonica.<\/p>\n<div class=\"ast-oembed-container \" style=\"height: 100%;\"><iframe loading=\"lazy\" title=\"No ens desdibuixeu Ac\u00fastic #joemquedoacasa\" width=\"500\" height=\"281\" src=\"https:\/\/www.youtube.com\/embed\/uDIJ2SODLmc?feature=oembed\" frameborder=\"0\" allow=\"accelerometer; autoplay; clipboard-write; encrypted-media; gyroscope; picture-in-picture; web-share\" referrerpolicy=\"strict-origin-when-cross-origin\" allowfullscreen><\/iframe><\/div>\n<p dir=\"ltr\" style=\"text-align: justify;\">Petits i grans gaudinians, aquesta setmana, el dia 5 de juny farem sentir les nostres veus cantant <a href=\"https:\/\/4u36e.r.ah.d.sendibm4.com\/mk\/cl\/f\/k9L9U-hP7ud8rTAiI4oNtEYNSbH-NQH-1oYa0dEGnY6Cie4Xb2bn7bHGq-zPQoseeqT-qhxnK-OEfaLeTD3wW5AET_nzcQ7J0Tfyb6BF5lZAE1XmpyK021soiBr6xhWSzZvqrFM8Vxembr49z5YXbVWAx-u0r8dmN-_6wwBREiZMD1FT-cJR_KbC2LyxDzzj8aQfYG3sbVny0Cyj9GVxWF-mJzkEqSZ9FTA2_HrN8ZsmzOVcgLp5ilE\" target=\"_blank\" rel=\"noopener noreferrer\" data-saferedirecturl=\"https:\/\/www.google.com\/url?q=https:\/\/4u36e.r.ah.d.sendibm4.com\/mk\/cl\/f\/k9L9U-hP7ud8rTAiI4oNtEYNSbH-NQH-1oYa0dEGnY6Cie4Xb2bn7bHGq-zPQoseeqT-qhxnK-OEfaLeTD3wW5AET_nzcQ7J0Tfyb6BF5lZAE1XmpyK021soiBr6xhWSzZvqrFM8Vxembr49z5YXbVWAx-u0r8dmN-_6wwBREiZMD1FT-cJR_KbC2LyxDzzj8aQfYG3sbVny0Cyj9GVxWF-mJzkEqSZ9FTA2_HrN8ZsmzOVcgLp5ilE&amp;source=gmail&amp;ust=1591126390286000&amp;usg=AFQjCNGoVab-NbuyKiBQBjcdRa65coIA0w\"><em><strong>No Ens Desdibuixeu<\/strong><\/em><\/a>\u00a0de la campanya\u00a0<a href=\"https:\/\/4u36e.r.ah.d.sendibm4.com\/mk\/cl\/f\/F7nwA_mtemnbETmx5U09gOSqPsIL1Ci_wwr8-ORmR5SxJfjKlZK1X_Q6BH3l-AWg_IlWEYxJ63se7w6rd1hg_CD3rhNfGN-WW5W4ZuzSHtwBNfe0QgLloN-Y4V_yHp0C8tsaEHHVMB1-C1glHI5iNmYpLhJk4FHsnVXe6qQKCDOzWW4ET8Lk1AD_SLSwol9L89XA\" target=\"_blank\" rel=\"noopener noreferrer\" data-saferedirecturl=\"https:\/\/www.google.com\/url?q=https:\/\/4u36e.r.ah.d.sendibm4.com\/mk\/cl\/f\/F7nwA_mtemnbETmx5U09gOSqPsIL1Ci_wwr8-ORmR5SxJfjKlZK1X_Q6BH3l-AWg_IlWEYxJ63se7w6rd1hg_CD3rhNfGN-WW5W4ZuzSHtwBNfe0QgLloN-Y4V_yHp0C8tsaEHHVMB1-C1glHI5iNmYpLhJk4FHsnVXe6qQKCDOzWW4ET8Lk1AD_SLSwol9L89XA&amp;source=gmail&amp;ust=1591126390286000&amp;usg=AFQjCNFX9CyCmxqMNergphambBzWogklSQ\"><strong>DONA LA NOTA, encara hi som a temps<\/strong><\/a><\/p>\n<p style=\"text-align: justify;\">Us fem saber que el dia 5 de juny, sobre\u00a0les 11 del mat\u00ed, els integrants del <a href=\"https:\/\/4u36e.r.ah.d.sendibm4.com\/mk\/cl\/f\/QwMFNcMC1v4TfbS7VOLvbL9SLuGVJrNFnUjIa-8jfcQAHt3VySKgrwQUDUArtWqzzDtYpjasGzxSlRk2X1c1sKRhf57FMsLbnZYf7BEPtHRI1zrIY5kwYjoPqgZPTEvqvzwv9uaPszZz2e8l9H--DybITQ\" target=\"_blank\" rel=\"noopener noreferrer\" data-saferedirecturl=\"https:\/\/www.google.com\/url?q=https:\/\/4u36e.r.ah.d.sendibm4.com\/mk\/cl\/f\/QwMFNcMC1v4TfbS7VOLvbL9SLuGVJrNFnUjIa-8jfcQAHt3VySKgrwQUDUArtWqzzDtYpjasGzxSlRk2X1c1sKRhf57FMsLbnZYf7BEPtHRI1zrIY5kwYjoPqgZPTEvqvzwv9uaPszZz2e8l9H--DybITQ&amp;source=gmail&amp;ust=1591126390286000&amp;usg=AFQjCNE4BY32LRtXiZEqlDVu-I5iusLehw\">Petit Taller de Can\u00e7ons<\/a>, autors de la can\u00e7\u00f3 No Ens Desdibuixeu,\u00a0interpretaran en directe una versi\u00f3 ac\u00fastica des del <a href=\"https:\/\/4u36e.r.ah.d.sendibm4.com\/mk\/cl\/f\/lR1x-LyRIpKqEIETZG7HhgoaoxtS83DFj-2QEOI0Jq47eRJq3p8aB1COy3PPuyJ-DMWQk3yZisN3eAXz0xZm7WWhyePRTon5oX9FRHQCf9N2-uhmPP6YEeorX0LRczVX42nehh7_FGpc7hT_7_lbkOjXp_CRYw\" target=\"_blank\" rel=\"noopener noreferrer\" data-saferedirecturl=\"https:\/\/www.google.com\/url?q=https:\/\/4u36e.r.ah.d.sendibm4.com\/mk\/cl\/f\/lR1x-LyRIpKqEIETZG7HhgoaoxtS83DFj-2QEOI0Jq47eRJq3p8aB1COy3PPuyJ-DMWQk3yZisN3eAXz0xZm7WWhyePRTon5oX9FRHQCf9N2-uhmPP6YEeorX0LRczVX42nehh7_FGpc7hT_7_lbkOjXp_CRYw&amp;source=gmail&amp;ust=1591126390286000&amp;usg=AFQjCNEWNd95bOBnpbspdrYEdbKo52SMeg\">Museu\u00a0Vil\u00b7la Casals del Vendrell.<\/a><\/p>\n<p style=\"text-align: justify;\">Podreu seguir la retransmissi\u00f3 d&#8217;aquest acte central de DONA LA NOTA, \u00a0i cantar la can\u00e7\u00f3 en els seg\u00fcents espais virtuals:<\/p>\n<ul style=\"text-align: justify;\">\n<li><strong>En tots els Canals de TV de la XARXA (durant la retransmissi\u00f3 del programa &#8220;Bentrobats&#8221; on es far\u00e0 una connexi\u00f3 en directe amb l&#8217;acte central)<\/strong><\/li>\n<li><strong>En el <a href=\"https:\/\/projectes.xtec.cat\/encara-hi-som-a-temps\/\">portal de Dona la Nota<\/a>, on amb\u00a0Youtube live, podreu seguir tot l&#8217;acte.<\/strong><\/li>\n<li><strong>A r\u00e0dio Sant Boi.<\/strong><\/li>\n<\/ul>\n<p>Es retransmetr\u00e0:<\/p>\n<ol dir=\"ltr\">\n<li role=\"presentation\"><span id=\"m_-3708383381953011121docs-internal-guid-964d6d4d-7fff-2577-9286-4a74cd0fe571\">Entrevista a David Melgar, director del Camp d\u2019Aprenentatge Pau Casals del Vendrell per explicar el desenvolupament i continu\u00eftat del projecte. <strong>(Youtube live i Xarxa TV)<\/strong><\/span><\/li>\n<li role=\"presentation\"><span id=\"m_-3708383381953011121docs-internal-guid-964d6d4d-7fff-2577-9286-4a74cd0fe571\">Interpretaci\u00f3 en ac\u00fastic de la can\u00e7\u00f3: \u201cNo ens desdibuixeu\u201d cantada per \u00c0ngels L\u00f3pez del Petit Taller de Can\u00e7ons. <strong>(Youtube live i Xarxa TV)<\/strong><\/span><\/li>\n<li role=\"presentation\"><span id=\"m_-3708383381953011121docs-internal-guid-964d6d4d-7fff-2577-9286-4a74cd0fe571\">Lectura del manifest sobre el dia Mundial del Medi Ambient a c\u00e0rrec del seu autor, Gibert d\u2019Artze. <strong>(Youtube live)<\/strong><\/span><\/li>\n<li role=\"presentation\"><span id=\"m_-3708383381953011121docs-internal-guid-964d6d4d-7fff-2577-9286-4a74cd0fe571\">Interpretaci\u00f3 de l\u2019\u00faltima can\u00e7\u00f3 creada per PeTaCa durant el confinament per impulsar\u00a0 \u201cEl nou futur\u201d. <strong>(Youtube live)\u00a0\u00a0 (la teniu a can\u00e7ons pel confinament)<br \/>\n<\/strong><\/span><\/li>\n<li role=\"presentation\"><span id=\"m_-3708383381953011121docs-internal-guid-964d6d4d-7fff-2577-9286-4a74cd0fe571\">Projecci\u00f3 del videoclip de la can\u00e7\u00f3 \u201cNo ens desdibuixeu\u201d, on us podeu afegir a cantar-la en la versi\u00f3 original. <strong>(Youtube live)<\/strong><\/span><\/li>\n<\/ol>\n<\/div>\n<p style=\"text-align: justify;\"><strong>I si t&#8217;agrada m\u00e9s un espai f\u00edsic i vius molt a prop de l&#8217;escola&#8230;, canta des del balc\u00f3, seguint la m\u00fasica que soni a la megafonia del cole.<\/strong><\/p>\n<div>\n<div><\/div>\n<\/div>\n<h3 style=\"text-align: center;\">Som-hi Gaud\u00ed!\u00a0\u00a0 Encara sou a temps d&#8217;aprendre-la!!<\/h3>\n<p><strong>#encarahisomatemps <\/strong><\/p>\n<p>&nbsp;<\/p>\n<div><\/div>\n<div><\/div>\n<div><\/div>\n<div><\/div>\n<div><\/div>\n<div><\/div>\n<div style=\"text-align: center;\"><\/div>\n","protected":false},"excerpt":{"rendered":"<p>Despr\u00e9s han cantat la nova can\u00e7\u00f3 de PeTaCa: El nou futur. No deixeu d&#8217;escoltar-la, tamb\u00e9 \u00e9s molt bonica. Petits i grans gaudinians, aquesta setmana, el dia 5 de juny farem sentir les nostres veus cantant No Ens Desdibuixeu\u00a0de la campanya\u00a0DONA LA NOTA, encara hi som a temps Us fem saber que el dia 5 de [&hellip;]<\/p>\n","protected":false},"author":10,"featured_media":2890,"comment_status":"open","ping_status":"closed","sticky":false,"template":"","format":"standard","meta":{"_bbp_topic_count":0,"_bbp_reply_count":0,"_bbp_total_topic_count":0,"_bbp_total_reply_count":0,"_bbp_voice_count":0,"_bbp_anonymous_reply_count":0,"_bbp_topic_count_hidden":0,"_bbp_reply_count_hidden":0,"_bbp_forum_subforum_count":0,"site-sidebar-layout":"default","site-content-layout":"","ast-site-content-layout":"","site-content-style":"default","site-sidebar-style":"default","ast-global-header-display":"","ast-banner-title-visibility":"","ast-main-header-display":"","ast-hfb-above-header-display":"","ast-hfb-below-header-display":"","ast-hfb-mobile-header-display":"","site-post-title":"","ast-breadcrumbs-content":"","ast-featured-img":"","footer-sml-layout":"","theme-transparent-header-meta":"","adv-header-id-meta":"","stick-header-meta":"","header-above-stick-meta":"","header-main-stick-meta":"","header-below-stick-meta":"","astra-migrate-meta-layouts":"default","ast-page-background-enabled":"default","ast-page-background-meta":{"desktop":{"background-color":"var(--ast-global-color-4)","background-image":"","background-repeat":"repeat","background-position":"center center","background-size":"auto","background-attachment":"scroll","background-type":"","background-media":"","overlay-type":"","overlay-color":"","overlay-opacity":"","overlay-gradient":""},"tablet":{"background-color":"","background-image":"","background-repeat":"repeat","background-position":"center center","background-size":"auto","background-attachment":"scroll","background-type":"","background-media":"","overlay-type":"","overlay-color":"","overlay-opacity":"","overlay-gradient":""},"mobile":{"background-color":"","background-image":"","background-repeat":"repeat","background-position":"center center","background-size":"auto","background-attachment":"scroll","background-type":"","background-media":"","overlay-type":"","overlay-color":"","overlay-opacity":"","overlay-gradient":""}},"ast-content-background-meta":{"desktop":{"background-color":"var(--ast-global-color-5)","background-image":"","background-repeat":"repeat","background-position":"center center","background-size":"auto","background-attachment":"scroll","background-type":"","background-media":"","overlay-type":"","overlay-color":"","overlay-opacity":"","overlay-gradient":""},"tablet":{"background-color":"var(--ast-global-color-5)","background-image":"","background-repeat":"repeat","background-position":"center center","background-size":"auto","background-attachment":"scroll","background-type":"","background-media":"","overlay-type":"","overlay-color":"","overlay-opacity":"","overlay-gradient":""},"mobile":{"background-color":"var(--ast-global-color-5)","background-image":"","background-repeat":"repeat","background-position":"center center","background-size":"auto","background-attachment":"scroll","background-type":"","background-media":"","overlay-type":"","overlay-color":"","overlay-opacity":"","overlay-gradient":""}},"footnotes":""},"categories":[102,1,99,4,5,106],"tags":[88,89,90,93,104],"class_list":["post-2824","post","type-post","status-publish","format-standard","has-post-thumbnail","hentry","category-ens-quedem-a-casa","category-general","category-musica","category-portada","category-primaria","category-qui-canta","tag-cicle-inicial","tag-cicle-mitja","tag-cicle-superior","tag-educacio-infantil","tag-musica"],"post_mailing_queue_ids":[],"_links":{"self":[{"href":"https:\/\/agora.xtec.cat\/escolagaudisantboi\/wp-json\/wp\/v2\/posts\/2824","targetHints":{"allow":["GET"]}}],"collection":[{"href":"https:\/\/agora.xtec.cat\/escolagaudisantboi\/wp-json\/wp\/v2\/posts"}],"about":[{"href":"https:\/\/agora.xtec.cat\/escolagaudisantboi\/wp-json\/wp\/v2\/types\/post"}],"author":[{"embeddable":true,"href":"https:\/\/agora.xtec.cat\/escolagaudisantboi\/wp-json\/wp\/v2\/users\/10"}],"replies":[{"embeddable":true,"href":"https:\/\/agora.xtec.cat\/escolagaudisantboi\/wp-json\/wp\/v2\/comments?post=2824"}],"version-history":[{"count":3,"href":"https:\/\/agora.xtec.cat\/escolagaudisantboi\/wp-json\/wp\/v2\/posts\/2824\/revisions"}],"predecessor-version":[{"id":2927,"href":"https:\/\/agora.xtec.cat\/escolagaudisantboi\/wp-json\/wp\/v2\/posts\/2824\/revisions\/2927"}],"wp:featuredmedia":[{"embeddable":true,"href":"https:\/\/agora.xtec.cat\/escolagaudisantboi\/wp-json\/wp\/v2\/media\/2890"}],"wp:attachment":[{"href":"https:\/\/agora.xtec.cat\/escolagaudisantboi\/wp-json\/wp\/v2\/media?parent=2824"}],"wp:term":[{"taxonomy":"category","embeddable":true,"href":"https:\/\/agora.xtec.cat\/escolagaudisantboi\/wp-json\/wp\/v2\/categories?post=2824"},{"taxonomy":"post_tag","embeddable":true,"href":"https:\/\/agora.xtec.cat\/escolagaudisantboi\/wp-json\/wp\/v2\/tags?post=2824"}],"curies":[{"name":"wp","href":"https:\/\/api.w.org\/{rel}","templated":true}]}}