{"id":2700,"date":"2020-05-23T07:41:57","date_gmt":"2020-05-23T05:41:57","guid":{"rendered":"https:\/\/agora.xtec.cat\/escolagaudisantboi\/?p=2700"},"modified":"2020-05-23T11:52:28","modified_gmt":"2020-05-23T09:52:28","slug":"darrer-conte-per-telefon-a-ca-la-maite","status":"publish","type":"post","link":"https:\/\/agora.xtec.cat\/escolagaudisantboi\/general\/darrer-conte-per-telefon-a-ca-la-maite\/","title":{"rendered":"Darrer conte per tel\u00e8fon a Ca la Maite"},"content":{"rendered":"<p dir=\"auto\" style=\"text-align: justify;\">Proveu de preguntar als vostres avis i \u00e0vies com han vist canviar el m\u00f3n al llarg dels anys. Segur que us diuen que molt\u00edssim.<\/p>\n<p dir=\"auto\" style=\"text-align: justify;\">La Maite ens porta avui<em><strong> &#8220;Hist\u00f2ria universal&#8221;<\/strong><\/em>, un conte que ens explica com al principi dels principis, no hi havia res de res.<\/p>\n<p dir=\"auto\" style=\"text-align: justify;\">Potser no hi havia ni carreteres ni mitjans de transport? Potser no hi havia estris per fer el menjar? Segur que no hi havia ni tel\u00e8fons ni llapis ni paper per escriure i explicar-se contes!! I potser tampoc hi havia contes!?<\/p>\n<p dir=\"auto\" style=\"text-align: justify;\">Diu aquest conte que la Terra estava equivocada!! Per\u00f2 no creieu que encara n&#8217;est\u00e0 ara d&#8217;equivocada, la humanitat?<\/p>\n<p dir=\"auto\" style=\"text-align: justify;\">Aquest \u00e9s el conte darrer<\/p>\n<p dir=\"auto\" style=\"text-align: justify;\">&#8230;per\u00f2<\/p>\n<p dir=\"auto\" style=\"text-align: justify;\">arromangueu-vos b\u00e9<\/p>\n<p dir=\"auto\" style=\"text-align: justify;\">que hi ha molta feina per fer!!!<\/p>\n<p dir=\"auto\" style=\"text-align: justify;\">&#8230; i\u00a0 tamb\u00e9<\/p>\n<p dir=\"auto\" style=\"text-align: justify;\">molta feina per desfer!!!<\/p>\n<p dir=\"auto\" style=\"text-align: justify;\"><strong>Que els contes no s&#8217;acabin mai!!<\/strong><\/p>\n<p dir=\"auto\">BON DIA I GAUDIU DEL CONTE!<\/p>\n<div class=\"ast-oembed-container \" style=\"height: 100%;\"><iframe loading=\"lazy\" title=\"Conte per tel\u00e8fon 26_Maite\" width=\"500\" height=\"281\" src=\"https:\/\/www.youtube.com\/embed\/hCc81_I4CZs?feature=oembed\" frameborder=\"0\" allow=\"accelerometer; autoplay; clipboard-write; encrypted-media; gyroscope; picture-in-picture; web-share\" referrerpolicy=\"strict-origin-when-cross-origin\" allowfullscreen><\/iframe><\/div>\n","protected":false},"excerpt":{"rendered":"<p>Proveu de preguntar als vostres avis i \u00e0vies com han vist canviar el m\u00f3n al llarg dels anys. Segur que us diuen que molt\u00edssim. La Maite ens porta avui &#8220;Hist\u00f2ria universal&#8221;, un conte que ens explica com al principi dels principis, no hi havia res de res. Potser no hi havia ni carreteres ni mitjans [&hellip;]<\/p>\n","protected":false},"author":1,"featured_media":2704,"comment_status":"open","ping_status":"closed","sticky":false,"template":"","format":"standard","meta":{"_bbp_topic_count":0,"_bbp_reply_count":0,"_bbp_total_topic_count":0,"_bbp_total_reply_count":0,"_bbp_voice_count":0,"_bbp_anonymous_reply_count":0,"_bbp_topic_count_hidden":0,"_bbp_reply_count_hidden":0,"_bbp_forum_subforum_count":0,"site-sidebar-layout":"default","site-content-layout":"","ast-site-content-layout":"","site-content-style":"default","site-sidebar-style":"default","ast-global-header-display":"","ast-banner-title-visibility":"","ast-main-header-display":"","ast-hfb-above-header-display":"","ast-hfb-below-header-display":"","ast-hfb-mobile-header-display":"","site-post-title":"","ast-breadcrumbs-content":"","ast-featured-img":"","footer-sml-layout":"","theme-transparent-header-meta":"","adv-header-id-meta":"","stick-header-meta":"","header-above-stick-meta":"","header-main-stick-meta":"","header-below-stick-meta":"","astra-migrate-meta-layouts":"default","ast-page-background-enabled":"default","ast-page-background-meta":{"desktop":{"background-color":"var(--ast-global-color-4)","background-image":"","background-repeat":"repeat","background-position":"center center","background-size":"auto","background-attachment":"scroll","background-type":"","background-media":"","overlay-type":"","overlay-color":"","overlay-opacity":"","overlay-gradient":""},"tablet":{"background-color":"","background-image":"","background-repeat":"repeat","background-position":"center center","background-size":"auto","background-attachment":"scroll","background-type":"","background-media":"","overlay-type":"","overlay-color":"","overlay-opacity":"","overlay-gradient":""},"mobile":{"background-color":"","background-image":"","background-repeat":"repeat","background-position":"center center","background-size":"auto","background-attachment":"scroll","background-type":"","background-media":"","overlay-type":"","overlay-color":"","overlay-opacity":"","overlay-gradient":""}},"ast-content-background-meta":{"desktop":{"background-color":"var(--ast-global-color-5)","background-image":"","background-repeat":"repeat","background-position":"center center","background-size":"auto","background-attachment":"scroll","background-type":"","background-media":"","overlay-type":"","overlay-color":"","overlay-opacity":"","overlay-gradient":""},"tablet":{"background-color":"var(--ast-global-color-5)","background-image":"","background-repeat":"repeat","background-position":"center center","background-size":"auto","background-attachment":"scroll","background-type":"","background-media":"","overlay-type":"","overlay-color":"","overlay-opacity":"","overlay-gradient":""},"mobile":{"background-color":"var(--ast-global-color-5)","background-image":"","background-repeat":"repeat","background-position":"center center","background-size":"auto","background-attachment":"scroll","background-type":"","background-media":"","overlay-type":"","overlay-color":"","overlay-opacity":"","overlay-gradient":""}},"footnotes":""},"categories":[102,1,117,103,4],"tags":[],"class_list":["post-2700","post","type-post","status-publish","format-standard","has-post-thumbnail","hentry","category-ens-quedem-a-casa","category-general","category-homenatge-rodari","category-mestres-accio","category-portada"],"post_mailing_queue_ids":[],"_links":{"self":[{"href":"https:\/\/agora.xtec.cat\/escolagaudisantboi\/wp-json\/wp\/v2\/posts\/2700","targetHints":{"allow":["GET"]}}],"collection":[{"href":"https:\/\/agora.xtec.cat\/escolagaudisantboi\/wp-json\/wp\/v2\/posts"}],"about":[{"href":"https:\/\/agora.xtec.cat\/escolagaudisantboi\/wp-json\/wp\/v2\/types\/post"}],"author":[{"embeddable":true,"href":"https:\/\/agora.xtec.cat\/escolagaudisantboi\/wp-json\/wp\/v2\/users\/1"}],"replies":[{"embeddable":true,"href":"https:\/\/agora.xtec.cat\/escolagaudisantboi\/wp-json\/wp\/v2\/comments?post=2700"}],"version-history":[{"count":3,"href":"https:\/\/agora.xtec.cat\/escolagaudisantboi\/wp-json\/wp\/v2\/posts\/2700\/revisions"}],"predecessor-version":[{"id":2705,"href":"https:\/\/agora.xtec.cat\/escolagaudisantboi\/wp-json\/wp\/v2\/posts\/2700\/revisions\/2705"}],"wp:featuredmedia":[{"embeddable":true,"href":"https:\/\/agora.xtec.cat\/escolagaudisantboi\/wp-json\/wp\/v2\/media\/2704"}],"wp:attachment":[{"href":"https:\/\/agora.xtec.cat\/escolagaudisantboi\/wp-json\/wp\/v2\/media?parent=2700"}],"wp:term":[{"taxonomy":"category","embeddable":true,"href":"https:\/\/agora.xtec.cat\/escolagaudisantboi\/wp-json\/wp\/v2\/categories?post=2700"},{"taxonomy":"post_tag","embeddable":true,"href":"https:\/\/agora.xtec.cat\/escolagaudisantboi\/wp-json\/wp\/v2\/tags?post=2700"}],"curies":[{"name":"wp","href":"https:\/\/api.w.org\/{rel}","templated":true}]}}