{"id":2694,"date":"2020-05-22T08:45:38","date_gmt":"2020-05-22T06:45:38","guid":{"rendered":"https:\/\/agora.xtec.cat\/escolagaudisantboi\/?p=2694"},"modified":"2020-05-23T07:31:05","modified_gmt":"2020-05-23T05:31:05","slug":"un-conte-per-telefon-a-ca-la-monica-d","status":"publish","type":"post","link":"https:\/\/agora.xtec.cat\/escolagaudisantboi\/general\/un-conte-per-telefon-a-ca-la-monica-d\/","title":{"rendered":"Un conte per tel\u00e8fon a Ca la M\u00f2nica D"},"content":{"rendered":"<p dir=\"auto\">Tots tenim moltes ganes de sortir al carrer, oi?<\/p>\n<p dir=\"auto\">Doncs mireu b\u00e9 de quina manera tan bonica ens presenta el conte <em><strong>&#8220;La vorera m\u00f2bil&#8221;<\/strong><\/em> la M\u00f2nica D.<\/p>\n<div dir=\"auto\">\n<p dir=\"auto\">Us ho imagineu?<\/p>\n<p dir=\"auto\">Us agradaria una vorera m\u00f2bil que us trasllad\u00e9s d&#8217;un lloc a l&#8217;altre?<\/p>\n<p dir=\"auto\">Ja no serien necessaris els cotxes?&#8230;ni l&#8217;autob\u00fas?<\/p>\n<p dir=\"auto\">Per tant, per a qui serien els carrers? Qui s&#8217;hi passaria unes llargues estones jugant a mil jocs?<\/p>\n<p dir=\"auto\">Ho heu endevinat?<\/p>\n<p dir=\"auto\">I si hi pensem una miqueta m\u00e9s?<\/p>\n<p dir=\"auto\">Com serien els nostres carrers? Com seria la ciutat que voldr\u00edem els nens i les nenes?<\/p>\n<p dir=\"auto\">Mai deixem de somiar!<\/p>\n<p dir=\"auto\">BON DIA I GAUDIU DEL CONTE!<\/p>\n<div class=\"ast-oembed-container \" style=\"height: 100%;\"><iframe loading=\"lazy\" title=\"Conte per tel\u00e8fon 25_M\u00f2nica D\" width=\"500\" height=\"281\" src=\"https:\/\/www.youtube.com\/embed\/rFbsdM7-hpE?feature=oembed\" frameborder=\"0\" allow=\"accelerometer; autoplay; clipboard-write; encrypted-media; gyroscope; picture-in-picture; web-share\" referrerpolicy=\"strict-origin-when-cross-origin\" allowfullscreen><\/iframe><\/div>\n<\/div>\n","protected":false},"excerpt":{"rendered":"<p>Tots tenim moltes ganes de sortir al carrer, oi? Doncs mireu b\u00e9 de quina manera tan bonica ens presenta el conte &#8220;La vorera m\u00f2bil&#8221; la M\u00f2nica D. Us ho imagineu? Us agradaria una vorera m\u00f2bil que us trasllad\u00e9s d&#8217;un lloc a l&#8217;altre? Ja no serien necessaris els cotxes?&#8230;ni l&#8217;autob\u00fas? Per tant, per a qui serien [&hellip;]<\/p>\n","protected":false},"author":1,"featured_media":0,"comment_status":"open","ping_status":"closed","sticky":false,"template":"","format":"standard","meta":{"_bbp_topic_count":0,"_bbp_reply_count":0,"_bbp_total_topic_count":0,"_bbp_total_reply_count":0,"_bbp_voice_count":0,"_bbp_anonymous_reply_count":0,"_bbp_topic_count_hidden":0,"_bbp_reply_count_hidden":0,"_bbp_forum_subforum_count":0,"site-sidebar-layout":"default","site-content-layout":"","ast-site-content-layout":"","site-content-style":"default","site-sidebar-style":"default","ast-global-header-display":"","ast-banner-title-visibility":"","ast-main-header-display":"","ast-hfb-above-header-display":"","ast-hfb-below-header-display":"","ast-hfb-mobile-header-display":"","site-post-title":"","ast-breadcrumbs-content":"","ast-featured-img":"","footer-sml-layout":"","theme-transparent-header-meta":"","adv-header-id-meta":"","stick-header-meta":"","header-above-stick-meta":"","header-main-stick-meta":"","header-below-stick-meta":"","astra-migrate-meta-layouts":"default","ast-page-background-enabled":"default","ast-page-background-meta":{"desktop":{"background-color":"var(--ast-global-color-4)","background-image":"","background-repeat":"repeat","background-position":"center center","background-size":"auto","background-attachment":"scroll","background-type":"","background-media":"","overlay-type":"","overlay-color":"","overlay-opacity":"","overlay-gradient":""},"tablet":{"background-color":"","background-image":"","background-repeat":"repeat","background-position":"center center","background-size":"auto","background-attachment":"scroll","background-type":"","background-media":"","overlay-type":"","overlay-color":"","overlay-opacity":"","overlay-gradient":""},"mobile":{"background-color":"","background-image":"","background-repeat":"repeat","background-position":"center center","background-size":"auto","background-attachment":"scroll","background-type":"","background-media":"","overlay-type":"","overlay-color":"","overlay-opacity":"","overlay-gradient":""}},"ast-content-background-meta":{"desktop":{"background-color":"var(--ast-global-color-5)","background-image":"","background-repeat":"repeat","background-position":"center center","background-size":"auto","background-attachment":"scroll","background-type":"","background-media":"","overlay-type":"","overlay-color":"","overlay-opacity":"","overlay-gradient":""},"tablet":{"background-color":"var(--ast-global-color-5)","background-image":"","background-repeat":"repeat","background-position":"center center","background-size":"auto","background-attachment":"scroll","background-type":"","background-media":"","overlay-type":"","overlay-color":"","overlay-opacity":"","overlay-gradient":""},"mobile":{"background-color":"var(--ast-global-color-5)","background-image":"","background-repeat":"repeat","background-position":"center center","background-size":"auto","background-attachment":"scroll","background-type":"","background-media":"","overlay-type":"","overlay-color":"","overlay-opacity":"","overlay-gradient":""}},"footnotes":""},"categories":[102,1,117,103,4],"tags":[],"class_list":["post-2694","post","type-post","status-publish","format-standard","hentry","category-ens-quedem-a-casa","category-general","category-homenatge-rodari","category-mestres-accio","category-portada"],"post_mailing_queue_ids":[],"_links":{"self":[{"href":"https:\/\/agora.xtec.cat\/escolagaudisantboi\/wp-json\/wp\/v2\/posts\/2694","targetHints":{"allow":["GET"]}}],"collection":[{"href":"https:\/\/agora.xtec.cat\/escolagaudisantboi\/wp-json\/wp\/v2\/posts"}],"about":[{"href":"https:\/\/agora.xtec.cat\/escolagaudisantboi\/wp-json\/wp\/v2\/types\/post"}],"author":[{"embeddable":true,"href":"https:\/\/agora.xtec.cat\/escolagaudisantboi\/wp-json\/wp\/v2\/users\/1"}],"replies":[{"embeddable":true,"href":"https:\/\/agora.xtec.cat\/escolagaudisantboi\/wp-json\/wp\/v2\/comments?post=2694"}],"version-history":[{"count":2,"href":"https:\/\/agora.xtec.cat\/escolagaudisantboi\/wp-json\/wp\/v2\/posts\/2694\/revisions"}],"predecessor-version":[{"id":2696,"href":"https:\/\/agora.xtec.cat\/escolagaudisantboi\/wp-json\/wp\/v2\/posts\/2694\/revisions\/2696"}],"wp:attachment":[{"href":"https:\/\/agora.xtec.cat\/escolagaudisantboi\/wp-json\/wp\/v2\/media?parent=2694"}],"wp:term":[{"taxonomy":"category","embeddable":true,"href":"https:\/\/agora.xtec.cat\/escolagaudisantboi\/wp-json\/wp\/v2\/categories?post=2694"},{"taxonomy":"post_tag","embeddable":true,"href":"https:\/\/agora.xtec.cat\/escolagaudisantboi\/wp-json\/wp\/v2\/tags?post=2694"}],"curies":[{"name":"wp","href":"https:\/\/api.w.org\/{rel}","templated":true}]}}