{"id":2626,"date":"2020-05-18T09:24:53","date_gmt":"2020-05-18T07:24:53","guid":{"rendered":"https:\/\/agora.xtec.cat\/escolagaudisantboi\/?p=2626"},"modified":"2020-05-18T09:24:53","modified_gmt":"2020-05-18T07:24:53","slug":"un-conte-per-telefon-a-ca-la-sara","status":"publish","type":"post","link":"https:\/\/agora.xtec.cat\/escolagaudisantboi\/general\/un-conte-per-telefon-a-ca-la-sara\/","title":{"rendered":"Un conte per tel\u00e8fon a Ca la Sara"},"content":{"rendered":"<p style=\"text-align: justify;\">Sabeu quins s\u00f3n els colors del sem\u00e0for, oi? N&#8217;esteu segurs?<\/p>\n<p dir=\"auto\" style=\"text-align: justify;\"><strong><em>&#8220;El sem\u00e0for blau&#8221;<\/em><\/strong> \u00e9s el conte que avui ens explica la Sara, la nostra monitora del temps del migdia dels m\u00e9s petitons i que ara est\u00e0 acabant els seus estudis de mestra fent les pr\u00e0ctiques amb nosaltres.<\/p>\n<p dir=\"auto\" style=\"text-align: justify;\">Qu\u00e8 ens deu voler dir un sem\u00e0for blau? Que ja podem anar tots a banyar-nos al mar?<\/p>\n<p dir=\"auto\" style=\"text-align: justify;\">I un sem\u00e0for blanc? Que es prepari tothom per sortir a jugar perqu\u00e8 \u00e9s a punt de nevar?<\/p>\n<p dir=\"auto\" style=\"text-align: justify;\">I un sem\u00e0for rosa? Que estiguis atent perqu\u00e8 avui t&#8217;enamorar\u00e0s?<\/p>\n<p dir=\"auto\" style=\"text-align: justify;\">Podr\u00edem imaginar mil coses&#8230;per\u00f2 escoltem b\u00e9 quin era el bonic missatge del sem\u00e0for blau del conte.<\/p>\n<p dir=\"auto\" style=\"text-align: justify;\">Ll\u00e0stima que la gent no el va saber entendre!!!<\/p>\n<p dir=\"auto\">BON DIA I GAUDIU DEL CONTE!<\/p>\n<div class=\"ast-oembed-container \" style=\"height: 100%;\"><iframe loading=\"lazy\" title=\"Conte per tel\u00e8fon 21_Sara\" width=\"500\" height=\"281\" src=\"https:\/\/www.youtube.com\/embed\/ZhDu33mpk-c?feature=oembed\" frameborder=\"0\" allow=\"accelerometer; autoplay; clipboard-write; encrypted-media; gyroscope; picture-in-picture; web-share\" referrerpolicy=\"strict-origin-when-cross-origin\" allowfullscreen><\/iframe><\/div>\n","protected":false},"excerpt":{"rendered":"<p>Sabeu quins s\u00f3n els colors del sem\u00e0for, oi? N&#8217;esteu segurs? &#8220;El sem\u00e0for blau&#8221; \u00e9s el conte que avui ens explica la Sara, la nostra monitora del temps del migdia dels m\u00e9s petitons i que ara est\u00e0 acabant els seus estudis de mestra fent les pr\u00e0ctiques amb nosaltres. Qu\u00e8 ens deu voler dir un sem\u00e0for blau? [&hellip;]<\/p>\n","protected":false},"author":1,"featured_media":2629,"comment_status":"open","ping_status":"closed","sticky":false,"template":"","format":"standard","meta":{"_bbp_topic_count":0,"_bbp_reply_count":0,"_bbp_total_topic_count":0,"_bbp_total_reply_count":0,"_bbp_voice_count":0,"_bbp_anonymous_reply_count":0,"_bbp_topic_count_hidden":0,"_bbp_reply_count_hidden":0,"_bbp_forum_subforum_count":0,"site-sidebar-layout":"default","site-content-layout":"","ast-site-content-layout":"","site-content-style":"default","site-sidebar-style":"default","ast-global-header-display":"","ast-banner-title-visibility":"","ast-main-header-display":"","ast-hfb-above-header-display":"","ast-hfb-below-header-display":"","ast-hfb-mobile-header-display":"","site-post-title":"","ast-breadcrumbs-content":"","ast-featured-img":"","footer-sml-layout":"","theme-transparent-header-meta":"","adv-header-id-meta":"","stick-header-meta":"","header-above-stick-meta":"","header-main-stick-meta":"","header-below-stick-meta":"","astra-migrate-meta-layouts":"default","ast-page-background-enabled":"default","ast-page-background-meta":{"desktop":{"background-color":"var(--ast-global-color-4)","background-image":"","background-repeat":"repeat","background-position":"center center","background-size":"auto","background-attachment":"scroll","background-type":"","background-media":"","overlay-type":"","overlay-color":"","overlay-opacity":"","overlay-gradient":""},"tablet":{"background-color":"","background-image":"","background-repeat":"repeat","background-position":"center center","background-size":"auto","background-attachment":"scroll","background-type":"","background-media":"","overlay-type":"","overlay-color":"","overlay-opacity":"","overlay-gradient":""},"mobile":{"background-color":"","background-image":"","background-repeat":"repeat","background-position":"center center","background-size":"auto","background-attachment":"scroll","background-type":"","background-media":"","overlay-type":"","overlay-color":"","overlay-opacity":"","overlay-gradient":""}},"ast-content-background-meta":{"desktop":{"background-color":"var(--ast-global-color-5)","background-image":"","background-repeat":"repeat","background-position":"center center","background-size":"auto","background-attachment":"scroll","background-type":"","background-media":"","overlay-type":"","overlay-color":"","overlay-opacity":"","overlay-gradient":""},"tablet":{"background-color":"var(--ast-global-color-5)","background-image":"","background-repeat":"repeat","background-position":"center center","background-size":"auto","background-attachment":"scroll","background-type":"","background-media":"","overlay-type":"","overlay-color":"","overlay-opacity":"","overlay-gradient":""},"mobile":{"background-color":"var(--ast-global-color-5)","background-image":"","background-repeat":"repeat","background-position":"center center","background-size":"auto","background-attachment":"scroll","background-type":"","background-media":"","overlay-type":"","overlay-color":"","overlay-opacity":"","overlay-gradient":""}},"footnotes":""},"categories":[102,1,117,103,4],"tags":[],"class_list":["post-2626","post","type-post","status-publish","format-standard","has-post-thumbnail","hentry","category-ens-quedem-a-casa","category-general","category-homenatge-rodari","category-mestres-accio","category-portada"],"post_mailing_queue_ids":[],"_links":{"self":[{"href":"https:\/\/agora.xtec.cat\/escolagaudisantboi\/wp-json\/wp\/v2\/posts\/2626","targetHints":{"allow":["GET"]}}],"collection":[{"href":"https:\/\/agora.xtec.cat\/escolagaudisantboi\/wp-json\/wp\/v2\/posts"}],"about":[{"href":"https:\/\/agora.xtec.cat\/escolagaudisantboi\/wp-json\/wp\/v2\/types\/post"}],"author":[{"embeddable":true,"href":"https:\/\/agora.xtec.cat\/escolagaudisantboi\/wp-json\/wp\/v2\/users\/1"}],"replies":[{"embeddable":true,"href":"https:\/\/agora.xtec.cat\/escolagaudisantboi\/wp-json\/wp\/v2\/comments?post=2626"}],"version-history":[{"count":3,"href":"https:\/\/agora.xtec.cat\/escolagaudisantboi\/wp-json\/wp\/v2\/posts\/2626\/revisions"}],"predecessor-version":[{"id":2630,"href":"https:\/\/agora.xtec.cat\/escolagaudisantboi\/wp-json\/wp\/v2\/posts\/2626\/revisions\/2630"}],"wp:featuredmedia":[{"embeddable":true,"href":"https:\/\/agora.xtec.cat\/escolagaudisantboi\/wp-json\/wp\/v2\/media\/2629"}],"wp:attachment":[{"href":"https:\/\/agora.xtec.cat\/escolagaudisantboi\/wp-json\/wp\/v2\/media?parent=2626"}],"wp:term":[{"taxonomy":"category","embeddable":true,"href":"https:\/\/agora.xtec.cat\/escolagaudisantboi\/wp-json\/wp\/v2\/categories?post=2626"},{"taxonomy":"post_tag","embeddable":true,"href":"https:\/\/agora.xtec.cat\/escolagaudisantboi\/wp-json\/wp\/v2\/tags?post=2626"}],"curies":[{"name":"wp","href":"https:\/\/api.w.org\/{rel}","templated":true}]}}