{"id":2618,"date":"2020-05-17T08:45:16","date_gmt":"2020-05-17T06:45:16","guid":{"rendered":"https:\/\/agora.xtec.cat\/escolagaudisantboi\/?p=2618"},"modified":"2020-05-16T22:51:02","modified_gmt":"2020-05-16T20:51:02","slug":"un-conte-per-telefon-a-ca-la-laura-f","status":"publish","type":"post","link":"https:\/\/agora.xtec.cat\/escolagaudisantboi\/general\/un-conte-per-telefon-a-ca-la-laura-f\/","title":{"rendered":"Un conte per tel\u00e8fon a Ca la Laura F"},"content":{"rendered":"<p dir=\"auto\">El conte<strong><em> &#8220;La passejada d&#8217;un distret&#8221;<\/em> <\/strong>que ens explica la Laura F., ens parla d&#8217;en Joanet, un nen tan i tan distret que ho perdia tot.<\/p>\n<p dir=\"auto\">Vosaltres sou distrets?<\/p>\n<p dir=\"auto\">Us despisteu f\u00e0cilment? Perdeu les coses? Us han dit mai:&#8221;algun dia perdr\u00e0s el cap&#8221;?<\/p>\n<p dir=\"auto\">Us ho imagineu?:<\/p>\n<p>&#8220;De qui \u00e9s aquest bra\u00e7?&#8221;<\/p>\n<p>&#8220;Qui ha perdut el cap?&#8221;<\/p>\n<p>&#8220;I aquesta m\u00e0 amb les ungles pintades de qui \u00e9s?&#8221;<\/p>\n<p>I si f\u00f3ssim desmuntables com un joc de peces?<\/p>\n<p dir=\"auto\">Per\u00f2 no ho som, totes les parts del nostre cos s\u00f3n necess\u00e0ries i de totes n&#8217;hem de tenir cura.<\/p>\n<p dir=\"auto\">I les distraccions?<\/p>\n<p dir=\"auto\">Ja se sap, la canalla, tots s\u00f3n aix\u00ed!!<\/p>\n<p dir=\"auto\">BON DIA I GAUDIU DEL CONTE!<\/p>\n<div class=\"ast-oembed-container \" style=\"height: 100%;\"><iframe loading=\"lazy\" title=\"Conte per tel\u00e8fon 20_Laura F\" width=\"500\" height=\"281\" src=\"https:\/\/www.youtube.com\/embed\/bN1rZo47wDE?feature=oembed\" frameborder=\"0\" allow=\"accelerometer; autoplay; clipboard-write; encrypted-media; gyroscope; picture-in-picture; web-share\" referrerpolicy=\"strict-origin-when-cross-origin\" allowfullscreen><\/iframe><\/div>\n","protected":false},"excerpt":{"rendered":"<p>El conte &#8220;La passejada d&#8217;un distret&#8221; que ens explica la Laura F., ens parla d&#8217;en Joanet, un nen tan i tan distret que ho perdia tot. Vosaltres sou distrets? Us despisteu f\u00e0cilment? Perdeu les coses? Us han dit mai:&#8221;algun dia perdr\u00e0s el cap&#8221;? Us ho imagineu?: &#8220;De qui \u00e9s aquest bra\u00e7?&#8221; &#8220;Qui ha perdut el [&hellip;]<\/p>\n","protected":false},"author":1,"featured_media":0,"comment_status":"open","ping_status":"closed","sticky":false,"template":"","format":"standard","meta":{"_bbp_topic_count":0,"_bbp_reply_count":0,"_bbp_total_topic_count":0,"_bbp_total_reply_count":0,"_bbp_voice_count":0,"_bbp_anonymous_reply_count":0,"_bbp_topic_count_hidden":0,"_bbp_reply_count_hidden":0,"_bbp_forum_subforum_count":0,"site-sidebar-layout":"default","site-content-layout":"","ast-site-content-layout":"","site-content-style":"default","site-sidebar-style":"default","ast-global-header-display":"","ast-banner-title-visibility":"","ast-main-header-display":"","ast-hfb-above-header-display":"","ast-hfb-below-header-display":"","ast-hfb-mobile-header-display":"","site-post-title":"","ast-breadcrumbs-content":"","ast-featured-img":"","footer-sml-layout":"","theme-transparent-header-meta":"","adv-header-id-meta":"","stick-header-meta":"","header-above-stick-meta":"","header-main-stick-meta":"","header-below-stick-meta":"","astra-migrate-meta-layouts":"default","ast-page-background-enabled":"default","ast-page-background-meta":{"desktop":{"background-color":"var(--ast-global-color-4)","background-image":"","background-repeat":"repeat","background-position":"center center","background-size":"auto","background-attachment":"scroll","background-type":"","background-media":"","overlay-type":"","overlay-color":"","overlay-opacity":"","overlay-gradient":""},"tablet":{"background-color":"","background-image":"","background-repeat":"repeat","background-position":"center center","background-size":"auto","background-attachment":"scroll","background-type":"","background-media":"","overlay-type":"","overlay-color":"","overlay-opacity":"","overlay-gradient":""},"mobile":{"background-color":"","background-image":"","background-repeat":"repeat","background-position":"center center","background-size":"auto","background-attachment":"scroll","background-type":"","background-media":"","overlay-type":"","overlay-color":"","overlay-opacity":"","overlay-gradient":""}},"ast-content-background-meta":{"desktop":{"background-color":"var(--ast-global-color-5)","background-image":"","background-repeat":"repeat","background-position":"center center","background-size":"auto","background-attachment":"scroll","background-type":"","background-media":"","overlay-type":"","overlay-color":"","overlay-opacity":"","overlay-gradient":""},"tablet":{"background-color":"var(--ast-global-color-5)","background-image":"","background-repeat":"repeat","background-position":"center center","background-size":"auto","background-attachment":"scroll","background-type":"","background-media":"","overlay-type":"","overlay-color":"","overlay-opacity":"","overlay-gradient":""},"mobile":{"background-color":"var(--ast-global-color-5)","background-image":"","background-repeat":"repeat","background-position":"center center","background-size":"auto","background-attachment":"scroll","background-type":"","background-media":"","overlay-type":"","overlay-color":"","overlay-opacity":"","overlay-gradient":""}},"footnotes":""},"categories":[102,1,117,103,4],"tags":[],"class_list":["post-2618","post","type-post","status-publish","format-standard","hentry","category-ens-quedem-a-casa","category-general","category-homenatge-rodari","category-mestres-accio","category-portada"],"post_mailing_queue_ids":[],"_links":{"self":[{"href":"https:\/\/agora.xtec.cat\/escolagaudisantboi\/wp-json\/wp\/v2\/posts\/2618","targetHints":{"allow":["GET"]}}],"collection":[{"href":"https:\/\/agora.xtec.cat\/escolagaudisantboi\/wp-json\/wp\/v2\/posts"}],"about":[{"href":"https:\/\/agora.xtec.cat\/escolagaudisantboi\/wp-json\/wp\/v2\/types\/post"}],"author":[{"embeddable":true,"href":"https:\/\/agora.xtec.cat\/escolagaudisantboi\/wp-json\/wp\/v2\/users\/1"}],"replies":[{"embeddable":true,"href":"https:\/\/agora.xtec.cat\/escolagaudisantboi\/wp-json\/wp\/v2\/comments?post=2618"}],"version-history":[{"count":2,"href":"https:\/\/agora.xtec.cat\/escolagaudisantboi\/wp-json\/wp\/v2\/posts\/2618\/revisions"}],"predecessor-version":[{"id":2620,"href":"https:\/\/agora.xtec.cat\/escolagaudisantboi\/wp-json\/wp\/v2\/posts\/2618\/revisions\/2620"}],"wp:attachment":[{"href":"https:\/\/agora.xtec.cat\/escolagaudisantboi\/wp-json\/wp\/v2\/media?parent=2618"}],"wp:term":[{"taxonomy":"category","embeddable":true,"href":"https:\/\/agora.xtec.cat\/escolagaudisantboi\/wp-json\/wp\/v2\/categories?post=2618"},{"taxonomy":"post_tag","embeddable":true,"href":"https:\/\/agora.xtec.cat\/escolagaudisantboi\/wp-json\/wp\/v2\/tags?post=2618"}],"curies":[{"name":"wp","href":"https:\/\/api.w.org\/{rel}","templated":true}]}}