{"id":2515,"date":"2020-05-11T08:45:54","date_gmt":"2020-05-11T06:45:54","guid":{"rendered":"https:\/\/agora.xtec.cat\/escolagaudisantboi\/?p=2515"},"modified":"2020-05-11T01:33:25","modified_gmt":"2020-05-10T23:33:25","slug":"un-conte-per-telefon-a-ca-leugeni","status":"publish","type":"post","link":"https:\/\/agora.xtec.cat\/escolagaudisantboi\/general\/un-conte-per-telefon-a-ca-leugeni\/","title":{"rendered":"Un conte per tel\u00e8fon a Ca l&#8217;Eugeni"},"content":{"rendered":"<div dir=\"auto\">\n<div dir=\"auto\">\n<p dir=\"auto\" style=\"text-align: justify;\">Heu jugat mai a inventar un nou llenguatge secret? <a href=\"https:\/\/agora.xtec.cat\/escolagaudisantboi\/wp-content\/uploads\/usu2030\/2020\/05\/Brif-Bruf-Braf-2-1.jpg\"><img loading=\"lazy\" decoding=\"async\" class=\"wp-image-2527 alignnone\" src=\"https:\/\/agora.xtec.cat\/escolagaudisantboi\/wp-content\/uploads\/usu2030\/2020\/05\/Brif-Bruf-Braf-2-1-1024x357.jpg\" alt=\"\" width=\"252\" height=\"88\" srcset=\"https:\/\/agora.xtec.cat\/escolagaudisantboi\/wp-content\/uploads\/usu2030\/2020\/05\/Brif-Bruf-Braf-2-1-1024x357.jpg 1024w, https:\/\/agora.xtec.cat\/escolagaudisantboi\/wp-content\/uploads\/usu2030\/2020\/05\/Brif-Bruf-Braf-2-1-300x104.jpg 300w, https:\/\/agora.xtec.cat\/escolagaudisantboi\/wp-content\/uploads\/usu2030\/2020\/05\/Brif-Bruf-Braf-2-1-768x267.jpg 768w, https:\/\/agora.xtec.cat\/escolagaudisantboi\/wp-content\/uploads\/usu2030\/2020\/05\/Brif-Bruf-Braf-2-1.jpg 1361w\" sizes=\"auto, (max-width: 252px) 100vw, 252px\" \/><\/a><\/p>\n<p dir=\"auto\" style=\"text-align: justify;\">L&#8217;Eugeni avui ens explica el conte <em><strong>&#8220;Brif, Bruf, Braf&#8221;<\/strong><\/em>, un llenguatge que nom\u00e9s entenen els nens del conte. Pot ser divertit imaginar all\u00f2 que no entenem, posant-nos les ulleres &#8221; de veure les coses de l&#8217;inrev\u00e9s&#8221;, o &#8220;de veure les coses impossibles&#8221;&#8230;<\/p>\n<p dir=\"auto\" style=\"text-align: justify;\">L&#8217;avi del conte s&#8217;ha posat les ulleres &#8220;de veure les coses boniques&#8221;. He dit ulleres? O volia dir orelles?<\/p>\n<p dir=\"auto\" style=\"text-align: justify;\">O potser \u00e9s la ment que hem d&#8217;obrir per descobrir la part positiva i la veritat dels missatges que ens arriben?<\/p>\n<p dir=\"auto\" style=\"text-align: justify;\">Ho provem? A veure si ens entenem!!<\/p>\n<p dir=\"auto\" style=\"text-align: justify;\"><span style=\"font-family: inherit; font-size: 1em;\">&#8211; Brif, bruf, braf!<\/span><\/p>\n<p dir=\"auto\" style=\"text-align: justify;\"><span style=\"font-family: inherit; font-size: 1em;\">&#8211; I tant que fa bon dia!<\/span><\/p>\n<p dir=\"auto\" style=\"text-align: justify;\"><span style=\"font-family: inherit; font-size: 1em;\">&#8211; Brif,brafbrifuf!!<\/span><\/p>\n<p dir=\"auto\" style=\"text-align: justify;\"><span style=\"font-family: inherit; font-size: 1em;\">&#8211; Tens ra\u00f3, els animals surten dels seus amagatalls.<\/span><\/p>\n<p dir=\"auto\" style=\"text-align: justify;\"><span style=\"font-family: inherit; font-size: 1em;\">&#8211; Brif!! Brufbrafibrif!!<\/span><\/p>\n<p dir=\"auto\" style=\"text-align: justify;\"><span style=\"font-family: inherit; font-size: 1em;\">&#8211; S\u00ed,s\u00ed!! I tamb\u00e9 estem molt contents de veure gent al carrer!!<\/span><\/p>\n<p dir=\"auto\" style=\"text-align: justify;\"><span style=\"font-family: inherit; font-size: 1em;\">&#8211; Brofbrofbrof!!<\/span><\/p>\n<p dir=\"auto\" style=\"text-align: justify;\"><span style=\"font-family: inherit; font-size: 1em;\">&#8211; I tant que s\u00ed, un dia ens farem una abra\u00e7ada, amic!<\/span><\/p>\n<p dir=\"auto\">Oi que \u00e9s divertit? Escolteu b\u00e9 i juguem-hi!!<\/p>\n<p dir=\"auto\">BON DIA I GAUDIU DEL CONTE!<\/p>\n<div class=\"ast-oembed-container \" style=\"height: 100%;\"><iframe loading=\"lazy\" title=\"Conte per tel\u00e8fon 14_Eugeni\" width=\"500\" height=\"281\" src=\"https:\/\/www.youtube.com\/embed\/h1KhCax7TeI?feature=oembed\" frameborder=\"0\" allow=\"accelerometer; autoplay; clipboard-write; encrypted-media; gyroscope; picture-in-picture; web-share\" referrerpolicy=\"strict-origin-when-cross-origin\" allowfullscreen><\/iframe><\/div>\n<\/div>\n<\/div>\n","protected":false},"excerpt":{"rendered":"<p>Heu jugat mai a inventar un nou llenguatge secret? L&#8217;Eugeni avui ens explica el conte &#8220;Brif, Bruf, Braf&#8221;, un llenguatge que nom\u00e9s entenen els nens del conte. Pot ser divertit imaginar all\u00f2 que no entenem, posant-nos les ulleres &#8221; de veure les coses de l&#8217;inrev\u00e9s&#8221;, o &#8220;de veure les coses impossibles&#8221;&#8230; L&#8217;avi del conte s&#8217;ha [&hellip;]<\/p>\n","protected":false},"author":1,"featured_media":2524,"comment_status":"open","ping_status":"closed","sticky":false,"template":"","format":"standard","meta":{"_bbp_topic_count":0,"_bbp_reply_count":0,"_bbp_total_topic_count":0,"_bbp_total_reply_count":0,"_bbp_voice_count":0,"_bbp_anonymous_reply_count":0,"_bbp_topic_count_hidden":0,"_bbp_reply_count_hidden":0,"_bbp_forum_subforum_count":0,"site-sidebar-layout":"default","site-content-layout":"","ast-site-content-layout":"","site-content-style":"default","site-sidebar-style":"default","ast-global-header-display":"","ast-banner-title-visibility":"","ast-main-header-display":"","ast-hfb-above-header-display":"","ast-hfb-below-header-display":"","ast-hfb-mobile-header-display":"","site-post-title":"","ast-breadcrumbs-content":"","ast-featured-img":"","footer-sml-layout":"","theme-transparent-header-meta":"","adv-header-id-meta":"","stick-header-meta":"","header-above-stick-meta":"","header-main-stick-meta":"","header-below-stick-meta":"","astra-migrate-meta-layouts":"default","ast-page-background-enabled":"default","ast-page-background-meta":{"desktop":{"background-color":"var(--ast-global-color-4)","background-image":"","background-repeat":"repeat","background-position":"center center","background-size":"auto","background-attachment":"scroll","background-type":"","background-media":"","overlay-type":"","overlay-color":"","overlay-opacity":"","overlay-gradient":""},"tablet":{"background-color":"","background-image":"","background-repeat":"repeat","background-position":"center center","background-size":"auto","background-attachment":"scroll","background-type":"","background-media":"","overlay-type":"","overlay-color":"","overlay-opacity":"","overlay-gradient":""},"mobile":{"background-color":"","background-image":"","background-repeat":"repeat","background-position":"center center","background-size":"auto","background-attachment":"scroll","background-type":"","background-media":"","overlay-type":"","overlay-color":"","overlay-opacity":"","overlay-gradient":""}},"ast-content-background-meta":{"desktop":{"background-color":"var(--ast-global-color-5)","background-image":"","background-repeat":"repeat","background-position":"center center","background-size":"auto","background-attachment":"scroll","background-type":"","background-media":"","overlay-type":"","overlay-color":"","overlay-opacity":"","overlay-gradient":""},"tablet":{"background-color":"var(--ast-global-color-5)","background-image":"","background-repeat":"repeat","background-position":"center center","background-size":"auto","background-attachment":"scroll","background-type":"","background-media":"","overlay-type":"","overlay-color":"","overlay-opacity":"","overlay-gradient":""},"mobile":{"background-color":"var(--ast-global-color-5)","background-image":"","background-repeat":"repeat","background-position":"center center","background-size":"auto","background-attachment":"scroll","background-type":"","background-media":"","overlay-type":"","overlay-color":"","overlay-opacity":"","overlay-gradient":""}},"footnotes":""},"categories":[102,1,117,103,4],"tags":[],"class_list":["post-2515","post","type-post","status-publish","format-standard","has-post-thumbnail","hentry","category-ens-quedem-a-casa","category-general","category-homenatge-rodari","category-mestres-accio","category-portada"],"post_mailing_queue_ids":[],"_links":{"self":[{"href":"https:\/\/agora.xtec.cat\/escolagaudisantboi\/wp-json\/wp\/v2\/posts\/2515","targetHints":{"allow":["GET"]}}],"collection":[{"href":"https:\/\/agora.xtec.cat\/escolagaudisantboi\/wp-json\/wp\/v2\/posts"}],"about":[{"href":"https:\/\/agora.xtec.cat\/escolagaudisantboi\/wp-json\/wp\/v2\/types\/post"}],"author":[{"embeddable":true,"href":"https:\/\/agora.xtec.cat\/escolagaudisantboi\/wp-json\/wp\/v2\/users\/1"}],"replies":[{"embeddable":true,"href":"https:\/\/agora.xtec.cat\/escolagaudisantboi\/wp-json\/wp\/v2\/comments?post=2515"}],"version-history":[{"count":3,"href":"https:\/\/agora.xtec.cat\/escolagaudisantboi\/wp-json\/wp\/v2\/posts\/2515\/revisions"}],"predecessor-version":[{"id":2529,"href":"https:\/\/agora.xtec.cat\/escolagaudisantboi\/wp-json\/wp\/v2\/posts\/2515\/revisions\/2529"}],"wp:featuredmedia":[{"embeddable":true,"href":"https:\/\/agora.xtec.cat\/escolagaudisantboi\/wp-json\/wp\/v2\/media\/2524"}],"wp:attachment":[{"href":"https:\/\/agora.xtec.cat\/escolagaudisantboi\/wp-json\/wp\/v2\/media?parent=2515"}],"wp:term":[{"taxonomy":"category","embeddable":true,"href":"https:\/\/agora.xtec.cat\/escolagaudisantboi\/wp-json\/wp\/v2\/categories?post=2515"},{"taxonomy":"post_tag","embeddable":true,"href":"https:\/\/agora.xtec.cat\/escolagaudisantboi\/wp-json\/wp\/v2\/tags?post=2515"}],"curies":[{"name":"wp","href":"https:\/\/api.w.org\/{rel}","templated":true}]}}