{"id":2467,"date":"2020-05-08T17:58:20","date_gmt":"2020-05-08T15:58:20","guid":{"rendered":"https:\/\/agora.xtec.cat\/escolagaudisantboi\/?p=2467"},"modified":"2020-05-08T22:57:02","modified_gmt":"2020-05-08T20:57:02","slug":"la-salma-i-la-seva-cosina","status":"publish","type":"post","link":"https:\/\/agora.xtec.cat\/escolagaudisantboi\/portada\/la-salma-i-la-seva-cosina\/","title":{"rendered":"La Salma i la seva cosina"},"content":{"rendered":"<p style=\"text-align: justify;\">Hola, ara feia dies que no compart\u00edem missatges amb vosaltres i ja en ten\u00edem moltes ganes. Dins l\u2019escola ja sabeu que tenim una gran varietat de cultures i vol\u00edem aprofitar aquests dies en que estem m\u00e9s temps amb la fam\u00edlia i estem parlant molt amb els familiars i amics per compartir-ho i con\u00e8ixer-nos millor.<\/p>\n<p style=\"text-align: justify;\">En aquest cas, la Salma ens parla d\u2019ella i ens presenta a la seva cosina que ens diu: Hola Salma! Soc la Farah, la cosina de la Salma des de Tanger. No sortiu de casa per eliminar el coronavirus. Aix\u00ed podreu venir aquest estiu. Salutacions per a tu i per a tots. Recordeu, no sortiu de casa per despr\u00e9s poder abra\u00e7ar-nos i jugar. Queda&#8217;t a casa!!<\/p>\n<p style=\"text-align: justify;\">Ja sabeu, feu cas de les recomanacions i cuideu-vos molt per poder abra\u00e7ar-nos i jugar aviat!!!!<\/p>\n<p style=\"text-align: justify;\">Gr\u00e0cies Salma i Farah!!!<\/p>\n<p style=\"text-align: justify;\">Una forta abra\u00e7ada!!!<\/p>\n<div class=\"ast-oembed-container \" style=\"height: 100%;\"><iframe loading=\"lazy\" title=\"Salma\" width=\"500\" height=\"281\" src=\"https:\/\/www.youtube.com\/embed\/c94mHlML0Ag?feature=oembed\" frameborder=\"0\" allow=\"accelerometer; autoplay; clipboard-write; encrypted-media; gyroscope; picture-in-picture; web-share\" referrerpolicy=\"strict-origin-when-cross-origin\" allowfullscreen><\/iframe><\/div>\n<div class=\"ast-oembed-container \" style=\"height: 100%;\"><iframe loading=\"lazy\" title=\"Salma cosina\" width=\"500\" height=\"281\" src=\"https:\/\/www.youtube.com\/embed\/rB7nAX5PC9o?feature=oembed\" frameborder=\"0\" allow=\"accelerometer; autoplay; clipboard-write; encrypted-media; gyroscope; picture-in-picture; web-share\" referrerpolicy=\"strict-origin-when-cross-origin\" allowfullscreen><\/iframe><\/div>\n","protected":false},"excerpt":{"rendered":"<p>Hola, ara feia dies que no compart\u00edem missatges amb vosaltres i ja en ten\u00edem moltes ganes. Dins l\u2019escola ja sabeu que tenim una gran varietat de cultures i vol\u00edem aprofitar aquests dies en que estem m\u00e9s temps amb la fam\u00edlia i estem parlant molt amb els familiars i amics per compartir-ho i con\u00e8ixer-nos millor. En [&hellip;]<\/p>\n","protected":false},"author":2,"featured_media":2481,"comment_status":"open","ping_status":"closed","sticky":false,"template":"","format":"standard","meta":{"_bbp_topic_count":0,"_bbp_reply_count":0,"_bbp_total_topic_count":0,"_bbp_total_reply_count":0,"_bbp_voice_count":0,"_bbp_anonymous_reply_count":0,"_bbp_topic_count_hidden":0,"_bbp_reply_count_hidden":0,"_bbp_forum_subforum_count":0,"site-sidebar-layout":"default","site-content-layout":"","ast-site-content-layout":"","site-content-style":"default","site-sidebar-style":"default","ast-global-header-display":"","ast-banner-title-visibility":"","ast-main-header-display":"","ast-hfb-above-header-display":"","ast-hfb-below-header-display":"","ast-hfb-mobile-header-display":"","site-post-title":"","ast-breadcrumbs-content":"","ast-featured-img":"","footer-sml-layout":"","theme-transparent-header-meta":"","adv-header-id-meta":"","stick-header-meta":"","header-above-stick-meta":"","header-main-stick-meta":"","header-below-stick-meta":"","astra-migrate-meta-layouts":"default","ast-page-background-enabled":"default","ast-page-background-meta":{"desktop":{"background-color":"var(--ast-global-color-4)","background-image":"","background-repeat":"repeat","background-position":"center center","background-size":"auto","background-attachment":"scroll","background-type":"","background-media":"","overlay-type":"","overlay-color":"","overlay-opacity":"","overlay-gradient":""},"tablet":{"background-color":"","background-image":"","background-repeat":"repeat","background-position":"center center","background-size":"auto","background-attachment":"scroll","background-type":"","background-media":"","overlay-type":"","overlay-color":"","overlay-opacity":"","overlay-gradient":""},"mobile":{"background-color":"","background-image":"","background-repeat":"repeat","background-position":"center center","background-size":"auto","background-attachment":"scroll","background-type":"","background-media":"","overlay-type":"","overlay-color":"","overlay-opacity":"","overlay-gradient":""}},"ast-content-background-meta":{"desktop":{"background-color":"var(--ast-global-color-5)","background-image":"","background-repeat":"repeat","background-position":"center center","background-size":"auto","background-attachment":"scroll","background-type":"","background-media":"","overlay-type":"","overlay-color":"","overlay-opacity":"","overlay-gradient":""},"tablet":{"background-color":"var(--ast-global-color-5)","background-image":"","background-repeat":"repeat","background-position":"center center","background-size":"auto","background-attachment":"scroll","background-type":"","background-media":"","overlay-type":"","overlay-color":"","overlay-opacity":"","overlay-gradient":""},"mobile":{"background-color":"var(--ast-global-color-5)","background-image":"","background-repeat":"repeat","background-position":"center center","background-size":"auto","background-attachment":"scroll","background-type":"","background-media":"","overlay-type":"","overlay-color":"","overlay-opacity":"","overlay-gradient":""}},"footnotes":""},"categories":[102,112,4],"tags":[88,89,90,93,91],"class_list":["post-2467","post","type-post","status-publish","format-standard","has-post-thumbnail","hentry","category-ens-quedem-a-casa","category-oberts-al-mon","category-portada","tag-cicle-inicial","tag-cicle-mitja","tag-cicle-superior","tag-educacio-infantil","tag-families"],"post_mailing_queue_ids":[],"_links":{"self":[{"href":"https:\/\/agora.xtec.cat\/escolagaudisantboi\/wp-json\/wp\/v2\/posts\/2467","targetHints":{"allow":["GET"]}}],"collection":[{"href":"https:\/\/agora.xtec.cat\/escolagaudisantboi\/wp-json\/wp\/v2\/posts"}],"about":[{"href":"https:\/\/agora.xtec.cat\/escolagaudisantboi\/wp-json\/wp\/v2\/types\/post"}],"author":[{"embeddable":true,"href":"https:\/\/agora.xtec.cat\/escolagaudisantboi\/wp-json\/wp\/v2\/users\/2"}],"replies":[{"embeddable":true,"href":"https:\/\/agora.xtec.cat\/escolagaudisantboi\/wp-json\/wp\/v2\/comments?post=2467"}],"version-history":[{"count":3,"href":"https:\/\/agora.xtec.cat\/escolagaudisantboi\/wp-json\/wp\/v2\/posts\/2467\/revisions"}],"predecessor-version":[{"id":2487,"href":"https:\/\/agora.xtec.cat\/escolagaudisantboi\/wp-json\/wp\/v2\/posts\/2467\/revisions\/2487"}],"wp:featuredmedia":[{"embeddable":true,"href":"https:\/\/agora.xtec.cat\/escolagaudisantboi\/wp-json\/wp\/v2\/media\/2481"}],"wp:attachment":[{"href":"https:\/\/agora.xtec.cat\/escolagaudisantboi\/wp-json\/wp\/v2\/media?parent=2467"}],"wp:term":[{"taxonomy":"category","embeddable":true,"href":"https:\/\/agora.xtec.cat\/escolagaudisantboi\/wp-json\/wp\/v2\/categories?post=2467"},{"taxonomy":"post_tag","embeddable":true,"href":"https:\/\/agora.xtec.cat\/escolagaudisantboi\/wp-json\/wp\/v2\/tags?post=2467"}],"curies":[{"name":"wp","href":"https:\/\/api.w.org\/{rel}","templated":true}]}}