{"id":2375,"date":"2020-05-06T09:00:24","date_gmt":"2020-05-06T07:00:24","guid":{"rendered":"https:\/\/agora.xtec.cat\/escolagaudisantboi\/?p=2375"},"modified":"2020-05-07T08:25:38","modified_gmt":"2020-05-07T06:25:38","slug":"un-conte-per-telefon-a-ca-la-judit","status":"publish","type":"post","link":"https:\/\/agora.xtec.cat\/escolagaudisantboi\/general\/un-conte-per-telefon-a-ca-la-judit\/","title":{"rendered":"Un conte per tel\u00e8fon a Ca la Judit"},"content":{"rendered":"<p style=\"text-align: justify;\">Ai que de vegades els avis i les \u00e0vies no saben explicar les hist\u00f2ries!!! O potser els contes els podem inventar, canviar, allargar, escur\u00e7ar&#8230;?<a href=\"https:\/\/agora.xtec.cat\/escolagaudisantboi\/wp-content\/uploads\/usu2030\/2020\/05\/DIBUIX-EMBOLICAR-LA-TROCA-001.jpg\"><img loading=\"lazy\" decoding=\"async\" class=\"wp-image-2428 alignright\" src=\"https:\/\/agora.xtec.cat\/escolagaudisantboi\/wp-content\/uploads\/usu2030\/2020\/05\/DIBUIX-EMBOLICAR-LA-TROCA-001.jpg\" alt=\"\" width=\"331\" height=\"182\" srcset=\"https:\/\/agora.xtec.cat\/escolagaudisantboi\/wp-content\/uploads\/usu2030\/2020\/05\/DIBUIX-EMBOLICAR-LA-TROCA-001.jpg 780w, https:\/\/agora.xtec.cat\/escolagaudisantboi\/wp-content\/uploads\/usu2030\/2020\/05\/DIBUIX-EMBOLICAR-LA-TROCA-001-300x165.jpg 300w, https:\/\/agora.xtec.cat\/escolagaudisantboi\/wp-content\/uploads\/usu2030\/2020\/05\/DIBUIX-EMBOLICAR-LA-TROCA-001-768x422.jpg 768w\" sizes=\"auto, (max-width: 331px) 100vw, 331px\" \/><\/a><\/p>\n<p dir=\"auto\" style=\"text-align: justify;\">Escolteu la Judit que ens explica el conte <em><strong>&#8220;Embolicant la troca&#8221;\u00a0<\/strong><\/em> i veureu com aquest avi li explica la Caputxeta groga&#8230;ai no!,\u00a0 vermella!, a la seva neta. Quin avi tan trapella!! Com en sap d&#8217;embolicar la troca!!<\/p>\n<p dir=\"auto\" style=\"text-align: justify;\">Avui podeu jugar a embolicar la troca amb\u00a0 la vostra fam\u00edlia!!\u00a0Una troca ben embolicada&#8230; una estona ben engrescada!!<\/p>\n<p dir=\"auto\" style=\"text-align: justify;\">BON DIA I GAUDIU DEL CONTE!<\/p>\n<div class=\"ast-oembed-container \" style=\"height: 100%;\"><iframe loading=\"lazy\" title=\"Contes per tel\u00e8fon 9_Judit\" width=\"500\" height=\"281\" src=\"https:\/\/www.youtube.com\/embed\/GqND_hRsAR0?feature=oembed\" frameborder=\"0\" allow=\"accelerometer; autoplay; clipboard-write; encrypted-media; gyroscope; picture-in-picture; web-share\" referrerpolicy=\"strict-origin-when-cross-origin\" allowfullscreen><\/iframe><\/div>\n","protected":false},"excerpt":{"rendered":"<p>Ai que de vegades els avis i les \u00e0vies no saben explicar les hist\u00f2ries!!! O potser els contes els podem inventar, canviar, allargar, escur\u00e7ar&#8230;? Escolteu la Judit que ens explica el conte &#8220;Embolicant la troca&#8221;\u00a0 i veureu com aquest avi li explica la Caputxeta groga&#8230;ai no!,\u00a0 vermella!, a la seva neta. Quin avi tan trapella!! [&hellip;]<\/p>\n","protected":false},"author":1,"featured_media":2428,"comment_status":"open","ping_status":"closed","sticky":false,"template":"","format":"standard","meta":{"_bbp_topic_count":0,"_bbp_reply_count":0,"_bbp_total_topic_count":0,"_bbp_total_reply_count":0,"_bbp_voice_count":0,"_bbp_anonymous_reply_count":0,"_bbp_topic_count_hidden":0,"_bbp_reply_count_hidden":0,"_bbp_forum_subforum_count":0,"site-sidebar-layout":"default","site-content-layout":"","ast-site-content-layout":"","site-content-style":"default","site-sidebar-style":"default","ast-global-header-display":"","ast-banner-title-visibility":"","ast-main-header-display":"","ast-hfb-above-header-display":"","ast-hfb-below-header-display":"","ast-hfb-mobile-header-display":"","site-post-title":"","ast-breadcrumbs-content":"","ast-featured-img":"","footer-sml-layout":"","theme-transparent-header-meta":"","adv-header-id-meta":"","stick-header-meta":"","header-above-stick-meta":"","header-main-stick-meta":"","header-below-stick-meta":"","astra-migrate-meta-layouts":"default","ast-page-background-enabled":"default","ast-page-background-meta":{"desktop":{"background-color":"var(--ast-global-color-4)","background-image":"","background-repeat":"repeat","background-position":"center center","background-size":"auto","background-attachment":"scroll","background-type":"","background-media":"","overlay-type":"","overlay-color":"","overlay-opacity":"","overlay-gradient":""},"tablet":{"background-color":"","background-image":"","background-repeat":"repeat","background-position":"center center","background-size":"auto","background-attachment":"scroll","background-type":"","background-media":"","overlay-type":"","overlay-color":"","overlay-opacity":"","overlay-gradient":""},"mobile":{"background-color":"","background-image":"","background-repeat":"repeat","background-position":"center center","background-size":"auto","background-attachment":"scroll","background-type":"","background-media":"","overlay-type":"","overlay-color":"","overlay-opacity":"","overlay-gradient":""}},"ast-content-background-meta":{"desktop":{"background-color":"var(--ast-global-color-5)","background-image":"","background-repeat":"repeat","background-position":"center center","background-size":"auto","background-attachment":"scroll","background-type":"","background-media":"","overlay-type":"","overlay-color":"","overlay-opacity":"","overlay-gradient":""},"tablet":{"background-color":"var(--ast-global-color-5)","background-image":"","background-repeat":"repeat","background-position":"center center","background-size":"auto","background-attachment":"scroll","background-type":"","background-media":"","overlay-type":"","overlay-color":"","overlay-opacity":"","overlay-gradient":""},"mobile":{"background-color":"var(--ast-global-color-5)","background-image":"","background-repeat":"repeat","background-position":"center center","background-size":"auto","background-attachment":"scroll","background-type":"","background-media":"","overlay-type":"","overlay-color":"","overlay-opacity":"","overlay-gradient":""}},"footnotes":""},"categories":[102,1,117,103,4],"tags":[],"class_list":["post-2375","post","type-post","status-publish","format-standard","has-post-thumbnail","hentry","category-ens-quedem-a-casa","category-general","category-homenatge-rodari","category-mestres-accio","category-portada"],"post_mailing_queue_ids":[],"_links":{"self":[{"href":"https:\/\/agora.xtec.cat\/escolagaudisantboi\/wp-json\/wp\/v2\/posts\/2375","targetHints":{"allow":["GET"]}}],"collection":[{"href":"https:\/\/agora.xtec.cat\/escolagaudisantboi\/wp-json\/wp\/v2\/posts"}],"about":[{"href":"https:\/\/agora.xtec.cat\/escolagaudisantboi\/wp-json\/wp\/v2\/types\/post"}],"author":[{"embeddable":true,"href":"https:\/\/agora.xtec.cat\/escolagaudisantboi\/wp-json\/wp\/v2\/users\/1"}],"replies":[{"embeddable":true,"href":"https:\/\/agora.xtec.cat\/escolagaudisantboi\/wp-json\/wp\/v2\/comments?post=2375"}],"version-history":[{"count":4,"href":"https:\/\/agora.xtec.cat\/escolagaudisantboi\/wp-json\/wp\/v2\/posts\/2375\/revisions"}],"predecessor-version":[{"id":2432,"href":"https:\/\/agora.xtec.cat\/escolagaudisantboi\/wp-json\/wp\/v2\/posts\/2375\/revisions\/2432"}],"wp:featuredmedia":[{"embeddable":true,"href":"https:\/\/agora.xtec.cat\/escolagaudisantboi\/wp-json\/wp\/v2\/media\/2428"}],"wp:attachment":[{"href":"https:\/\/agora.xtec.cat\/escolagaudisantboi\/wp-json\/wp\/v2\/media?parent=2375"}],"wp:term":[{"taxonomy":"category","embeddable":true,"href":"https:\/\/agora.xtec.cat\/escolagaudisantboi\/wp-json\/wp\/v2\/categories?post=2375"},{"taxonomy":"post_tag","embeddable":true,"href":"https:\/\/agora.xtec.cat\/escolagaudisantboi\/wp-json\/wp\/v2\/tags?post=2375"}],"curies":[{"name":"wp","href":"https:\/\/api.w.org\/{rel}","templated":true}]}}