{"id":2318,"date":"2020-05-02T09:00:24","date_gmt":"2020-05-02T07:00:24","guid":{"rendered":"https:\/\/agora.xtec.cat\/escolagaudisantboi\/?p=2318"},"modified":"2020-05-02T09:01:19","modified_gmt":"2020-05-02T07:01:19","slug":"un-conte-per-telefon-a-ca-la-sandra","status":"publish","type":"post","link":"https:\/\/agora.xtec.cat\/escolagaudisantboi\/general\/un-conte-per-telefon-a-ca-la-sandra\/","title":{"rendered":"Un conte per tel\u00e8fon a Ca la Sandra"},"content":{"rendered":"<p style=\"text-align: justify;\"><a href=\"https:\/\/agora.xtec.cat\/escolagaudisantboi\/wp-content\/uploads\/usu2030\/2020\/04\/DIBUIX-PAIS-DES-001.jpg\"><img loading=\"lazy\" decoding=\"async\" class=\" wp-image-2320 alignright\" src=\"https:\/\/agora.xtec.cat\/escolagaudisantboi\/wp-content\/uploads\/usu2030\/2020\/04\/DIBUIX-PAIS-DES-001.jpg\" alt=\"\" width=\"446\" height=\"227\" srcset=\"https:\/\/agora.xtec.cat\/escolagaudisantboi\/wp-content\/uploads\/usu2030\/2020\/04\/DIBUIX-PAIS-DES-001.jpg 977w, https:\/\/agora.xtec.cat\/escolagaudisantboi\/wp-content\/uploads\/usu2030\/2020\/04\/DIBUIX-PAIS-DES-001-300x152.jpg 300w, https:\/\/agora.xtec.cat\/escolagaudisantboi\/wp-content\/uploads\/usu2030\/2020\/04\/DIBUIX-PAIS-DES-001-768x390.jpg 768w\" sizes=\"auto, (max-width: 446px) 100vw, 446px\" \/><\/a>Aquest cop, el gran viatger en Joanet Rodam\u00f3n ha arribat a <strong><em>&#8220;El pa\u00eds amb el &#8220;des&#8221; al davant&#8221;<\/em><\/strong>. Aquest conte ens l&#8217;explica la Sandra, estudiant del Grau de Mestre, que est\u00e0 fent les pr\u00e0ctiques a 5\u00e8 i a 2n a la nostra escola.<\/p>\n<div dir=\"auto\">\n<p style=\"text-align: justify;\">A en Joanet li va sorprendre al principi, per\u00f2 li va acabar agradant molt aquest pa\u00eds.<\/p>\n<p dir=\"auto\" style=\"text-align: justify;\">Us imagineu un pa\u00eds on pogu\u00e9ssim fer desapar\u00e8ixer totes les coses que no ens agraden posant-hi un &#8220;des&#8221;al davant? Potser&#8230;tindr\u00edem aviat\u00a0 &#8220;destristesa&#8221;, &#8220;despobresa&#8221;,&#8230;<wbr \/>desconfinament!!!!! Quina meravella, aquest pa\u00eds!! Us animeu a inventar paraules noves amb el &#8220;des&#8221;al davant per fer un pa\u00eds millor?<\/p>\n<p dir=\"auto\" style=\"text-align: justify;\">BON DIA I GAUDIU DEL CONTE!<\/p>\n<div class=\"ast-oembed-container \" style=\"height: 100%;\"><iframe loading=\"lazy\" title=\"Conte per tel\u00e8fon 5_Sandra\" width=\"500\" height=\"281\" src=\"https:\/\/www.youtube.com\/embed\/xcXHkoKOwFA?feature=oembed\" frameborder=\"0\" allow=\"accelerometer; autoplay; clipboard-write; encrypted-media; gyroscope; picture-in-picture; web-share\" referrerpolicy=\"strict-origin-when-cross-origin\" allowfullscreen><\/iframe><\/div>\n<\/div>\n","protected":false},"excerpt":{"rendered":"<p>Aquest cop, el gran viatger en Joanet Rodam\u00f3n ha arribat a &#8220;El pa\u00eds amb el &#8220;des&#8221; al davant&#8221;. Aquest conte ens l&#8217;explica la Sandra, estudiant del Grau de Mestre, que est\u00e0 fent les pr\u00e0ctiques a 5\u00e8 i a 2n a la nostra escola. A en Joanet li va sorprendre al principi, per\u00f2 li va acabar [&hellip;]<\/p>\n","protected":false},"author":1,"featured_media":2320,"comment_status":"open","ping_status":"closed","sticky":false,"template":"","format":"standard","meta":{"_bbp_topic_count":0,"_bbp_reply_count":0,"_bbp_total_topic_count":0,"_bbp_total_reply_count":0,"_bbp_voice_count":0,"_bbp_anonymous_reply_count":0,"_bbp_topic_count_hidden":0,"_bbp_reply_count_hidden":0,"_bbp_forum_subforum_count":0,"site-sidebar-layout":"default","site-content-layout":"","ast-site-content-layout":"","site-content-style":"default","site-sidebar-style":"default","ast-global-header-display":"","ast-banner-title-visibility":"","ast-main-header-display":"","ast-hfb-above-header-display":"","ast-hfb-below-header-display":"","ast-hfb-mobile-header-display":"","site-post-title":"","ast-breadcrumbs-content":"","ast-featured-img":"","footer-sml-layout":"","theme-transparent-header-meta":"","adv-header-id-meta":"","stick-header-meta":"","header-above-stick-meta":"","header-main-stick-meta":"","header-below-stick-meta":"","astra-migrate-meta-layouts":"default","ast-page-background-enabled":"default","ast-page-background-meta":{"desktop":{"background-color":"var(--ast-global-color-4)","background-image":"","background-repeat":"repeat","background-position":"center center","background-size":"auto","background-attachment":"scroll","background-type":"","background-media":"","overlay-type":"","overlay-color":"","overlay-opacity":"","overlay-gradient":""},"tablet":{"background-color":"","background-image":"","background-repeat":"repeat","background-position":"center center","background-size":"auto","background-attachment":"scroll","background-type":"","background-media":"","overlay-type":"","overlay-color":"","overlay-opacity":"","overlay-gradient":""},"mobile":{"background-color":"","background-image":"","background-repeat":"repeat","background-position":"center center","background-size":"auto","background-attachment":"scroll","background-type":"","background-media":"","overlay-type":"","overlay-color":"","overlay-opacity":"","overlay-gradient":""}},"ast-content-background-meta":{"desktop":{"background-color":"var(--ast-global-color-5)","background-image":"","background-repeat":"repeat","background-position":"center center","background-size":"auto","background-attachment":"scroll","background-type":"","background-media":"","overlay-type":"","overlay-color":"","overlay-opacity":"","overlay-gradient":""},"tablet":{"background-color":"var(--ast-global-color-5)","background-image":"","background-repeat":"repeat","background-position":"center center","background-size":"auto","background-attachment":"scroll","background-type":"","background-media":"","overlay-type":"","overlay-color":"","overlay-opacity":"","overlay-gradient":""},"mobile":{"background-color":"var(--ast-global-color-5)","background-image":"","background-repeat":"repeat","background-position":"center center","background-size":"auto","background-attachment":"scroll","background-type":"","background-media":"","overlay-type":"","overlay-color":"","overlay-opacity":"","overlay-gradient":""}},"footnotes":""},"categories":[102,1,117,103,4],"tags":[],"class_list":["post-2318","post","type-post","status-publish","format-standard","has-post-thumbnail","hentry","category-ens-quedem-a-casa","category-general","category-homenatge-rodari","category-mestres-accio","category-portada"],"post_mailing_queue_ids":[],"_links":{"self":[{"href":"https:\/\/agora.xtec.cat\/escolagaudisantboi\/wp-json\/wp\/v2\/posts\/2318","targetHints":{"allow":["GET"]}}],"collection":[{"href":"https:\/\/agora.xtec.cat\/escolagaudisantboi\/wp-json\/wp\/v2\/posts"}],"about":[{"href":"https:\/\/agora.xtec.cat\/escolagaudisantboi\/wp-json\/wp\/v2\/types\/post"}],"author":[{"embeddable":true,"href":"https:\/\/agora.xtec.cat\/escolagaudisantboi\/wp-json\/wp\/v2\/users\/1"}],"replies":[{"embeddable":true,"href":"https:\/\/agora.xtec.cat\/escolagaudisantboi\/wp-json\/wp\/v2\/comments?post=2318"}],"version-history":[{"count":3,"href":"https:\/\/agora.xtec.cat\/escolagaudisantboi\/wp-json\/wp\/v2\/posts\/2318\/revisions"}],"predecessor-version":[{"id":2370,"href":"https:\/\/agora.xtec.cat\/escolagaudisantboi\/wp-json\/wp\/v2\/posts\/2318\/revisions\/2370"}],"wp:featuredmedia":[{"embeddable":true,"href":"https:\/\/agora.xtec.cat\/escolagaudisantboi\/wp-json\/wp\/v2\/media\/2320"}],"wp:attachment":[{"href":"https:\/\/agora.xtec.cat\/escolagaudisantboi\/wp-json\/wp\/v2\/media?parent=2318"}],"wp:term":[{"taxonomy":"category","embeddable":true,"href":"https:\/\/agora.xtec.cat\/escolagaudisantboi\/wp-json\/wp\/v2\/categories?post=2318"},{"taxonomy":"post_tag","embeddable":true,"href":"https:\/\/agora.xtec.cat\/escolagaudisantboi\/wp-json\/wp\/v2\/tags?post=2318"}],"curies":[{"name":"wp","href":"https:\/\/api.w.org\/{rel}","templated":true}]}}