{"id":21756,"date":"2026-04-23T20:58:22","date_gmt":"2026-04-23T18:58:22","guid":{"rendered":"https:\/\/agora.xtec.cat\/escolagaudisantboi\/?p=21756"},"modified":"2026-04-24T19:02:41","modified_gmt":"2026-04-24T17:02:41","slug":"sant-jordi-2026","status":"publish","type":"post","link":"https:\/\/agora.xtec.cat\/escolagaudisantboi\/general\/sant-jordi-2026\/","title":{"rendered":"Sant Jordi 2026"},"content":{"rendered":"<p class=\"isSelectedEnd\">Aquesta tarda ha estat molt especial a l\u2019escola, ja que hem celebrat els <strong>Jocs Florals<\/strong>, un certamen literari que any rere any omple el centre de paraules, emocions i creativitat.<\/p>\n<p class=\"isSelectedEnd\">Els nostres alumnes han demostrat il\u00b7lusi\u00f3 i dedicaci\u00f3 en cadascun dels seus textos. La imaginaci\u00f3 ha volat ben amunt i la creativitat ha estat present en totes les categories.<\/p>\n<p class=\"isSelectedEnd\">Volem felicitar tots els participants per la seva implicaci\u00f3 i, especialment, els guanyadors i guanyadores d\u2019aquesta edici\u00f3. Ha estat una tarda per gaudir de la literatura i per posar en valor el poder de les paraules.<\/p>\n<p><strong>Gr\u00e0cies a tothom qui ho ha fet possible!<\/strong><\/p>\n<div class=\"ast-oembed-container \" style=\"height: 100%;\"><iframe loading=\"lazy\" title=\"JOCS FLORALS SANT JORDI 2026\" width=\"500\" height=\"281\" src=\"https:\/\/www.youtube.com\/embed\/2s4bp03sEzA?feature=oembed\" frameborder=\"0\" allow=\"accelerometer; autoplay; clipboard-write; encrypted-media; gyroscope; picture-in-picture; web-share\" referrerpolicy=\"strict-origin-when-cross-origin\" allowfullscreen><\/iframe><\/div>\n<p>&nbsp;<\/p>\n","protected":false},"excerpt":{"rendered":"<p>Aquesta tarda ha estat molt especial a l\u2019escola, ja que hem celebrat els Jocs Florals, un certamen literari que any rere any omple el centre de paraules, emocions i creativitat. Els nostres alumnes han demostrat il\u00b7lusi\u00f3 i dedicaci\u00f3 en cadascun dels seus textos. La imaginaci\u00f3 ha volat ben amunt i la creativitat ha estat present [&hellip;]<\/p>\n","protected":false},"author":34,"featured_media":21758,"comment_status":"open","ping_status":"open","sticky":false,"template":"","format":"standard","meta":{"_bbp_topic_count":0,"_bbp_reply_count":0,"_bbp_total_topic_count":0,"_bbp_total_reply_count":0,"_bbp_voice_count":0,"_bbp_anonymous_reply_count":0,"_bbp_topic_count_hidden":0,"_bbp_reply_count_hidden":0,"_bbp_forum_subforum_count":0,"site-sidebar-layout":"default","site-content-layout":"","ast-site-content-layout":"default","site-content-style":"default","site-sidebar-style":"default","ast-global-header-display":"","ast-banner-title-visibility":"","ast-main-header-display":"","ast-hfb-above-header-display":"","ast-hfb-below-header-display":"","ast-hfb-mobile-header-display":"","site-post-title":"","ast-breadcrumbs-content":"","ast-featured-img":"","footer-sml-layout":"","theme-transparent-header-meta":"default","adv-header-id-meta":"","stick-header-meta":"","header-above-stick-meta":"","header-main-stick-meta":"","header-below-stick-meta":"","astra-migrate-meta-layouts":"set","ast-page-background-enabled":"default","ast-page-background-meta":{"desktop":{"background-color":"var(--ast-global-color-4)","background-image":"","background-repeat":"repeat","background-position":"center center","background-size":"auto","background-attachment":"scroll","background-type":"","background-media":"","overlay-type":"","overlay-color":"","overlay-opacity":"","overlay-gradient":""},"tablet":{"background-color":"","background-image":"","background-repeat":"repeat","background-position":"center center","background-size":"auto","background-attachment":"scroll","background-type":"","background-media":"","overlay-type":"","overlay-color":"","overlay-opacity":"","overlay-gradient":""},"mobile":{"background-color":"","background-image":"","background-repeat":"repeat","background-position":"center center","background-size":"auto","background-attachment":"scroll","background-type":"","background-media":"","overlay-type":"","overlay-color":"","overlay-opacity":"","overlay-gradient":""}},"ast-content-background-meta":{"desktop":{"background-color":"var(--ast-global-color-5)","background-image":"","background-repeat":"repeat","background-position":"center center","background-size":"auto","background-attachment":"scroll","background-type":"","background-media":"","overlay-type":"","overlay-color":"","overlay-opacity":"","overlay-gradient":""},"tablet":{"background-color":"var(--ast-global-color-5)","background-image":"","background-repeat":"repeat","background-position":"center center","background-size":"auto","background-attachment":"scroll","background-type":"","background-media":"","overlay-type":"","overlay-color":"","overlay-opacity":"","overlay-gradient":""},"mobile":{"background-color":"var(--ast-global-color-5)","background-image":"","background-repeat":"repeat","background-position":"center center","background-size":"auto","background-attachment":"scroll","background-type":"","background-media":"","overlay-type":"","overlay-color":"","overlay-opacity":"","overlay-gradient":""}},"footnotes":""},"categories":[10,11,277,12,237,13,14,15,1,306,3,276,9,2,304,4,5],"tags":[269,272,93,68,124,115],"class_list":["post-21756","post","type-post","status-publish","format-standard","has-post-thumbnail","hentry","category-1r","category-2n","category-3r-2","category-3r","category-4rt","category-4t","category-5e","category-6e","category-general","category-grans","category-i3","category-i4","category-i5","category-infantil","category-petits","category-portada","category-primaria","tag-comunitat-grans","tag-comunitat-mitjans","tag-educacio-infantil","tag-festes","tag-jocs-florals","tag-sant-jordi"],"post_mailing_queue_ids":[],"_links":{"self":[{"href":"https:\/\/agora.xtec.cat\/escolagaudisantboi\/wp-json\/wp\/v2\/posts\/21756","targetHints":{"allow":["GET"]}}],"collection":[{"href":"https:\/\/agora.xtec.cat\/escolagaudisantboi\/wp-json\/wp\/v2\/posts"}],"about":[{"href":"https:\/\/agora.xtec.cat\/escolagaudisantboi\/wp-json\/wp\/v2\/types\/post"}],"author":[{"embeddable":true,"href":"https:\/\/agora.xtec.cat\/escolagaudisantboi\/wp-json\/wp\/v2\/users\/34"}],"replies":[{"embeddable":true,"href":"https:\/\/agora.xtec.cat\/escolagaudisantboi\/wp-json\/wp\/v2\/comments?post=21756"}],"version-history":[{"count":3,"href":"https:\/\/agora.xtec.cat\/escolagaudisantboi\/wp-json\/wp\/v2\/posts\/21756\/revisions"}],"predecessor-version":[{"id":21762,"href":"https:\/\/agora.xtec.cat\/escolagaudisantboi\/wp-json\/wp\/v2\/posts\/21756\/revisions\/21762"}],"wp:featuredmedia":[{"embeddable":true,"href":"https:\/\/agora.xtec.cat\/escolagaudisantboi\/wp-json\/wp\/v2\/media\/21758"}],"wp:attachment":[{"href":"https:\/\/agora.xtec.cat\/escolagaudisantboi\/wp-json\/wp\/v2\/media?parent=21756"}],"wp:term":[{"taxonomy":"category","embeddable":true,"href":"https:\/\/agora.xtec.cat\/escolagaudisantboi\/wp-json\/wp\/v2\/categories?post=21756"},{"taxonomy":"post_tag","embeddable":true,"href":"https:\/\/agora.xtec.cat\/escolagaudisantboi\/wp-json\/wp\/v2\/tags?post=21756"}],"curies":[{"name":"wp","href":"https:\/\/api.w.org\/{rel}","templated":true}]}}