{"id":2128,"date":"2020-04-21T19:54:32","date_gmt":"2020-04-21T17:54:32","guid":{"rendered":"https:\/\/agora.xtec.cat\/escolagaudisantboi\/?p=2128"},"modified":"2020-04-21T19:54:53","modified_gmt":"2020-04-21T17:54:53","slug":"canco-per-a-un-sant-jordi-diferent","status":"publish","type":"post","link":"https:\/\/agora.xtec.cat\/escolagaudisantboi\/general\/canco-per-a-un-sant-jordi-diferent\/","title":{"rendered":"Can\u00e7\u00f3 per a un Sant Jordi diferent"},"content":{"rendered":"<p style=\"text-align: justify;\">Continuant amb la preparaci\u00f3 de la diada de Sant Jordi que portem fent aquesta setmana, avui deixem pas a la m\u00fasica. \u00c9s una can\u00e7\u00f3 que ens envia la L\u00eda i la seva fam\u00edlia amb el desig de compartir-la amb tot l&#8217;equip de mestres, els infants i les fam\u00edlies del Gaud\u00ed i passar JUNTS un Sant Jordi diferent&#8230;<\/p>\n<p style=\"text-align: justify;\"><span class=\"style-scope yt-formatted-string\" dir=\"auto\">La can\u00e7\u00f3 col\u00b7lectiva &#8220;un Sant Jordi diferent&#8221; vol tranmetre l\u2019energia positiva del missatge que ens han ensenyat els infants: \u201ctot anir\u00e0 b\u00e9!\u201d<em>.\u00a0<\/em> El seu autor ens diu: <em>Aquest 23 d\u2019abril, la festa de l\u2019amor, les princeses, els cavallers i els llibres la passarem d\u2019una manera diferent, per\u00f2 la m\u00e0gia mai no defallir\u00e0. El proper dijous <\/em><\/span><em><span class=\"style-scope yt-formatted-string\" dir=\"auto\">no veurem roses al carrer, per\u00f2 tindrem el llibre que porta per nom T<\/span>ot Anira B\u00e9<span class=\"style-scope yt-formatted-string\" dir=\"auto\">!&#8221;<\/span><\/em><\/p>\n<div class=\"ast-oembed-container \" style=\"height: 100%;\"><iframe loading=\"lazy\" title=\"Un Sant Jordi Diferent - Can\u00e7\u00f3 Col\u00b7lectiva (Videoclip Oficial)\" width=\"500\" height=\"281\" src=\"https:\/\/www.youtube.com\/embed\/5Blo20LToGM?feature=oembed\" frameborder=\"0\" allow=\"accelerometer; autoplay; clipboard-write; encrypted-media; gyroscope; picture-in-picture; web-share\" referrerpolicy=\"strict-origin-when-cross-origin\" allowfullscreen><\/iframe><\/div>\n<p style=\"text-align: center;\"><strong>\u00a0UN SANT JORDI DIFERENT<\/strong><br \/>\n<em>lletra <span class=\"style-scope yt-formatted-string\" dir=\"auto\">Salva Racero, Xasqui Ten i L\u00eddia Coll<\/span><\/em><!--more--><\/p>\n<p style=\"text-align: center;\">La primera primavera, masovera<br \/>\ndel nostre obligat confinament.<\/p>\n<p style=\"text-align: center;\">Com aquella donzella,<br \/>\nabans que el drac apareguera,<\/p>\n<p style=\"text-align: center;\">li deia amb fermesa al cavaller:<\/p>\n<p style=\"text-align: center;\">Dona\u2019m una llan\u00e7a<br \/>\nv\u00e8rtex d\u2019esperan\u00e7a, fruit del nostre amor .<\/p>\n<p style=\"text-align: center;\"><strong>Passarem junts<\/strong><br \/>\n<strong>un Sant Jordi diferent,<\/strong><br \/>\n<strong>amb l\u2019anhel de la nostra gent<\/strong><\/p>\n<p style=\"text-align: center;\"><strong>confinats entre quatre parets<\/strong><br \/>\n<strong>Junts, sense roses al carrer<\/strong><br \/>\n<strong>per\u00f2 amb un llibre molt potent<\/strong><\/p>\n<p style=\"text-align: center;\"><strong>que avui porta per nom<\/strong><br \/>\n<strong>Tot anir\u00e0 b\u00e9.<\/strong><\/p>\n<p style=\"text-align: center;\">Cal confiar i no perdre mai l\u2019esperan\u00e7a.<br \/>\nUn nou dem\u00e0 es construeix sempre a<br \/>\ncerta dist\u00e0ncia.<\/p>\n<p style=\"text-align: center;\">Des del present, poder-ne ser conscient.<br \/>\nSer\u00e0 el moment d\u2019actuar ben diferent.<\/p>\n<p style=\"text-align: center;\">Llargues hores d\u2019incertesa, mentre la tristesa<br \/>\nfesteja la nostra captivitat.<\/p>\n<p style=\"text-align: center;\">Floriran m\u00e9s primaveres,<br \/>\nsorgiran noves donzelles<br \/>\nque s\u2019al\u00e7aran valentes per cridar:<\/p>\n<p style=\"text-align: center;\">Dona\u2019m una llan\u00e7a<br \/>\nv\u00e8rtex d\u2019esperan\u00e7a, fruit del nostre amor.<\/p>\n<p style=\"text-align: center;\"><strong>Passarem junts<\/strong><br \/>\n<strong>un Sant Jordi diferent,<\/strong><br \/>\n<strong>amb l\u2019anhel de la nostra gent<\/strong><br \/>\n<strong>confinats entre quatre parets<\/strong><br \/>\n<strong>Junts, sense roses al carrer<\/strong><br \/>\n<strong>per\u00f2 amb un llibre molt potent<\/strong><\/p>\n<p style=\"text-align: center;\"><strong>que avui porta per nom Tot anir\u00e0 b\u00e9.<\/strong><\/p>\n<p style=\"text-align: center;\">Desperta\u2019t, aixeca\u2019t, celebrem, junts<br \/>\ncantem per un Sant Jordi diferent.<\/p>\n<p style=\"text-align: center;\">El drac si vols pots v\u00e8ncer: sols dep\u00e8n de tu.<\/p>\n<p style=\"text-align: center;\">Un Sant Jordi diferent<br \/>\namb l\u2019anhel de la nostra gent<br \/>\nconfinats entre quatre parets, i <strong>junts,<\/strong><\/p>\n<p style=\"text-align: center;\"><strong>sense roses al carrer<\/strong><br \/>\n<strong>per\u00f2 amb un llibre molt potent<\/strong><br \/>\n<strong>que avui porta per nom<\/strong><\/p>\n<p style=\"text-align: center;\"><strong>Tot anir\u00e0 b\u00e9.<\/strong><\/p>\n<p style=\"text-align: center;\">Desperta\u2019t, aixeca\u2019t, celebrem, junts<br \/>\ncantem per un Sant Jordi diferent.<br \/>\nDesperta\u2019t, aixeca\u2019t, celebrem, junts<br \/>\ncantem per un Sant Jordi diferent.<\/p>\n<p style=\"text-align: center;\">Tot anir\u00e0 b\u00e9.<\/p>\n","protected":false},"excerpt":{"rendered":"<p>Continuant amb la preparaci\u00f3 de la diada de Sant Jordi que portem fent aquesta setmana, avui deixem pas a la m\u00fasica. \u00c9s una can\u00e7\u00f3 que ens envia la L\u00eda i la seva fam\u00edlia amb el desig de compartir-la amb tot l&#8217;equip de mestres, els infants i les fam\u00edlies del Gaud\u00ed i passar JUNTS un Sant [&hellip;]<\/p>\n","protected":false},"author":1,"featured_media":2131,"comment_status":"open","ping_status":"closed","sticky":false,"template":"","format":"standard","meta":{"_bbp_topic_count":0,"_bbp_reply_count":0,"_bbp_total_topic_count":0,"_bbp_total_reply_count":0,"_bbp_voice_count":0,"_bbp_anonymous_reply_count":0,"_bbp_topic_count_hidden":0,"_bbp_reply_count_hidden":0,"_bbp_forum_subforum_count":0,"site-sidebar-layout":"default","site-content-layout":"","ast-site-content-layout":"","site-content-style":"default","site-sidebar-style":"default","ast-global-header-display":"","ast-banner-title-visibility":"","ast-main-header-display":"","ast-hfb-above-header-display":"","ast-hfb-below-header-display":"","ast-hfb-mobile-header-display":"","site-post-title":"","ast-breadcrumbs-content":"","ast-featured-img":"","footer-sml-layout":"","theme-transparent-header-meta":"","adv-header-id-meta":"","stick-header-meta":"","header-above-stick-meta":"","header-main-stick-meta":"","header-below-stick-meta":"","astra-migrate-meta-layouts":"default","ast-page-background-enabled":"default","ast-page-background-meta":{"desktop":{"background-color":"var(--ast-global-color-4)","background-image":"","background-repeat":"repeat","background-position":"center center","background-size":"auto","background-attachment":"scroll","background-type":"","background-media":"","overlay-type":"","overlay-color":"","overlay-opacity":"","overlay-gradient":""},"tablet":{"background-color":"","background-image":"","background-repeat":"repeat","background-position":"center center","background-size":"auto","background-attachment":"scroll","background-type":"","background-media":"","overlay-type":"","overlay-color":"","overlay-opacity":"","overlay-gradient":""},"mobile":{"background-color":"","background-image":"","background-repeat":"repeat","background-position":"center center","background-size":"auto","background-attachment":"scroll","background-type":"","background-media":"","overlay-type":"","overlay-color":"","overlay-opacity":"","overlay-gradient":""}},"ast-content-background-meta":{"desktop":{"background-color":"var(--ast-global-color-5)","background-image":"","background-repeat":"repeat","background-position":"center center","background-size":"auto","background-attachment":"scroll","background-type":"","background-media":"","overlay-type":"","overlay-color":"","overlay-opacity":"","overlay-gradient":""},"tablet":{"background-color":"var(--ast-global-color-5)","background-image":"","background-repeat":"repeat","background-position":"center center","background-size":"auto","background-attachment":"scroll","background-type":"","background-media":"","overlay-type":"","overlay-color":"","overlay-opacity":"","overlay-gradient":""},"mobile":{"background-color":"var(--ast-global-color-5)","background-image":"","background-repeat":"repeat","background-position":"center center","background-size":"auto","background-attachment":"scroll","background-type":"","background-media":"","overlay-type":"","overlay-color":"","overlay-opacity":"","overlay-gradient":""}},"footnotes":""},"categories":[102,1,4,106],"tags":[],"class_list":["post-2128","post","type-post","status-publish","format-standard","has-post-thumbnail","hentry","category-ens-quedem-a-casa","category-general","category-portada","category-qui-canta"],"post_mailing_queue_ids":[],"_links":{"self":[{"href":"https:\/\/agora.xtec.cat\/escolagaudisantboi\/wp-json\/wp\/v2\/posts\/2128","targetHints":{"allow":["GET"]}}],"collection":[{"href":"https:\/\/agora.xtec.cat\/escolagaudisantboi\/wp-json\/wp\/v2\/posts"}],"about":[{"href":"https:\/\/agora.xtec.cat\/escolagaudisantboi\/wp-json\/wp\/v2\/types\/post"}],"author":[{"embeddable":true,"href":"https:\/\/agora.xtec.cat\/escolagaudisantboi\/wp-json\/wp\/v2\/users\/1"}],"replies":[{"embeddable":true,"href":"https:\/\/agora.xtec.cat\/escolagaudisantboi\/wp-json\/wp\/v2\/comments?post=2128"}],"version-history":[{"count":3,"href":"https:\/\/agora.xtec.cat\/escolagaudisantboi\/wp-json\/wp\/v2\/posts\/2128\/revisions"}],"predecessor-version":[{"id":2132,"href":"https:\/\/agora.xtec.cat\/escolagaudisantboi\/wp-json\/wp\/v2\/posts\/2128\/revisions\/2132"}],"wp:featuredmedia":[{"embeddable":true,"href":"https:\/\/agora.xtec.cat\/escolagaudisantboi\/wp-json\/wp\/v2\/media\/2131"}],"wp:attachment":[{"href":"https:\/\/agora.xtec.cat\/escolagaudisantboi\/wp-json\/wp\/v2\/media?parent=2128"}],"wp:term":[{"taxonomy":"category","embeddable":true,"href":"https:\/\/agora.xtec.cat\/escolagaudisantboi\/wp-json\/wp\/v2\/categories?post=2128"},{"taxonomy":"post_tag","embeddable":true,"href":"https:\/\/agora.xtec.cat\/escolagaudisantboi\/wp-json\/wp\/v2\/tags?post=2128"}],"curies":[{"name":"wp","href":"https:\/\/api.w.org\/{rel}","templated":true}]}}