{"id":21158,"date":"2025-11-14T09:38:16","date_gmt":"2025-11-14T08:38:16","guid":{"rendered":"https:\/\/agora.xtec.cat\/escolagaudisantboi\/?p=21158"},"modified":"2025-11-14T17:40:36","modified_gmt":"2025-11-14T16:40:36","slug":"eleccions-consell-escolar-2025","status":"publish","type":"post","link":"https:\/\/agora.xtec.cat\/escolagaudisantboi\/general\/eleccions-consell-escolar-2025\/","title":{"rendered":"ELECCIONS CONSELL ESCOLAR 2025"},"content":{"rendered":"<p dir=\"ltr\"><a href=\"https:\/\/agora.xtec.cat\/escolagaudisantboi\/wp-content\/uploads\/usu2030\/2025\/11\/msmsmms.png\"><img loading=\"lazy\" decoding=\"async\" class=\"wp-image-21185  alignleft\" src=\"https:\/\/agora.xtec.cat\/escolagaudisantboi\/wp-content\/uploads\/usu2030\/2025\/11\/msmsmms.png\" alt=\"\" width=\"315\" height=\"473\" srcset=\"https:\/\/agora.xtec.cat\/escolagaudisantboi\/wp-content\/uploads\/usu2030\/2025\/11\/msmsmms.png 330w, https:\/\/agora.xtec.cat\/escolagaudisantboi\/wp-content\/uploads\/usu2030\/2025\/11\/msmsmms-200x300.png 200w\" sizes=\"auto, (max-width: 315px) 100vw, 315px\" \/><\/a><\/p>\n<p dir=\"ltr\">Benvolgudes fam\u00edlies,<\/p>\n<p dir=\"ltr\">Us comuniquem que obrim el proc\u00e9s d&#8217;eleccions al Consell Escolar, aquest proc\u00e9s es va iniciar p\u00fablicament a partir del 27 d&#8217;octubre i us animem a participar en ell, tant com a candidates com a les votacions.<\/p>\n<p dir=\"ltr\">El Consell Escolar del centre \u00e9s l\u2019\u00f2rgan col\u00b7legiat de participaci\u00f3\u00a0de la comunitat escolar en el govern del centre. En ell hi ha representats tots els col\u00b7lectius que intervenen en la comunitat educativa: director o directora, professorat, fam\u00edlies, personal d&#8217;administraci\u00f3 i serveis, etc.<\/p>\n<p dir=\"ltr\">En els centres p\u00fablics, la\u00a0<a href=\"https:\/\/educacio.gencat.cat\/ca\/arees-actuacio\/centres-serveis-educatius\/centres\/consells-escolars-centres\/centres-publics\/\" target=\"_blank\" rel=\"noopener\" data-saferedirecturl=\"https:\/\/www.google.com\/url?q=https:\/\/educacio.gencat.cat\/ca\/arees-actuacio\/centres-serveis-educatius\/centres\/consells-escolars-centres\/centres-publics\/&amp;source=gmail&amp;ust=1763195114969000&amp;usg=AOvVaw0atB-9h-mvtuW1UAA6yUwM\">funci\u00f3 principal del consell escolar<\/a>\u00a0\u00e9s participar en la presa de decisions en relaci\u00f3 amb aquells temes importants per al funcionament i l\u2019organitzaci\u00f3 del centre: el projecte educatiu, la programaci\u00f3 general, la gesti\u00f3 econ\u00f2mica, etc.<\/p>\n<p dir=\"ltr\">Els membres del Consell escolar s\u00f3n elegits per un per\u00edode de quatre anys i es renoven per meitats cada dos anys. Pel que respecta als representants de les fam\u00edlies a l\u2019escola, aquest any s\u2019ha de renovar a\u00a0dos membres.<\/p>\n<p dir=\"ltr\">Podeu presentar les vostres candidatures a partir d&#8217;avui mateix, dia 5 de novembre amb el\u00a0<a href=\"https:\/\/drive.google.com\/file\/d\/1QCo0-PDjazzI7Lxjg2HZMQpozl4HFA_T\/view?usp=sharing\" target=\"_blank\" rel=\"noopener\" data-saferedirecturl=\"https:\/\/www.google.com\/url?q=https:\/\/drive.google.com\/file\/d\/1QCo0-PDjazzI7Lxjg2HZMQpozl4HFA_T\/view?usp%3Dsharing&amp;source=gmail&amp;ust=1763195114969000&amp;usg=AOvVaw1wfKYn9R1fP2_Cs5R7gQRW\">corresponent document<\/a>\u00a0que haureu d&#8217;entregar a la direcci\u00f3 del centre o comunicant-ho a la direcci\u00f3 telef\u00f2nicament i demanant cita per omplir el document.<\/p>\n<p dir=\"ltr\">Calendari del proc\u00e9s electoral ser\u00e0 el seg\u00fcent:<\/p>\n<div dir=\"ltr\" align=\"left\">\n<table>\n<colgroup>\n<col width=\"113\" \/>\n<col width=\"453\" \/><\/colgroup>\n<tbody>\n<tr>\n<td>\n<p dir=\"ltr\">4 novembre<\/p>\n<\/td>\n<td>\n<p dir=\"ltr\">Publicaci\u00f3 del cens d&#8217;electors:<\/p>\n<\/td>\n<\/tr>\n<tr>\n<td>\n<p dir=\"ltr\">5 al 10 novembre<\/p>\n<\/td>\n<td>\n<p dir=\"ltr\">Presentaci\u00f3 de candidatures i resoluci\u00f3 de les mateixes.<\/p>\n<\/td>\n<\/tr>\n<tr>\n<td>\n<p dir=\"ltr\">13 novembre<\/p>\n<\/td>\n<td>\n<p dir=\"ltr\">Constituci\u00f3 de les meses electorals.<\/p>\n<\/td>\n<\/tr>\n<tr>\n<td>\n<p dir=\"ltr\">17 novembre<\/p>\n<\/td>\n<td>\n<p dir=\"ltr\">Votacions; de 8.30h a 9.30h, a les 15h i a les 16.30 hores.<\/p>\n<\/td>\n<\/tr>\n<tr>\n<td>\n<p dir=\"ltr\">27 novembre<\/p>\n<\/td>\n<td>\n<p dir=\"ltr\">Realitzaci\u00f3 de la reuni\u00f3 Constitutiva.<\/p>\n<\/td>\n<\/tr>\n<tr>\n<td>\n<p dir=\"ltr\">17 desembre<\/p>\n<\/td>\n<td>\n<p dir=\"ltr\">Constituci\u00f3 del consell escolar i presa de possessi\u00f3 dels seus membres.<\/p>\n<\/td>\n<\/tr>\n<\/tbody>\n<\/table>\n<\/div>\n<p dir=\"ltr\">\u00c9s molt important la vostra participaci\u00f3 en el proc\u00e9s, tant a les votacions com a l&#8217;hora de presentar-vos candidates o candidats, penseu que enguany renovem dues places destinades a les fam\u00edlies.<\/p>\n<p dir=\"ltr\">Us necessitem en aquest \u00f2rgan de govern de l\u2019escola, \u00e9s important que la veu de les fam\u00edlies es senti !!!<\/p>\n<p dir=\"ltr\">DILLUNS US HI ESPEREM !!!<\/p>\n","protected":false},"excerpt":{"rendered":"<p>Benvolgudes fam\u00edlies, Us comuniquem que obrim el proc\u00e9s d&#8217;eleccions al Consell Escolar, aquest proc\u00e9s es va iniciar p\u00fablicament a partir del 27 d&#8217;octubre i us animem a participar en ell, tant com a candidates com a les votacions. El Consell Escolar del centre \u00e9s l\u2019\u00f2rgan col\u00b7legiat de participaci\u00f3\u00a0de la comunitat escolar en el govern del [&hellip;]<\/p>\n","protected":false},"author":55,"featured_media":21160,"comment_status":"open","ping_status":"open","sticky":false,"template":"","format":"standard","meta":{"_bbp_topic_count":0,"_bbp_reply_count":0,"_bbp_total_topic_count":0,"_bbp_total_reply_count":0,"_bbp_voice_count":0,"_bbp_anonymous_reply_count":0,"_bbp_topic_count_hidden":0,"_bbp_reply_count_hidden":0,"_bbp_forum_subforum_count":0,"site-sidebar-layout":"default","site-content-layout":"","ast-site-content-layout":"","site-content-style":"default","site-sidebar-style":"default","ast-global-header-display":"","ast-banner-title-visibility":"","ast-main-header-display":"","ast-hfb-above-header-display":"","ast-hfb-below-header-display":"","ast-hfb-mobile-header-display":"","site-post-title":"","ast-breadcrumbs-content":"","ast-featured-img":"","footer-sml-layout":"","theme-transparent-header-meta":"","adv-header-id-meta":"","stick-header-meta":"","header-above-stick-meta":"","header-main-stick-meta":"","header-below-stick-meta":"","astra-migrate-meta-layouts":"default","ast-page-background-enabled":"default","ast-page-background-meta":{"desktop":{"background-color":"var(--ast-global-color-4)","background-image":"","background-repeat":"repeat","background-position":"center center","background-size":"auto","background-attachment":"scroll","background-type":"","background-media":"","overlay-type":"","overlay-color":"","overlay-opacity":"","overlay-gradient":""},"tablet":{"background-color":"","background-image":"","background-repeat":"repeat","background-position":"center center","background-size":"auto","background-attachment":"scroll","background-type":"","background-media":"","overlay-type":"","overlay-color":"","overlay-opacity":"","overlay-gradient":""},"mobile":{"background-color":"","background-image":"","background-repeat":"repeat","background-position":"center center","background-size":"auto","background-attachment":"scroll","background-type":"","background-media":"","overlay-type":"","overlay-color":"","overlay-opacity":"","overlay-gradient":""}},"ast-content-background-meta":{"desktop":{"background-color":"var(--ast-global-color-5)","background-image":"","background-repeat":"repeat","background-position":"center center","background-size":"auto","background-attachment":"scroll","background-type":"","background-media":"","overlay-type":"","overlay-color":"","overlay-opacity":"","overlay-gradient":""},"tablet":{"background-color":"var(--ast-global-color-5)","background-image":"","background-repeat":"repeat","background-position":"center center","background-size":"auto","background-attachment":"scroll","background-type":"","background-media":"","overlay-type":"","overlay-color":"","overlay-opacity":"","overlay-gradient":""},"mobile":{"background-color":"var(--ast-global-color-5)","background-image":"","background-repeat":"repeat","background-position":"center center","background-size":"auto","background-attachment":"scroll","background-type":"","background-media":"","overlay-type":"","overlay-color":"","overlay-opacity":"","overlay-gradient":""}},"footnotes":""},"categories":[81,1,72,80,71,4],"tags":[88,89,90,93,91],"class_list":["post-21158","post","type-post","status-publish","format-standard","has-post-thumbnail","hentry","category-families","category-general","category-informacions-i-recursos","category-mestres","category-organitzacio","category-portada","tag-cicle-inicial","tag-cicle-mitja","tag-cicle-superior","tag-educacio-infantil","tag-families"],"post_mailing_queue_ids":[],"_links":{"self":[{"href":"https:\/\/agora.xtec.cat\/escolagaudisantboi\/wp-json\/wp\/v2\/posts\/21158","targetHints":{"allow":["GET"]}}],"collection":[{"href":"https:\/\/agora.xtec.cat\/escolagaudisantboi\/wp-json\/wp\/v2\/posts"}],"about":[{"href":"https:\/\/agora.xtec.cat\/escolagaudisantboi\/wp-json\/wp\/v2\/types\/post"}],"author":[{"embeddable":true,"href":"https:\/\/agora.xtec.cat\/escolagaudisantboi\/wp-json\/wp\/v2\/users\/55"}],"replies":[{"embeddable":true,"href":"https:\/\/agora.xtec.cat\/escolagaudisantboi\/wp-json\/wp\/v2\/comments?post=21158"}],"version-history":[{"count":5,"href":"https:\/\/agora.xtec.cat\/escolagaudisantboi\/wp-json\/wp\/v2\/posts\/21158\/revisions"}],"predecessor-version":[{"id":21186,"href":"https:\/\/agora.xtec.cat\/escolagaudisantboi\/wp-json\/wp\/v2\/posts\/21158\/revisions\/21186"}],"wp:featuredmedia":[{"embeddable":true,"href":"https:\/\/agora.xtec.cat\/escolagaudisantboi\/wp-json\/wp\/v2\/media\/21160"}],"wp:attachment":[{"href":"https:\/\/agora.xtec.cat\/escolagaudisantboi\/wp-json\/wp\/v2\/media?parent=21158"}],"wp:term":[{"taxonomy":"category","embeddable":true,"href":"https:\/\/agora.xtec.cat\/escolagaudisantboi\/wp-json\/wp\/v2\/categories?post=21158"},{"taxonomy":"post_tag","embeddable":true,"href":"https:\/\/agora.xtec.cat\/escolagaudisantboi\/wp-json\/wp\/v2\/tags?post=21158"}],"curies":[{"name":"wp","href":"https:\/\/api.w.org\/{rel}","templated":true}]}}