{"id":21126,"date":"2025-11-04T21:38:45","date_gmt":"2025-11-04T20:38:45","guid":{"rendered":"https:\/\/agora.xtec.cat\/escolagaudisantboi\/?p=21126"},"modified":"2026-01-30T20:46:11","modified_gmt":"2026-01-30T19:46:11","slug":"%f0%9f%8e%83-alienween-a-lescola-antoni-gaudi-%f0%9f%91%bd","status":"publish","type":"post","link":"https:\/\/agora.xtec.cat\/escolagaudisantboi\/general\/%f0%9f%8e%83-alienween-a-lescola-antoni-gaudi-%f0%9f%91%bd\/","title":{"rendered":"\ud83c\udf83 AlienWeen a l\u2019Escola Antoni Gaud\u00ed \ud83d\udc7d"},"content":{"rendered":"<p data-start=\"176\" data-end=\"400\">Aquest <strong data-start=\"183\" data-end=\"223\">divendres 7 de novembre a les 17:00h<\/strong>, l\u2019AFA organitza la festa m\u00e9s <strong data-start=\"254\" data-end=\"283\">terror\u00edficament divertida<\/strong> de l\u2019any!<br data-start=\"293\" data-end=\"296\" \/>Hi haur\u00e0 <strong data-start=\"305\" data-end=\"397\">jocs, tallers de manualitats, pintacares, t\u00fanel del terror, servei de bar i D.J. session<\/strong>.<\/p>\n<p data-start=\"402\" data-end=\"482\">Vine a passar una tarda plena de diversi\u00f3 amb tota la comunitat educativa! \ud83d\udef8\u2728<\/p>\n<p data-start=\"484\" data-end=\"541\"><em data-start=\"484\" data-end=\"541\">(Cartells elaborats per l\u2019AFA de l\u2019Escola Antoni Gaud\u00ed)<\/em><\/p>\n<p data-start=\"484\" data-end=\"541\"><a href=\"https:\/\/agora.xtec.cat\/escolagaudisantboi\/wp-content\/uploads\/usu2030\/2025\/11\/WhatsApp-Image-2025-11-04-at-21.35.56-1.jpeg\"><img loading=\"lazy\" decoding=\"async\" class=\"alignnone wp-image-21128\" src=\"https:\/\/agora.xtec.cat\/escolagaudisantboi\/wp-content\/uploads\/usu2030\/2025\/11\/WhatsApp-Image-2025-11-04-at-21.35.56-1-724x1024.jpeg\" alt=\"\" width=\"437\" height=\"618\" srcset=\"https:\/\/agora.xtec.cat\/escolagaudisantboi\/wp-content\/uploads\/usu2030\/2025\/11\/WhatsApp-Image-2025-11-04-at-21.35.56-1-724x1024.jpeg 724w, https:\/\/agora.xtec.cat\/escolagaudisantboi\/wp-content\/uploads\/usu2030\/2025\/11\/WhatsApp-Image-2025-11-04-at-21.35.56-1-212x300.jpeg 212w, https:\/\/agora.xtec.cat\/escolagaudisantboi\/wp-content\/uploads\/usu2030\/2025\/11\/WhatsApp-Image-2025-11-04-at-21.35.56-1-768x1086.jpeg 768w, https:\/\/agora.xtec.cat\/escolagaudisantboi\/wp-content\/uploads\/usu2030\/2025\/11\/WhatsApp-Image-2025-11-04-at-21.35.56-1-1086x1536.jpeg 1086w, https:\/\/agora.xtec.cat\/escolagaudisantboi\/wp-content\/uploads\/usu2030\/2025\/11\/WhatsApp-Image-2025-11-04-at-21.35.56-1.jpeg 1131w\" sizes=\"auto, (max-width: 437px) 100vw, 437px\" \/><\/a> <a href=\"https:\/\/agora.xtec.cat\/escolagaudisantboi\/wp-content\/uploads\/usu2030\/2025\/11\/WhatsApp-Image-2025-11-04-at-21.35.56.jpeg\"><img loading=\"lazy\" decoding=\"async\" class=\"alignnone wp-image-21129\" src=\"https:\/\/agora.xtec.cat\/escolagaudisantboi\/wp-content\/uploads\/usu2030\/2025\/11\/WhatsApp-Image-2025-11-04-at-21.35.56-724x1024.jpeg\" alt=\"\" width=\"437\" height=\"618\" srcset=\"https:\/\/agora.xtec.cat\/escolagaudisantboi\/wp-content\/uploads\/usu2030\/2025\/11\/WhatsApp-Image-2025-11-04-at-21.35.56-724x1024.jpeg 724w, https:\/\/agora.xtec.cat\/escolagaudisantboi\/wp-content\/uploads\/usu2030\/2025\/11\/WhatsApp-Image-2025-11-04-at-21.35.56-212x300.jpeg 212w, https:\/\/agora.xtec.cat\/escolagaudisantboi\/wp-content\/uploads\/usu2030\/2025\/11\/WhatsApp-Image-2025-11-04-at-21.35.56-768x1086.jpeg 768w, https:\/\/agora.xtec.cat\/escolagaudisantboi\/wp-content\/uploads\/usu2030\/2025\/11\/WhatsApp-Image-2025-11-04-at-21.35.56-1086x1536.jpeg 1086w, https:\/\/agora.xtec.cat\/escolagaudisantboi\/wp-content\/uploads\/usu2030\/2025\/11\/WhatsApp-Image-2025-11-04-at-21.35.56.jpeg 1131w\" sizes=\"auto, (max-width: 437px) 100vw, 437px\" \/><\/a><\/p>\n","protected":false},"excerpt":{"rendered":"<p>Aquest divendres 7 de novembre a les 17:00h, l\u2019AFA organitza la festa m\u00e9s terror\u00edficament divertida de l\u2019any!Hi haur\u00e0 jocs, tallers de manualitats, pintacares, t\u00fanel del terror, servei de bar i D.J. session. Vine a passar una tarda plena de diversi\u00f3 amb tota la comunitat educativa! \ud83d\udef8\u2728 (Cartells elaborats per l\u2019AFA de l\u2019Escola Antoni Gaud\u00ed)<\/p>\n","protected":false},"author":34,"featured_media":21128,"comment_status":"open","ping_status":"open","sticky":false,"template":"","format":"standard","meta":{"_bbp_topic_count":0,"_bbp_reply_count":0,"_bbp_total_topic_count":0,"_bbp_total_reply_count":0,"_bbp_voice_count":0,"_bbp_anonymous_reply_count":0,"_bbp_topic_count_hidden":0,"_bbp_reply_count_hidden":0,"_bbp_forum_subforum_count":0,"site-sidebar-layout":"default","site-content-layout":"","ast-site-content-layout":"default","site-content-style":"default","site-sidebar-style":"default","ast-global-header-display":"","ast-banner-title-visibility":"","ast-main-header-display":"","ast-hfb-above-header-display":"","ast-hfb-below-header-display":"","ast-hfb-mobile-header-display":"","site-post-title":"","ast-breadcrumbs-content":"","ast-featured-img":"","footer-sml-layout":"","theme-transparent-header-meta":"default","adv-header-id-meta":"","stick-header-meta":"","header-above-stick-meta":"","header-main-stick-meta":"","header-below-stick-meta":"","astra-migrate-meta-layouts":"set","ast-page-background-enabled":"default","ast-page-background-meta":{"desktop":{"background-color":"var(--ast-global-color-4)","background-image":"","background-repeat":"repeat","background-position":"center center","background-size":"auto","background-attachment":"scroll","background-type":"","background-media":"","overlay-type":"","overlay-color":"","overlay-opacity":"","overlay-gradient":""},"tablet":{"background-color":"","background-image":"","background-repeat":"repeat","background-position":"center center","background-size":"auto","background-attachment":"scroll","background-type":"","background-media":"","overlay-type":"","overlay-color":"","overlay-opacity":"","overlay-gradient":""},"mobile":{"background-color":"","background-image":"","background-repeat":"repeat","background-position":"center center","background-size":"auto","background-attachment":"scroll","background-type":"","background-media":"","overlay-type":"","overlay-color":"","overlay-opacity":"","overlay-gradient":""}},"ast-content-background-meta":{"desktop":{"background-color":"var(--ast-global-color-5)","background-image":"","background-repeat":"repeat","background-position":"center center","background-size":"auto","background-attachment":"scroll","background-type":"","background-media":"","overlay-type":"","overlay-color":"","overlay-opacity":"","overlay-gradient":""},"tablet":{"background-color":"var(--ast-global-color-5)","background-image":"","background-repeat":"repeat","background-position":"center center","background-size":"auto","background-attachment":"scroll","background-type":"","background-media":"","overlay-type":"","overlay-color":"","overlay-opacity":"","overlay-gradient":""},"mobile":{"background-color":"var(--ast-global-color-5)","background-image":"","background-repeat":"repeat","background-position":"center center","background-size":"auto","background-attachment":"scroll","background-type":"","background-media":"","overlay-type":"","overlay-color":"","overlay-opacity":"","overlay-gradient":""}},"footnotes":""},"categories":[1,2,4,5],"tags":[132,68],"class_list":["post-21126","post","type-post","status-publish","format-standard","has-post-thumbnail","hentry","category-general","category-infantil","category-portada","category-primaria","tag-afa","tag-festes"],"post_mailing_queue_ids":[],"_links":{"self":[{"href":"https:\/\/agora.xtec.cat\/escolagaudisantboi\/wp-json\/wp\/v2\/posts\/21126","targetHints":{"allow":["GET"]}}],"collection":[{"href":"https:\/\/agora.xtec.cat\/escolagaudisantboi\/wp-json\/wp\/v2\/posts"}],"about":[{"href":"https:\/\/agora.xtec.cat\/escolagaudisantboi\/wp-json\/wp\/v2\/types\/post"}],"author":[{"embeddable":true,"href":"https:\/\/agora.xtec.cat\/escolagaudisantboi\/wp-json\/wp\/v2\/users\/34"}],"replies":[{"embeddable":true,"href":"https:\/\/agora.xtec.cat\/escolagaudisantboi\/wp-json\/wp\/v2\/comments?post=21126"}],"version-history":[{"count":1,"href":"https:\/\/agora.xtec.cat\/escolagaudisantboi\/wp-json\/wp\/v2\/posts\/21126\/revisions"}],"predecessor-version":[{"id":21130,"href":"https:\/\/agora.xtec.cat\/escolagaudisantboi\/wp-json\/wp\/v2\/posts\/21126\/revisions\/21130"}],"wp:featuredmedia":[{"embeddable":true,"href":"https:\/\/agora.xtec.cat\/escolagaudisantboi\/wp-json\/wp\/v2\/media\/21128"}],"wp:attachment":[{"href":"https:\/\/agora.xtec.cat\/escolagaudisantboi\/wp-json\/wp\/v2\/media?parent=21126"}],"wp:term":[{"taxonomy":"category","embeddable":true,"href":"https:\/\/agora.xtec.cat\/escolagaudisantboi\/wp-json\/wp\/v2\/categories?post=21126"},{"taxonomy":"post_tag","embeddable":true,"href":"https:\/\/agora.xtec.cat\/escolagaudisantboi\/wp-json\/wp\/v2\/tags?post=21126"}],"curies":[{"name":"wp","href":"https:\/\/api.w.org\/{rel}","templated":true}]}}