{"id":21079,"date":"2025-10-16T17:16:05","date_gmt":"2025-10-16T15:16:05","guid":{"rendered":"https:\/\/agora.xtec.cat\/escolagaudisantboi\/?p=21079"},"modified":"2025-10-16T17:16:05","modified_gmt":"2025-10-16T15:16:05","slug":"nova-incorporacio-a-lequip","status":"publish","type":"post","link":"https:\/\/agora.xtec.cat\/escolagaudisantboi\/general\/nova-incorporacio-a-lequip\/","title":{"rendered":"Nova incorporaci\u00f3 a l\u2019equip!"},"content":{"rendered":"<p style=\"text-align: justify;\" data-start=\"194\" data-end=\"420\">Aquest curs comptem amb la <strong data-start=\"221\" data-end=\"230\">Dikra<\/strong>, la nostra <strong data-start=\"242\" data-end=\"264\">integradora social<\/strong>.<br data-start=\"265\" data-end=\"268\" \/>La seva tasca ser\u00e0 clau per donar suport a l\u2019alumnat, les fam\u00edlies i l\u2019equip docent en l\u2019\u00e0mbit de la conviv\u00e8ncia, la inclusi\u00f3 i el benestar emocional.<\/p>\n<p style=\"text-align: justify;\" data-start=\"422\" data-end=\"590\">Per con\u00e8ixer millor el seu paper dins del centre, us facilitem una <strong data-start=\"489\" data-end=\"509\">infografia-resum<\/strong> amb les <strong data-start=\"518\" data-end=\"545\">funcions i compet\u00e8ncies<\/strong> principals de la seva figura professional.<\/p>\n<p style=\"text-align: center;\" data-start=\"422\" data-end=\"590\"><a href=\"https:\/\/agora.xtec.cat\/escolagaudisantboi\/wp-content\/uploads\/usu2030\/2025\/10\/TECNICA-DINTEGRACIO-SOCIAL.png\"><img loading=\"lazy\" decoding=\"async\" class=\"alignnone wp-image-21080\" src=\"https:\/\/agora.xtec.cat\/escolagaudisantboi\/wp-content\/uploads\/usu2030\/2025\/10\/TECNICA-DINTEGRACIO-SOCIAL-483x1024.png\" alt=\"\" width=\"418\" height=\"886\" srcset=\"https:\/\/agora.xtec.cat\/escolagaudisantboi\/wp-content\/uploads\/usu2030\/2025\/10\/TECNICA-DINTEGRACIO-SOCIAL-483x1024.png 483w, https:\/\/agora.xtec.cat\/escolagaudisantboi\/wp-content\/uploads\/usu2030\/2025\/10\/TECNICA-DINTEGRACIO-SOCIAL-141x300.png 141w, https:\/\/agora.xtec.cat\/escolagaudisantboi\/wp-content\/uploads\/usu2030\/2025\/10\/TECNICA-DINTEGRACIO-SOCIAL-768x1629.png 768w, https:\/\/agora.xtec.cat\/escolagaudisantboi\/wp-content\/uploads\/usu2030\/2025\/10\/TECNICA-DINTEGRACIO-SOCIAL-724x1536.png 724w, https:\/\/agora.xtec.cat\/escolagaudisantboi\/wp-content\/uploads\/usu2030\/2025\/10\/TECNICA-DINTEGRACIO-SOCIAL.png 943w\" sizes=\"auto, (max-width: 418px) 100vw, 418px\" \/><\/a><\/p>\n","protected":false},"excerpt":{"rendered":"<p>Aquest curs comptem amb la Dikra, la nostra integradora social.La seva tasca ser\u00e0 clau per donar suport a l\u2019alumnat, les fam\u00edlies i l\u2019equip docent en l\u2019\u00e0mbit de la conviv\u00e8ncia, la inclusi\u00f3 i el benestar emocional. Per con\u00e8ixer millor el seu paper dins del centre, us facilitem una infografia-resum amb les funcions i compet\u00e8ncies principals de [&hellip;]<\/p>\n","protected":false},"author":34,"featured_media":0,"comment_status":"open","ping_status":"open","sticky":false,"template":"","format":"standard","meta":{"_bbp_topic_count":0,"_bbp_reply_count":0,"_bbp_total_topic_count":0,"_bbp_total_reply_count":0,"_bbp_voice_count":0,"_bbp_anonymous_reply_count":0,"_bbp_topic_count_hidden":0,"_bbp_reply_count_hidden":0,"_bbp_forum_subforum_count":0,"site-sidebar-layout":"default","site-content-layout":"","ast-site-content-layout":"","site-content-style":"default","site-sidebar-style":"default","ast-global-header-display":"","ast-banner-title-visibility":"","ast-main-header-display":"","ast-hfb-above-header-display":"","ast-hfb-below-header-display":"","ast-hfb-mobile-header-display":"","site-post-title":"","ast-breadcrumbs-content":"","ast-featured-img":"","footer-sml-layout":"","theme-transparent-header-meta":"","adv-header-id-meta":"","stick-header-meta":"","header-above-stick-meta":"","header-main-stick-meta":"","header-below-stick-meta":"","astra-migrate-meta-layouts":"default","ast-page-background-enabled":"default","ast-page-background-meta":{"desktop":{"background-color":"var(--ast-global-color-4)","background-image":"","background-repeat":"repeat","background-position":"center center","background-size":"auto","background-attachment":"scroll","background-type":"","background-media":"","overlay-type":"","overlay-color":"","overlay-opacity":"","overlay-gradient":""},"tablet":{"background-color":"","background-image":"","background-repeat":"repeat","background-position":"center center","background-size":"auto","background-attachment":"scroll","background-type":"","background-media":"","overlay-type":"","overlay-color":"","overlay-opacity":"","overlay-gradient":""},"mobile":{"background-color":"","background-image":"","background-repeat":"repeat","background-position":"center center","background-size":"auto","background-attachment":"scroll","background-type":"","background-media":"","overlay-type":"","overlay-color":"","overlay-opacity":"","overlay-gradient":""}},"ast-content-background-meta":{"desktop":{"background-color":"var(--ast-global-color-5)","background-image":"","background-repeat":"repeat","background-position":"center center","background-size":"auto","background-attachment":"scroll","background-type":"","background-media":"","overlay-type":"","overlay-color":"","overlay-opacity":"","overlay-gradient":""},"tablet":{"background-color":"var(--ast-global-color-5)","background-image":"","background-repeat":"repeat","background-position":"center center","background-size":"auto","background-attachment":"scroll","background-type":"","background-media":"","overlay-type":"","overlay-color":"","overlay-opacity":"","overlay-gradient":""},"mobile":{"background-color":"var(--ast-global-color-5)","background-image":"","background-repeat":"repeat","background-position":"center center","background-size":"auto","background-attachment":"scroll","background-type":"","background-media":"","overlay-type":"","overlay-color":"","overlay-opacity":"","overlay-gradient":""}},"footnotes":""},"categories":[1,2,4,5],"tags":[269,272,268,302],"class_list":["post-21079","post","type-post","status-publish","format-standard","hentry","category-general","category-infantil","category-portada","category-primaria","tag-comunitat-grans","tag-comunitat-mitjans","tag-comunitat-petits","tag-integracio"],"post_mailing_queue_ids":[],"_links":{"self":[{"href":"https:\/\/agora.xtec.cat\/escolagaudisantboi\/wp-json\/wp\/v2\/posts\/21079","targetHints":{"allow":["GET"]}}],"collection":[{"href":"https:\/\/agora.xtec.cat\/escolagaudisantboi\/wp-json\/wp\/v2\/posts"}],"about":[{"href":"https:\/\/agora.xtec.cat\/escolagaudisantboi\/wp-json\/wp\/v2\/types\/post"}],"author":[{"embeddable":true,"href":"https:\/\/agora.xtec.cat\/escolagaudisantboi\/wp-json\/wp\/v2\/users\/34"}],"replies":[{"embeddable":true,"href":"https:\/\/agora.xtec.cat\/escolagaudisantboi\/wp-json\/wp\/v2\/comments?post=21079"}],"version-history":[{"count":1,"href":"https:\/\/agora.xtec.cat\/escolagaudisantboi\/wp-json\/wp\/v2\/posts\/21079\/revisions"}],"predecessor-version":[{"id":21081,"href":"https:\/\/agora.xtec.cat\/escolagaudisantboi\/wp-json\/wp\/v2\/posts\/21079\/revisions\/21081"}],"wp:attachment":[{"href":"https:\/\/agora.xtec.cat\/escolagaudisantboi\/wp-json\/wp\/v2\/media?parent=21079"}],"wp:term":[{"taxonomy":"category","embeddable":true,"href":"https:\/\/agora.xtec.cat\/escolagaudisantboi\/wp-json\/wp\/v2\/categories?post=21079"},{"taxonomy":"post_tag","embeddable":true,"href":"https:\/\/agora.xtec.cat\/escolagaudisantboi\/wp-json\/wp\/v2\/tags?post=21079"}],"curies":[{"name":"wp","href":"https:\/\/api.w.org\/{rel}","templated":true}]}}