{"id":20536,"date":"2025-03-05T21:09:33","date_gmt":"2025-03-05T20:09:33","guid":{"rendered":"https:\/\/agora.xtec.cat\/escolagaudisantboi\/?p=20536"},"modified":"2025-03-05T21:42:16","modified_gmt":"2025-03-05T20:42:16","slug":"judici-a-la-reina-carnestoltes","status":"publish","type":"post","link":"https:\/\/agora.xtec.cat\/escolagaudisantboi\/general\/judici-a-la-reina-carnestoltes\/","title":{"rendered":"JUDICI A LA REINA CARNESTOLTES"},"content":{"rendered":"<p>Avui dimecres de cendra, hem celebrat el judici de la Reina Carnestoltes. Els representants de la comissi\u00f3 de festes han estat e<span style=\"font-family: inherit; font-size: 1em;\">ls jutges i jutgesses, els fiscals,\u00a0 les advocades i els advocats. Els portaveus de cada grup classe han llegit la seva decisi\u00f3, i despr\u00e9s de les votacions ha finalitzat el judici amb la decisi\u00f3 final: La Reina Carnestoltes es queda amb nosaltres a l&#8217;escola.\u00a0<\/span><\/p>\n<p><a href=\"https:\/\/agora.xtec.cat\/escolagaudisantboi\/wp-content\/uploads\/usu2030\/2025\/03\/20250305_103946.jpg\"><img loading=\"lazy\" decoding=\"async\" class=\"alignnone size-full wp-image-20537\" src=\"https:\/\/agora.xtec.cat\/escolagaudisantboi\/wp-content\/uploads\/usu2030\/2025\/03\/20250305_103946.jpg\" alt=\"\" width=\"1024\" height=\"768\" srcset=\"https:\/\/agora.xtec.cat\/escolagaudisantboi\/wp-content\/uploads\/usu2030\/2025\/03\/20250305_103946.jpg 1024w, https:\/\/agora.xtec.cat\/escolagaudisantboi\/wp-content\/uploads\/usu2030\/2025\/03\/20250305_103946-300x225.jpg 300w, https:\/\/agora.xtec.cat\/escolagaudisantboi\/wp-content\/uploads\/usu2030\/2025\/03\/20250305_103946-768x576.jpg 768w, https:\/\/agora.xtec.cat\/escolagaudisantboi\/wp-content\/uploads\/usu2030\/2025\/03\/20250305_103946-200x150.jpg 200w\" sizes=\"auto, (max-width: 1024px) 100vw, 1024px\" \/><\/a> <a href=\"https:\/\/agora.xtec.cat\/escolagaudisantboi\/wp-content\/uploads\/usu2030\/2025\/03\/20250305_104016.jpg\"><img loading=\"lazy\" decoding=\"async\" class=\"alignnone size-full wp-image-20538\" src=\"https:\/\/agora.xtec.cat\/escolagaudisantboi\/wp-content\/uploads\/usu2030\/2025\/03\/20250305_104016.jpg\" alt=\"\" width=\"1024\" height=\"768\" srcset=\"https:\/\/agora.xtec.cat\/escolagaudisantboi\/wp-content\/uploads\/usu2030\/2025\/03\/20250305_104016.jpg 1024w, https:\/\/agora.xtec.cat\/escolagaudisantboi\/wp-content\/uploads\/usu2030\/2025\/03\/20250305_104016-300x225.jpg 300w, https:\/\/agora.xtec.cat\/escolagaudisantboi\/wp-content\/uploads\/usu2030\/2025\/03\/20250305_104016-768x576.jpg 768w, https:\/\/agora.xtec.cat\/escolagaudisantboi\/wp-content\/uploads\/usu2030\/2025\/03\/20250305_104016-200x150.jpg 200w\" sizes=\"auto, (max-width: 1024px) 100vw, 1024px\" \/><\/a><\/p>\n<p>&nbsp;<\/p>\n","protected":false},"excerpt":{"rendered":"<p>Avui dimecres de cendra, hem celebrat el judici de la Reina Carnestoltes. Els representants de la comissi\u00f3 de festes han estat els jutges i jutgesses, els fiscals,\u00a0 les advocades i els advocats. Els portaveus de cada grup classe han llegit la seva decisi\u00f3, i despr\u00e9s de les votacions ha finalitzat el judici amb la decisi\u00f3 [&hellip;]<\/p>\n","protected":false},"author":15,"featured_media":0,"comment_status":"open","ping_status":"closed","sticky":false,"template":"","format":"standard","meta":{"_bbp_topic_count":0,"_bbp_reply_count":0,"_bbp_total_topic_count":0,"_bbp_total_reply_count":0,"_bbp_voice_count":0,"_bbp_anonymous_reply_count":0,"_bbp_topic_count_hidden":0,"_bbp_reply_count_hidden":0,"_bbp_forum_subforum_count":0,"site-sidebar-layout":"default","site-content-layout":"","ast-site-content-layout":"","site-content-style":"default","site-sidebar-style":"default","ast-global-header-display":"","ast-banner-title-visibility":"","ast-main-header-display":"","ast-hfb-above-header-display":"","ast-hfb-below-header-display":"","ast-hfb-mobile-header-display":"","site-post-title":"","ast-breadcrumbs-content":"","ast-featured-img":"","footer-sml-layout":"","theme-transparent-header-meta":"","adv-header-id-meta":"","stick-header-meta":"","header-above-stick-meta":"","header-main-stick-meta":"","header-below-stick-meta":"","astra-migrate-meta-layouts":"default","ast-page-background-enabled":"default","ast-page-background-meta":{"desktop":{"background-color":"var(--ast-global-color-4)","background-image":"","background-repeat":"repeat","background-position":"center center","background-size":"auto","background-attachment":"scroll","background-type":"","background-media":"","overlay-type":"","overlay-color":"","overlay-opacity":"","overlay-gradient":""},"tablet":{"background-color":"","background-image":"","background-repeat":"repeat","background-position":"center center","background-size":"auto","background-attachment":"scroll","background-type":"","background-media":"","overlay-type":"","overlay-color":"","overlay-opacity":"","overlay-gradient":""},"mobile":{"background-color":"","background-image":"","background-repeat":"repeat","background-position":"center center","background-size":"auto","background-attachment":"scroll","background-type":"","background-media":"","overlay-type":"","overlay-color":"","overlay-opacity":"","overlay-gradient":""}},"ast-content-background-meta":{"desktop":{"background-color":"var(--ast-global-color-5)","background-image":"","background-repeat":"repeat","background-position":"center center","background-size":"auto","background-attachment":"scroll","background-type":"","background-media":"","overlay-type":"","overlay-color":"","overlay-opacity":"","overlay-gradient":""},"tablet":{"background-color":"var(--ast-global-color-5)","background-image":"","background-repeat":"repeat","background-position":"center center","background-size":"auto","background-attachment":"scroll","background-type":"","background-media":"","overlay-type":"","overlay-color":"","overlay-opacity":"","overlay-gradient":""},"mobile":{"background-color":"var(--ast-global-color-5)","background-image":"","background-repeat":"repeat","background-position":"center center","background-size":"auto","background-attachment":"scroll","background-type":"","background-media":"","overlay-type":"","overlay-color":"","overlay-opacity":"","overlay-gradient":""}},"footnotes":""},"categories":[1,2,4,5],"tags":[167,68],"class_list":["post-20536","post","type-post","status-publish","format-standard","hentry","category-general","category-infantil","category-portada","category-primaria","tag-descoberta-de-lentorn","tag-festes"],"post_mailing_queue_ids":[],"_links":{"self":[{"href":"https:\/\/agora.xtec.cat\/escolagaudisantboi\/wp-json\/wp\/v2\/posts\/20536","targetHints":{"allow":["GET"]}}],"collection":[{"href":"https:\/\/agora.xtec.cat\/escolagaudisantboi\/wp-json\/wp\/v2\/posts"}],"about":[{"href":"https:\/\/agora.xtec.cat\/escolagaudisantboi\/wp-json\/wp\/v2\/types\/post"}],"author":[{"embeddable":true,"href":"https:\/\/agora.xtec.cat\/escolagaudisantboi\/wp-json\/wp\/v2\/users\/15"}],"replies":[{"embeddable":true,"href":"https:\/\/agora.xtec.cat\/escolagaudisantboi\/wp-json\/wp\/v2\/comments?post=20536"}],"version-history":[{"count":1,"href":"https:\/\/agora.xtec.cat\/escolagaudisantboi\/wp-json\/wp\/v2\/posts\/20536\/revisions"}],"predecessor-version":[{"id":20539,"href":"https:\/\/agora.xtec.cat\/escolagaudisantboi\/wp-json\/wp\/v2\/posts\/20536\/revisions\/20539"}],"wp:attachment":[{"href":"https:\/\/agora.xtec.cat\/escolagaudisantboi\/wp-json\/wp\/v2\/media?parent=20536"}],"wp:term":[{"taxonomy":"category","embeddable":true,"href":"https:\/\/agora.xtec.cat\/escolagaudisantboi\/wp-json\/wp\/v2\/categories?post=20536"},{"taxonomy":"post_tag","embeddable":true,"href":"https:\/\/agora.xtec.cat\/escolagaudisantboi\/wp-json\/wp\/v2\/tags?post=20536"}],"curies":[{"name":"wp","href":"https:\/\/api.w.org\/{rel}","templated":true}]}}