{"id":19917,"date":"2024-06-12T08:25:53","date_gmt":"2024-06-12T06:25:53","guid":{"rendered":"https:\/\/agora.xtec.cat\/escolagaudisantboi\/?p=19917"},"modified":"2024-06-25T08:27:30","modified_gmt":"2024-06-25T06:27:30","slug":"preinscripcio-2024-2025","status":"publish","type":"post","link":"https:\/\/agora.xtec.cat\/escolagaudisantboi\/general\/preinscripcio-2024-2025\/","title":{"rendered":"preinscripci\u00f3 2024-2025"},"content":{"rendered":"<div class=\"page\" title=\"Page 1\">\n<div class=\"section\">\n<div class=\"layoutArea\">\n<div class=\"column\">\n<div style=\"position: relative; width: fit-content; height: fit-content;\">\n<h1 style=\"text-align: center;\"><span style=\"color: #333399;\"><strong>PREINSCRIPCI\u00d3 DEL CURS 2024 &#8211; 2025<\/strong><\/span><\/h1>\n<h1><span style=\"color: #0000ff;\"><a style=\"color: #0000ff;\" href=\"https:\/\/agora.xtec.cat\/escolagaudisantboi\/wp-content\/uploads\/usu2030\/2024\/06\/Llista-dalumnes-assignats-al-centre.pdf\"><span style=\"text-decoration: underline;\"><span style=\"color: #0000ff; text-decoration: underline;\">Llista d&#8217;alumnes assignats al centre<\/span><\/span><\/a><\/span><\/h1>\n<h3 style=\"text-align: justify;\"><span style=\"color: #3366ff;\">Les fam\u00edlies dels alumnes assignats a la nostra escola, han de passar pel centre aquesta setmana per a recollir la carpeta amb les indicacions de com s&#8217;ha de fer la matr\u00edcula.\u00a0 El dia 27 de juny a les 12 hores, farem una reuni\u00f3 amb les fam\u00edlies de l&#8217;alumnat matriculat a I3 en el curs 2024-25.\u00a0<\/span><\/h3>\n<h1><a href=\"https:\/\/agora.xtec.cat\/escolagaudisantboi\/wp-content\/uploads\/usu2030\/2024\/06\/Llista-despera-del-centre.pdf\"><span style=\"color: #0000ff;\">Llista d&#8217;espera del centre<\/span><\/a><\/h1>\n<h1><a href=\"https:\/\/agora.xtec.cat\/escolagaudisantboi\/wp-content\/uploads\/usu2030\/2024\/06\/Llista-dalumnat-preinscrits-al-centre.pdf\"><span style=\"color: #0000ff;\">Llista d&#8217;alumnat preinscrits al centre<\/span><\/a><\/h1>\n<h1><span style=\"color: #ffff00;\"><a style=\"color: #ffff00;\" href=\"https:\/\/agora.xtec.cat\/escolagaudisantboi\/wp-content\/uploads\/usu2030\/2024\/05\/Llista-ordenada.pdf\"><span style=\"color: #0000ff;\">LLISTA ORDENADA<\/span><\/a><\/span><\/h1>\n<h2><span style=\"text-decoration: underline; color: #0000ff;\">N\u00daMERO DEL SORTEIG<\/span><\/h2>\n<h3><span style=\"color: #0000ff;\">El n\u00famero de desempat de la preinscripci\u00f3 escolar 2024-2025 \u00e9s el:<\/span><\/h3>\n<h1><span style=\"color: #0000ff;\">\u00a0 \u00a0 \u00a0 \u00a0 \u00a0 \u00a0 \u00a0<span style=\"color: #ff00ff;\">81.801<\/span><\/span><\/h1>\n<p><span style=\"color: #0000ff;\"><strong>Llista de sol\u00b7licituds amb barem un cop resoltes les reclamacions<\/strong><\/span><\/p>\n<h4><span style=\"color: #0000ff;\"><strong><a style=\"color: #0000ff;\" href=\"https:\/\/agora.xtec.cat\/escolagaudisantboi\/wp-content\/uploads\/usu2030\/bp-attachments\/19562\/INFORME_BAREM_RESOLTES_BAREM-2.pdf\">BAREM DEFINITIU 2024_2025<\/a><\/strong><\/span><\/h4>\n<h5><span style=\"color: #000000;\"><strong><a style=\"color: #000000;\" href=\"https:\/\/agora.xtec.cat\/escolagaudisantboi\/wp-content\/uploads\/usu2030\/2024\/04\/INFORME_BAREM_PROVISIONAL_BAREM-2.pdf\" target=\"_blank\" rel=\"noopener\">BAREM PROVISIONAL 2024_2025<\/a><\/strong><\/span><\/h5>\n<h5><span style=\"color: #000000;\"><strong><a style=\"color: #000000;\" href=\"https:\/\/agora.xtec.cat\/escolagaudisantboi\/wp-content\/uploads\/usu2030\/2024\/03\/INFORME_OFERTA_OME_INFORME_OFERTA-2.pdf\" target=\"_blank\" rel=\"noopener\">OFERTA INICIAL DE PLACES<\/a><\/strong><\/span><\/h5>\n<p>&nbsp;<\/p>\n<\/div>\n<\/div>\n<\/div>\n<\/div>\n<\/div>\n<h3 style=\"text-align: center;\"><\/h3>\n<h3 style=\"text-align: center;\"><\/h3>\n","protected":false},"excerpt":{"rendered":"<p>PREINSCRIPCI\u00d3 DEL CURS 2024 &#8211; 2025 Llista d&#8217;alumnes assignats al centre Les fam\u00edlies dels alumnes assignats a la nostra escola, han de passar pel centre aquesta setmana per a recollir la carpeta amb les indicacions de com s&#8217;ha de fer la matr\u00edcula.\u00a0 El dia 27 de juny a les 12 hores, farem una reuni\u00f3 amb [&hellip;]<\/p>\n","protected":false},"author":1,"featured_media":0,"comment_status":"open","ping_status":"closed","sticky":false,"template":"","format":"standard","meta":{"_bbp_topic_count":0,"_bbp_reply_count":0,"_bbp_total_topic_count":0,"_bbp_total_reply_count":0,"_bbp_voice_count":0,"_bbp_anonymous_reply_count":0,"_bbp_topic_count_hidden":0,"_bbp_reply_count_hidden":0,"_bbp_forum_subforum_count":0,"site-sidebar-layout":"default","site-content-layout":"","ast-site-content-layout":"","site-content-style":"default","site-sidebar-style":"default","ast-global-header-display":"","ast-banner-title-visibility":"","ast-main-header-display":"","ast-hfb-above-header-display":"","ast-hfb-below-header-display":"","ast-hfb-mobile-header-display":"","site-post-title":"","ast-breadcrumbs-content":"","ast-featured-img":"","footer-sml-layout":"","theme-transparent-header-meta":"","adv-header-id-meta":"","stick-header-meta":"","header-above-stick-meta":"","header-main-stick-meta":"","header-below-stick-meta":"","astra-migrate-meta-layouts":"default","ast-page-background-enabled":"default","ast-page-background-meta":{"desktop":{"background-color":"var(--ast-global-color-4)","background-image":"","background-repeat":"repeat","background-position":"center center","background-size":"auto","background-attachment":"scroll","background-type":"","background-media":"","overlay-type":"","overlay-color":"","overlay-opacity":"","overlay-gradient":""},"tablet":{"background-color":"","background-image":"","background-repeat":"repeat","background-position":"center center","background-size":"auto","background-attachment":"scroll","background-type":"","background-media":"","overlay-type":"","overlay-color":"","overlay-opacity":"","overlay-gradient":""},"mobile":{"background-color":"","background-image":"","background-repeat":"repeat","background-position":"center center","background-size":"auto","background-attachment":"scroll","background-type":"","background-media":"","overlay-type":"","overlay-color":"","overlay-opacity":"","overlay-gradient":""}},"ast-content-background-meta":{"desktop":{"background-color":"var(--ast-global-color-5)","background-image":"","background-repeat":"repeat","background-position":"center center","background-size":"auto","background-attachment":"scroll","background-type":"","background-media":"","overlay-type":"","overlay-color":"","overlay-opacity":"","overlay-gradient":""},"tablet":{"background-color":"var(--ast-global-color-5)","background-image":"","background-repeat":"repeat","background-position":"center center","background-size":"auto","background-attachment":"scroll","background-type":"","background-media":"","overlay-type":"","overlay-color":"","overlay-opacity":"","overlay-gradient":""},"mobile":{"background-color":"var(--ast-global-color-5)","background-image":"","background-repeat":"repeat","background-position":"center center","background-size":"auto","background-attachment":"scroll","background-type":"","background-media":"","overlay-type":"","overlay-color":"","overlay-opacity":"","overlay-gradient":""}},"footnotes":""},"categories":[1],"tags":[],"class_list":["post-19917","post","type-post","status-publish","format-standard","hentry","category-general"],"post_mailing_queue_ids":[],"_links":{"self":[{"href":"https:\/\/agora.xtec.cat\/escolagaudisantboi\/wp-json\/wp\/v2\/posts\/19917","targetHints":{"allow":["GET"]}}],"collection":[{"href":"https:\/\/agora.xtec.cat\/escolagaudisantboi\/wp-json\/wp\/v2\/posts"}],"about":[{"href":"https:\/\/agora.xtec.cat\/escolagaudisantboi\/wp-json\/wp\/v2\/types\/post"}],"author":[{"embeddable":true,"href":"https:\/\/agora.xtec.cat\/escolagaudisantboi\/wp-json\/wp\/v2\/users\/1"}],"replies":[{"embeddable":true,"href":"https:\/\/agora.xtec.cat\/escolagaudisantboi\/wp-json\/wp\/v2\/comments?post=19917"}],"version-history":[{"count":1,"href":"https:\/\/agora.xtec.cat\/escolagaudisantboi\/wp-json\/wp\/v2\/posts\/19917\/revisions"}],"predecessor-version":[{"id":19918,"href":"https:\/\/agora.xtec.cat\/escolagaudisantboi\/wp-json\/wp\/v2\/posts\/19917\/revisions\/19918"}],"wp:attachment":[{"href":"https:\/\/agora.xtec.cat\/escolagaudisantboi\/wp-json\/wp\/v2\/media?parent=19917"}],"wp:term":[{"taxonomy":"category","embeddable":true,"href":"https:\/\/agora.xtec.cat\/escolagaudisantboi\/wp-json\/wp\/v2\/categories?post=19917"},{"taxonomy":"post_tag","embeddable":true,"href":"https:\/\/agora.xtec.cat\/escolagaudisantboi\/wp-json\/wp\/v2\/tags?post=19917"}],"curies":[{"name":"wp","href":"https:\/\/api.w.org\/{rel}","templated":true}]}}