{"id":19886,"date":"2024-06-20T23:05:12","date_gmt":"2024-06-20T21:05:12","guid":{"rendered":"https:\/\/agora.xtec.cat\/escolagaudisantboi\/?p=19886"},"modified":"2024-06-20T23:05:12","modified_gmt":"2024-06-20T21:05:12","slug":"cancons-sobre-sostenibilitat","status":"publish","type":"post","link":"https:\/\/agora.xtec.cat\/escolagaudisantboi\/portada\/cancons-sobre-sostenibilitat\/","title":{"rendered":"CAN\u00c7ONS SOBRE SOSTENIBILITAT"},"content":{"rendered":"<p>Els alumnes de 5\u00e8 i 6\u00e8 han estat fent cerca per trobar can\u00e7ons relacionades amb el projecte de centre d&#8217;aquest curs: la sostenibilitat. Aqu\u00ed us deixem amb una llista de Spotify i alguns enlla\u00e7os de Youtube. Escoltem-les b\u00e9, reflexionem i actuem!\u00a0 Gr\u00e0cies nois i noies de 5\u00e8 i 6\u00e8.<\/p>\n<p>Per cert, si voleu afegir cap can\u00e7\u00f3 m\u00e9s nom\u00e9s cal que ens envieu el t\u00edtol i el nom del artista o grup. Bon estiu musical a tothom!<\/p>\n<p><iframe loading=\"lazy\" style=\"border-radius: 12px;\" src=\"https:\/\/open.spotify.com\/embed\/playlist\/0pq9KRkOaSWB1kb5hMeGpU?utm_source=generator&amp;theme=0\" width=\"100%\" height=\"152\" frameborder=\"0\" allowfullscreen=\"allowfullscreen\"><\/iframe><\/p>\n<p>&nbsp;<\/p>\n<p>&#8211;<a href=\"https:\/\/www.youtube.com\/watch?v=xpdPmazn2bE&amp;pp=ygUXbXVldmV0ZSBBbGV4IE1hbGEgSnVudGE%3D\">MU\u00c9VETE<\/a><\/p>\n<p>&#8211;<a href=\"https:\/\/www.youtube.com\/watch?v=ZSKLSH7yktI&amp;pp=ygU3Q0FOQ0lPTiBERSBDQU1CSU8gQ0xJTUFUSUNPIERFIExPUyBOScORT1MgQSBMT1MgQURVTFRPUw%3D%3D\">CANCI\u00d3N DE CAMBIO CLIM\u00c1TICO DE LOS NI\u00d1OS A LOS ADULTOS<\/a><\/p>\n<p>&#8211;<a href=\"https:\/\/www.youtube.com\/watch?v=sqfgNRDe2dc&amp;pp=ygUlY2FuY2lvbiBpbmZhbnRpbCBlbCBjYW1iaW8gY2xpbWF0aWNvIA%3D%3D\">CANCI\u00d3N INFANTIL EL CAMBIO CLIM\u00c1TICO<\/a><\/p>\n<p>&#8211;<a href=\"https:\/\/www.youtube.com\/watch?v=jNJ5eHMq3IA&amp;pp=ygUWc29zdGVuaWJsZSBjYW50YWp1ZWdvcw%3D%3D\">SOSTENIBLE CANTAJUEGOS<\/a><\/p>\n<p>&#8211;<a href=\"https:\/\/www.youtube.com\/watch?v=zksqplG9X_s&amp;pp=ygUWY3VpZGVtb3MgbGEgbmF0dXJhbGV6YQ%3D%3D\">CUIDEMOS LA NATURALEZA<\/a><\/p>\n<p><a href=\"https:\/\/www.youtube.com\/watch?v=a3Jd7vOAIO0&amp;pp=ygUuREVQRU5ERSBERSBUSSBDQU5DScOTTiBTT0JSRSBMQSBTT1NURU5JQklMSURBRA%3D%3D\">-DEPENDE DE TI<\/a><\/p>\n<p>&#8211;<a href=\"https:\/\/www.youtube.com\/watch?v=jeWabIUIU5M&amp;t=46s&amp;pp=ygUYZGVzcGFjaXRvIG1lZGlvIGFtYmllbnRl\">DESPACITO MEDIO AMBIENTE<\/a><\/p>\n<p>&#8211;<a href=\"https:\/\/www.youtube.com\/watch?v=gd2Dwh4yCik&amp;pp=ygUjTEEgQ0FOw4fDkyBERUwgTUVESSBBTUJJRU5UIFZFRFJVTkE%3D\">LA CAN\u00c7\u00d3 DEL MEDI AMBIENT<\/a><\/p>\n<p>&#8211;<a href=\"https:\/\/www.youtube.com\/watch?v=uZ_P70bpVSA&amp;t=470s&amp;pp=ygUgbGEgdGllcnJhIGVzdMOhIGVuZmVybWEgcGlua2Zvbmc%3D\">LA TIERRA EST\u00c1 ENFERMA<\/a><\/p>\n<p>&#8211;<a href=\"https:\/\/www.youtube.com\/watch?v=hzuXr_xVQfA&amp;pp=ygUVTUkgUExBTkVUQSBTRSBSRVNQRVRB\">MI PLANETA SE RESPETA<\/a><\/p>\n<p>&#8211;<a href=\"https:\/\/www.youtube.com\/watch?v=oW9IWoEC7c8&amp;pp=ygUKTU9CSUxJVFpBVA%3D%3D\">MOBILITZA\u2019T<\/a><\/p>\n<p>&#8211;<a href=\"https:\/\/www.youtube.com\/watch?v=Ag2U4TpNVik&amp;pp=ygU1b2JqZWN0aXVzIGRlIGRlc2Vudm9sdXBhbWVudCBzb3N0ZW5pYmxlIChvZHMpIENBTsOHw5M%3D\">OBJECTIUS DE DESENVOLUPAMENT SOSTENIBLE<\/a><\/p>\n<p>&#8211;<a href=\"https:\/\/www.youtube.com\/watch?v=_Ic_oz9FN44&amp;pp=ygUgdmFtb3MgYSBjdWlkYXIgZWwgbWVkaW8gYW1iaWVudGU%3D\">RECICLAR: EL MEDIO AMBIENTE VAMOS A CUIDAR<\/a><\/p>\n<p>&#8211;<a href=\"https:\/\/www.youtube.com\/watch?v=itbenvuMzdo&amp;pp=ygUgRUxTIFBFVElUUyBDQU5WSVMgU8OTTiBQT0RFUk9TT1M%3D\">ELS PETITS CANVIS S\u00d3N PODEROSOS<\/a><\/p>\n<p>&#8211;<a href=\"https:\/\/www.youtube.com\/watch?v=47Fnghtq76M&amp;pp=ygUbU0xBVkVNIExBIFRFUlJBIFlPVVRVTUVTVFJF\">SALVEM LA TERRA<\/a><\/p>\n","protected":false},"excerpt":{"rendered":"<p>Els alumnes de 5\u00e8 i 6\u00e8 han estat fent cerca per trobar can\u00e7ons relacionades amb el projecte de centre d&#8217;aquest curs: la sostenibilitat. Aqu\u00ed us deixem amb una llista de Spotify i alguns enlla\u00e7os de Youtube. Escoltem-les b\u00e9, reflexionem i actuem!\u00a0 Gr\u00e0cies nois i noies de 5\u00e8 i 6\u00e8. Per cert, si voleu afegir cap [&hellip;]<\/p>\n","protected":false},"author":10,"featured_media":19889,"comment_status":"open","ping_status":"closed","sticky":false,"template":"","format":"standard","meta":{"_bbp_topic_count":0,"_bbp_reply_count":0,"_bbp_total_topic_count":0,"_bbp_total_reply_count":0,"_bbp_voice_count":0,"_bbp_anonymous_reply_count":0,"_bbp_topic_count_hidden":0,"_bbp_reply_count_hidden":0,"_bbp_forum_subforum_count":0,"site-sidebar-layout":"default","site-content-layout":"","ast-site-content-layout":"","site-content-style":"default","site-sidebar-style":"default","ast-global-header-display":"","ast-banner-title-visibility":"","ast-main-header-display":"","ast-hfb-above-header-display":"","ast-hfb-below-header-display":"","ast-hfb-mobile-header-display":"","site-post-title":"","ast-breadcrumbs-content":"","ast-featured-img":"","footer-sml-layout":"","theme-transparent-header-meta":"","adv-header-id-meta":"","stick-header-meta":"","header-above-stick-meta":"","header-main-stick-meta":"","header-below-stick-meta":"","astra-migrate-meta-layouts":"default","ast-page-background-enabled":"default","ast-page-background-meta":{"desktop":{"background-color":"var(--ast-global-color-4)","background-image":"","background-repeat":"repeat","background-position":"center center","background-size":"auto","background-attachment":"scroll","background-type":"","background-media":"","overlay-type":"","overlay-color":"","overlay-opacity":"","overlay-gradient":""},"tablet":{"background-color":"","background-image":"","background-repeat":"repeat","background-position":"center center","background-size":"auto","background-attachment":"scroll","background-type":"","background-media":"","overlay-type":"","overlay-color":"","overlay-opacity":"","overlay-gradient":""},"mobile":{"background-color":"","background-image":"","background-repeat":"repeat","background-position":"center center","background-size":"auto","background-attachment":"scroll","background-type":"","background-media":"","overlay-type":"","overlay-color":"","overlay-opacity":"","overlay-gradient":""}},"ast-content-background-meta":{"desktop":{"background-color":"var(--ast-global-color-5)","background-image":"","background-repeat":"repeat","background-position":"center center","background-size":"auto","background-attachment":"scroll","background-type":"","background-media":"","overlay-type":"","overlay-color":"","overlay-opacity":"","overlay-gradient":""},"tablet":{"background-color":"var(--ast-global-color-5)","background-image":"","background-repeat":"repeat","background-position":"center center","background-size":"auto","background-attachment":"scroll","background-type":"","background-media":"","overlay-type":"","overlay-color":"","overlay-opacity":"","overlay-gradient":""},"mobile":{"background-color":"var(--ast-global-color-5)","background-image":"","background-repeat":"repeat","background-position":"center center","background-size":"auto","background-attachment":"scroll","background-type":"","background-media":"","overlay-type":"","overlay-color":"","overlay-opacity":"","overlay-gradient":""}},"footnotes":""},"categories":[14,15,162,4,5],"tags":[141,63,84,90,269,104,126],"class_list":["post-19886","post","type-post","status-publish","format-standard","has-post-thumbnail","hentry","category-5e","category-6e","category-mediambient","category-portada","category-primaria","tag-6e","tag-5e","tag-artistica","tag-cicle-superior","tag-comunitat-grans","tag-musica","tag-projecte"],"post_mailing_queue_ids":[],"_links":{"self":[{"href":"https:\/\/agora.xtec.cat\/escolagaudisantboi\/wp-json\/wp\/v2\/posts\/19886","targetHints":{"allow":["GET"]}}],"collection":[{"href":"https:\/\/agora.xtec.cat\/escolagaudisantboi\/wp-json\/wp\/v2\/posts"}],"about":[{"href":"https:\/\/agora.xtec.cat\/escolagaudisantboi\/wp-json\/wp\/v2\/types\/post"}],"author":[{"embeddable":true,"href":"https:\/\/agora.xtec.cat\/escolagaudisantboi\/wp-json\/wp\/v2\/users\/10"}],"replies":[{"embeddable":true,"href":"https:\/\/agora.xtec.cat\/escolagaudisantboi\/wp-json\/wp\/v2\/comments?post=19886"}],"version-history":[{"count":2,"href":"https:\/\/agora.xtec.cat\/escolagaudisantboi\/wp-json\/wp\/v2\/posts\/19886\/revisions"}],"predecessor-version":[{"id":19888,"href":"https:\/\/agora.xtec.cat\/escolagaudisantboi\/wp-json\/wp\/v2\/posts\/19886\/revisions\/19888"}],"wp:featuredmedia":[{"embeddable":true,"href":"https:\/\/agora.xtec.cat\/escolagaudisantboi\/wp-json\/wp\/v2\/media\/19889"}],"wp:attachment":[{"href":"https:\/\/agora.xtec.cat\/escolagaudisantboi\/wp-json\/wp\/v2\/media?parent=19886"}],"wp:term":[{"taxonomy":"category","embeddable":true,"href":"https:\/\/agora.xtec.cat\/escolagaudisantboi\/wp-json\/wp\/v2\/categories?post=19886"},{"taxonomy":"post_tag","embeddable":true,"href":"https:\/\/agora.xtec.cat\/escolagaudisantboi\/wp-json\/wp\/v2\/tags?post=19886"}],"curies":[{"name":"wp","href":"https:\/\/api.w.org\/{rel}","templated":true}]}}