{"id":1980,"date":"2020-04-11T09:00:04","date_gmt":"2020-04-11T07:00:04","guid":{"rendered":"https:\/\/agora.xtec.cat\/escolagaudisantboi\/?p=1980"},"modified":"2020-04-10T23:40:28","modified_gmt":"2020-04-10T21:40:28","slug":"per-molts-anys-iker-i-malehaa","status":"publish","type":"post","link":"https:\/\/agora.xtec.cat\/escolagaudisantboi\/general\/per-molts-anys-iker-i-malehaa\/","title":{"rendered":"Per molts anys Iker i Maleeha!!!"},"content":{"rendered":"<p style=\"text-align: justify;\">Avui, 11 d&#8217;abril, tenim doble aniversari: l&#8217;Iker fa 5 anys i la Maleeha en fa 11. Us enviem tota la nostra estima i us regalem aquesta felicitaci\u00f3 i aquesta can\u00e7\u00f3. I prenem nota en la llista dels aniversaris confinats per celebra-los tots a la tornada! Per molts i molts anys!!!!<\/p>\n<p style=\"text-align: justify;\"><a href=\"https:\/\/agora.xtec.cat\/escolagaudisantboi\/wp-content\/uploads\/usu2030\/2020\/04\/inv_ver5e908b713ae47.png\"><img loading=\"lazy\" decoding=\"async\" class=\"aligncenter size-full wp-image-1981\" src=\"https:\/\/agora.xtec.cat\/escolagaudisantboi\/wp-content\/uploads\/usu2030\/2020\/04\/inv_ver5e908b713ae47.png\" alt=\"\" width=\"647\" height=\"442\" srcset=\"https:\/\/agora.xtec.cat\/escolagaudisantboi\/wp-content\/uploads\/usu2030\/2020\/04\/inv_ver5e908b713ae47.png 647w, https:\/\/agora.xtec.cat\/escolagaudisantboi\/wp-content\/uploads\/usu2030\/2020\/04\/inv_ver5e908b713ae47-300x205.png 300w\" sizes=\"auto, (max-width: 647px) 100vw, 647px\" \/><\/a><\/p>\n<h4 style=\"text-align: center;\"><strong>&#8220;Moltes felicitats, moltes felicitats, et desitgem que tinguis moltes felicitats!&#8221;<\/strong><\/h4>\n<div class=\"ast-oembed-container \" style=\"height: 100%;\"><iframe loading=\"lazy\" title=\"\u275d\ud835\udc12\ud835\udc28\ud835\udc26 \ud835\udc0c\ud835\udc1a\ud835\udc22\ud835\udc27\ud835\udc1a\ud835\udc1d\ud835\udc1a\u00ae\u275e | MOLTES FELICITATS! \ud83c\udf88\ud83c\udf89 | Per molts i molts anys! \u266a\u266b\u266c\" width=\"500\" height=\"281\" src=\"https:\/\/www.youtube.com\/embed\/g_MQc2i_UGs?feature=oembed\" frameborder=\"0\" allow=\"accelerometer; autoplay; clipboard-write; encrypted-media; gyroscope; picture-in-picture; web-share\" referrerpolicy=\"strict-origin-when-cross-origin\" allowfullscreen><\/iframe><\/div>\n","protected":false},"excerpt":{"rendered":"<p>Avui, 11 d&#8217;abril, tenim doble aniversari: l&#8217;Iker fa 5 anys i la Maleeha en fa 11. Us enviem tota la nostra estima i us regalem aquesta felicitaci\u00f3 i aquesta can\u00e7\u00f3. I prenem nota en la llista dels aniversaris confinats per celebra-los tots a la tornada! Per molts i molts anys!!!! &#8220;Moltes felicitats, moltes felicitats, et [&hellip;]<\/p>\n","protected":false},"author":1,"featured_media":0,"comment_status":"open","ping_status":"closed","sticky":false,"template":"","format":"standard","meta":{"_bbp_topic_count":0,"_bbp_reply_count":0,"_bbp_total_topic_count":0,"_bbp_total_reply_count":0,"_bbp_voice_count":0,"_bbp_anonymous_reply_count":0,"_bbp_topic_count_hidden":0,"_bbp_reply_count_hidden":0,"_bbp_forum_subforum_count":0,"site-sidebar-layout":"default","site-content-layout":"","ast-site-content-layout":"","site-content-style":"default","site-sidebar-style":"default","ast-global-header-display":"","ast-banner-title-visibility":"","ast-main-header-display":"","ast-hfb-above-header-display":"","ast-hfb-below-header-display":"","ast-hfb-mobile-header-display":"","site-post-title":"","ast-breadcrumbs-content":"","ast-featured-img":"","footer-sml-layout":"","theme-transparent-header-meta":"","adv-header-id-meta":"","stick-header-meta":"","header-above-stick-meta":"","header-main-stick-meta":"","header-below-stick-meta":"","astra-migrate-meta-layouts":"default","ast-page-background-enabled":"default","ast-page-background-meta":{"desktop":{"background-color":"var(--ast-global-color-4)","background-image":"","background-repeat":"repeat","background-position":"center center","background-size":"auto","background-attachment":"scroll","background-type":"","background-media":"","overlay-type":"","overlay-color":"","overlay-opacity":"","overlay-gradient":""},"tablet":{"background-color":"","background-image":"","background-repeat":"repeat","background-position":"center center","background-size":"auto","background-attachment":"scroll","background-type":"","background-media":"","overlay-type":"","overlay-color":"","overlay-opacity":"","overlay-gradient":""},"mobile":{"background-color":"","background-image":"","background-repeat":"repeat","background-position":"center center","background-size":"auto","background-attachment":"scroll","background-type":"","background-media":"","overlay-type":"","overlay-color":"","overlay-opacity":"","overlay-gradient":""}},"ast-content-background-meta":{"desktop":{"background-color":"var(--ast-global-color-5)","background-image":"","background-repeat":"repeat","background-position":"center center","background-size":"auto","background-attachment":"scroll","background-type":"","background-media":"","overlay-type":"","overlay-color":"","overlay-opacity":"","overlay-gradient":""},"tablet":{"background-color":"var(--ast-global-color-5)","background-image":"","background-repeat":"repeat","background-position":"center center","background-size":"auto","background-attachment":"scroll","background-type":"","background-media":"","overlay-type":"","overlay-color":"","overlay-opacity":"","overlay-gradient":""},"mobile":{"background-color":"var(--ast-global-color-5)","background-image":"","background-repeat":"repeat","background-position":"center center","background-size":"auto","background-attachment":"scroll","background-type":"","background-media":"","overlay-type":"","overlay-color":"","overlay-opacity":"","overlay-gradient":""}},"footnotes":""},"categories":[102,1,114,4],"tags":[],"class_list":["post-1980","post","type-post","status-publish","format-standard","hentry","category-ens-quedem-a-casa","category-general","category-per-molts-anys","category-portada"],"post_mailing_queue_ids":[],"_links":{"self":[{"href":"https:\/\/agora.xtec.cat\/escolagaudisantboi\/wp-json\/wp\/v2\/posts\/1980","targetHints":{"allow":["GET"]}}],"collection":[{"href":"https:\/\/agora.xtec.cat\/escolagaudisantboi\/wp-json\/wp\/v2\/posts"}],"about":[{"href":"https:\/\/agora.xtec.cat\/escolagaudisantboi\/wp-json\/wp\/v2\/types\/post"}],"author":[{"embeddable":true,"href":"https:\/\/agora.xtec.cat\/escolagaudisantboi\/wp-json\/wp\/v2\/users\/1"}],"replies":[{"embeddable":true,"href":"https:\/\/agora.xtec.cat\/escolagaudisantboi\/wp-json\/wp\/v2\/comments?post=1980"}],"version-history":[{"count":3,"href":"https:\/\/agora.xtec.cat\/escolagaudisantboi\/wp-json\/wp\/v2\/posts\/1980\/revisions"}],"predecessor-version":[{"id":1985,"href":"https:\/\/agora.xtec.cat\/escolagaudisantboi\/wp-json\/wp\/v2\/posts\/1980\/revisions\/1985"}],"wp:attachment":[{"href":"https:\/\/agora.xtec.cat\/escolagaudisantboi\/wp-json\/wp\/v2\/media?parent=1980"}],"wp:term":[{"taxonomy":"category","embeddable":true,"href":"https:\/\/agora.xtec.cat\/escolagaudisantboi\/wp-json\/wp\/v2\/categories?post=1980"},{"taxonomy":"post_tag","embeddable":true,"href":"https:\/\/agora.xtec.cat\/escolagaudisantboi\/wp-json\/wp\/v2\/tags?post=1980"}],"curies":[{"name":"wp","href":"https:\/\/api.w.org\/{rel}","templated":true}]}}