{"id":19505,"date":"2024-03-07T15:31:36","date_gmt":"2024-03-07T14:31:36","guid":{"rendered":"https:\/\/agora.xtec.cat\/escolagaudisantboi\/?p=19505"},"modified":"2024-04-17T12:24:09","modified_gmt":"2024-04-17T10:24:09","slug":"estimat-jesus","status":"publish","type":"post","link":"https:\/\/agora.xtec.cat\/escolagaudisantboi\/general\/estimat-jesus\/","title":{"rendered":"Estimat Jes\u00fas&#8230;"},"content":{"rendered":"<p>El dia 5 de Mar\u00e7 de 2024 vam rebre la trista not\u00edcia de la mort de Jes\u00fas Cisneros,\u00a0 el nostre estimat amic , mestre de m\u00fasica i director de l&#8217;escola Gaud\u00ed durant molts anys.<\/p>\n<p>Feia uns mesos que convivia amb una malaltia que no el va deixar seguir vivint.<\/p>\n<h4 style=\"text-align: center;\">PARAULES PER AL JES\u00daS<\/h4>\n<h4 style=\"text-align: center;\">(el nostre comiat a un estimat director, \u00a0mestre i amic)<\/h4>\n<p style=\"text-align: center;\"><a href=\"https:\/\/agora.xtec.cat\/escolagaudisantboi\/wp-content\/uploads\/usu2030\/2024\/03\/jesus-copia-scaled.jpg\"><img loading=\"lazy\" decoding=\"async\" class=\"wp-image-19509 aligncenter\" src=\"https:\/\/agora.xtec.cat\/escolagaudisantboi\/wp-content\/uploads\/usu2030\/2024\/03\/jesus-copia-1024x685.jpg\" alt=\"\" width=\"627\" height=\"420\" srcset=\"https:\/\/agora.xtec.cat\/escolagaudisantboi\/wp-content\/uploads\/usu2030\/2024\/03\/jesus-copia-1024x685.jpg 1024w, https:\/\/agora.xtec.cat\/escolagaudisantboi\/wp-content\/uploads\/usu2030\/2024\/03\/jesus-copia-300x201.jpg 300w, https:\/\/agora.xtec.cat\/escolagaudisantboi\/wp-content\/uploads\/usu2030\/2024\/03\/jesus-copia-768x514.jpg 768w, https:\/\/agora.xtec.cat\/escolagaudisantboi\/wp-content\/uploads\/usu2030\/2024\/03\/jesus-copia-1536x1028.jpg 1536w, https:\/\/agora.xtec.cat\/escolagaudisantboi\/wp-content\/uploads\/usu2030\/2024\/03\/jesus-copia-2048x1371.jpg 2048w\" sizes=\"auto, (max-width: 627px) 100vw, 627px\" \/><\/a><\/p>\n<p>Estimat Jes\u00fas, al Gaud\u00ed sentim una immensa tristesa.<\/p>\n<p>Et recordarem com un home bo, bona persona, pacient, discret, per\u00f2 tamb\u00e9 sincer i cr\u00edtic amb les idees amb qu\u00e8 no combregaves, defensor de la llibertat i comprom\u00e8s amb el m\u00f3n.<\/p>\n<p>Et recordarem amb aquella calma dels\u00a0 m\u00fasics, quan feies classe amb els infants, quan interpretaves al piano, i quan escoltaves la teva m\u00fasica i la teva gent, sempre amb el\u00a0cor i des del cor. I tamb\u00e9 amb aquella marxa, alegria i aquelles riallades quan <a href=\"https:\/\/agora.xtec.cat\/escolagaudisantboi\/wp-content\/uploads\/usu2030\/2024\/03\/jesus-3-2-scaled.jpg\"><img loading=\"lazy\" decoding=\"async\" class=\"wp-image-19506 alignright\" src=\"https:\/\/agora.xtec.cat\/escolagaudisantboi\/wp-content\/uploads\/usu2030\/2024\/03\/jesus-3-2-1024x765.jpg\" alt=\"\" width=\"369\" height=\"275\" srcset=\"https:\/\/agora.xtec.cat\/escolagaudisantboi\/wp-content\/uploads\/usu2030\/2024\/03\/jesus-3-2-1024x765.jpg 1024w, https:\/\/agora.xtec.cat\/escolagaudisantboi\/wp-content\/uploads\/usu2030\/2024\/03\/jesus-3-2-300x224.jpg 300w, https:\/\/agora.xtec.cat\/escolagaudisantboi\/wp-content\/uploads\/usu2030\/2024\/03\/jesus-3-2-768x574.jpg 768w, https:\/\/agora.xtec.cat\/escolagaudisantboi\/wp-content\/uploads\/usu2030\/2024\/03\/jesus-3-2-1536x1148.jpg 1536w, https:\/\/agora.xtec.cat\/escolagaudisantboi\/wp-content\/uploads\/usu2030\/2024\/03\/jesus-3-2-2048x1530.jpg 2048w, https:\/\/agora.xtec.cat\/escolagaudisantboi\/wp-content\/uploads\/usu2030\/2024\/03\/jesus-3-2-200x150.jpg 200w\" sizes=\"auto, (max-width: 369px) 100vw, 369px\" \/><\/a>tocaves amb el teu grup Muyayo Rif o quan eren moments festius, de can\u00e7ons i de trobada.<\/p>\n<p>Et recordarem gener\u00f3s com quan en\u00a0 moments dif\u00edcils, vas entomar la m\u00e0xima responsabilitat com a director, amb const\u00e0ncia, dedicaci\u00f3 i treball. Uns pares d&#8217;alumnes ens deien que tu vas ser la primera persona que van con\u00e8ixer, i tu vas fer que la triessin i es quedessin a l&#8217;escola que ells tamb\u00e9 van estimar.<\/p>\n<p>Sempre t&#8217;hem sentit molt a prop, molt de l&#8217;escola, tant quan en formaves part,com quan en vas marxar. En tots els moments de l&#8217;escola, els bons i els dif\u00edcils, et vam seguir tenint al costat.<\/p>\n<p>Aquells dos petonets que vas llen\u00e7ar a les teves darreres hores, quan vas obrir els ulls, sabem que ens els enviaves a tota la tribu del Gaud\u00ed.<\/p>\n<p>Ens estimaves i t&#8217;estimem i t&#8217;estimarem\u00a0sempre.<\/p>\n<p><a href=\"https:\/\/agora.xtec.cat\/escolagaudisantboi\/wp-content\/uploads\/usu2030\/2024\/03\/jesus-2-copia-scaled.jpg\"><img loading=\"lazy\" decoding=\"async\" class=\"wp-image-19508 alignleft\" src=\"https:\/\/agora.xtec.cat\/escolagaudisantboi\/wp-content\/uploads\/usu2030\/2024\/03\/jesus-2-copia-1024x768.jpg\" alt=\"\" width=\"371\" height=\"278\" srcset=\"https:\/\/agora.xtec.cat\/escolagaudisantboi\/wp-content\/uploads\/usu2030\/2024\/03\/jesus-2-copia-1024x768.jpg 1024w, https:\/\/agora.xtec.cat\/escolagaudisantboi\/wp-content\/uploads\/usu2030\/2024\/03\/jesus-2-copia-300x225.jpg 300w, https:\/\/agora.xtec.cat\/escolagaudisantboi\/wp-content\/uploads\/usu2030\/2024\/03\/jesus-2-copia-768x576.jpg 768w, https:\/\/agora.xtec.cat\/escolagaudisantboi\/wp-content\/uploads\/usu2030\/2024\/03\/jesus-2-copia-1536x1152.jpg 1536w, https:\/\/agora.xtec.cat\/escolagaudisantboi\/wp-content\/uploads\/usu2030\/2024\/03\/jesus-2-copia-2048x1536.jpg 2048w, https:\/\/agora.xtec.cat\/escolagaudisantboi\/wp-content\/uploads\/usu2030\/2024\/03\/jesus-2-copia-200x150.jpg 200w\" sizes=\"auto, (max-width: 371px) 100vw, 371px\" \/><\/a>I ara Jes\u00fas, com et vam dir quan vas marxar de Sant Boi, Te&#8217;n vas &#8220;con la m\u00fasica\u00a0 a otra parte&#8221; per\u00f2 nosaltres et durem sempre al cor.<\/p>\n<p>&nbsp;<\/p>\n<p><i>&#8220;Sense tu, jo no\u00a0puc; sense tu, si no hi ets; sense tu jo no\u00a0soc ning\u00fa&#8230;. i\u00a0siempre\u00a0estar\u00e1s al\u00a0mes\u00a0con&#8221;,\u00a0<\/i><\/p>\n<p><strong><a href=\"https:\/\/youtu.be\/3R4G-L0M47A?si=YYk-WJ9_4_rOE8fR\" target=\"_blank\" rel=\"noopener\">CAN\u00c7\u00d3 &#8220;SENSE TU&#8221; (escolta-la, mira-la, canta-la!)<\/a><\/strong><\/p>\n<p>&nbsp;<\/p>\n<p>&nbsp;<\/p>\n<p>&nbsp;<\/p>\n<p>&nbsp;<\/p>\n<p>&nbsp;<\/p>\n<p>&nbsp;<\/p>\n","protected":false},"excerpt":{"rendered":"<p>El dia 5 de Mar\u00e7 de 2024 vam rebre la trista not\u00edcia de la mort de Jes\u00fas Cisneros,\u00a0 el nostre estimat amic , mestre de m\u00fasica i director de l&#8217;escola Gaud\u00ed durant molts anys. Feia uns mesos que convivia amb una malaltia que no el va deixar seguir vivint. PARAULES PER AL JES\u00daS (el nostre [&hellip;]<\/p>\n","protected":false},"author":1,"featured_media":19509,"comment_status":"open","ping_status":"closed","sticky":false,"template":"","format":"standard","meta":{"_bbp_topic_count":0,"_bbp_reply_count":0,"_bbp_total_topic_count":0,"_bbp_total_reply_count":0,"_bbp_voice_count":0,"_bbp_anonymous_reply_count":0,"_bbp_topic_count_hidden":0,"_bbp_reply_count_hidden":0,"_bbp_forum_subforum_count":0,"site-sidebar-layout":"default","site-content-layout":"","ast-site-content-layout":"","site-content-style":"default","site-sidebar-style":"default","ast-global-header-display":"","ast-banner-title-visibility":"","ast-main-header-display":"","ast-hfb-above-header-display":"","ast-hfb-below-header-display":"","ast-hfb-mobile-header-display":"","site-post-title":"","ast-breadcrumbs-content":"","ast-featured-img":"","footer-sml-layout":"","theme-transparent-header-meta":"","adv-header-id-meta":"","stick-header-meta":"","header-above-stick-meta":"","header-main-stick-meta":"","header-below-stick-meta":"","astra-migrate-meta-layouts":"default","ast-page-background-enabled":"default","ast-page-background-meta":{"desktop":{"background-color":"var(--ast-global-color-4)","background-image":"","background-repeat":"repeat","background-position":"center center","background-size":"auto","background-attachment":"scroll","background-type":"","background-media":"","overlay-type":"","overlay-color":"","overlay-opacity":"","overlay-gradient":""},"tablet":{"background-color":"","background-image":"","background-repeat":"repeat","background-position":"center center","background-size":"auto","background-attachment":"scroll","background-type":"","background-media":"","overlay-type":"","overlay-color":"","overlay-opacity":"","overlay-gradient":""},"mobile":{"background-color":"","background-image":"","background-repeat":"repeat","background-position":"center center","background-size":"auto","background-attachment":"scroll","background-type":"","background-media":"","overlay-type":"","overlay-color":"","overlay-opacity":"","overlay-gradient":""}},"ast-content-background-meta":{"desktop":{"background-color":"var(--ast-global-color-5)","background-image":"","background-repeat":"repeat","background-position":"center center","background-size":"auto","background-attachment":"scroll","background-type":"","background-media":"","overlay-type":"","overlay-color":"","overlay-opacity":"","overlay-gradient":""},"tablet":{"background-color":"var(--ast-global-color-5)","background-image":"","background-repeat":"repeat","background-position":"center center","background-size":"auto","background-attachment":"scroll","background-type":"","background-media":"","overlay-type":"","overlay-color":"","overlay-opacity":"","overlay-gradient":""},"mobile":{"background-color":"var(--ast-global-color-5)","background-image":"","background-repeat":"repeat","background-position":"center center","background-size":"auto","background-attachment":"scroll","background-type":"","background-media":"","overlay-type":"","overlay-color":"","overlay-opacity":"","overlay-gradient":""}},"footnotes":""},"categories":[1,4],"tags":[],"class_list":["post-19505","post","type-post","status-publish","format-standard","has-post-thumbnail","hentry","category-general","category-portada"],"post_mailing_queue_ids":[],"_links":{"self":[{"href":"https:\/\/agora.xtec.cat\/escolagaudisantboi\/wp-json\/wp\/v2\/posts\/19505","targetHints":{"allow":["GET"]}}],"collection":[{"href":"https:\/\/agora.xtec.cat\/escolagaudisantboi\/wp-json\/wp\/v2\/posts"}],"about":[{"href":"https:\/\/agora.xtec.cat\/escolagaudisantboi\/wp-json\/wp\/v2\/types\/post"}],"author":[{"embeddable":true,"href":"https:\/\/agora.xtec.cat\/escolagaudisantboi\/wp-json\/wp\/v2\/users\/1"}],"replies":[{"embeddable":true,"href":"https:\/\/agora.xtec.cat\/escolagaudisantboi\/wp-json\/wp\/v2\/comments?post=19505"}],"version-history":[{"count":5,"href":"https:\/\/agora.xtec.cat\/escolagaudisantboi\/wp-json\/wp\/v2\/posts\/19505\/revisions"}],"predecessor-version":[{"id":19515,"href":"https:\/\/agora.xtec.cat\/escolagaudisantboi\/wp-json\/wp\/v2\/posts\/19505\/revisions\/19515"}],"wp:featuredmedia":[{"embeddable":true,"href":"https:\/\/agora.xtec.cat\/escolagaudisantboi\/wp-json\/wp\/v2\/media\/19509"}],"wp:attachment":[{"href":"https:\/\/agora.xtec.cat\/escolagaudisantboi\/wp-json\/wp\/v2\/media?parent=19505"}],"wp:term":[{"taxonomy":"category","embeddable":true,"href":"https:\/\/agora.xtec.cat\/escolagaudisantboi\/wp-json\/wp\/v2\/categories?post=19505"},{"taxonomy":"post_tag","embeddable":true,"href":"https:\/\/agora.xtec.cat\/escolagaudisantboi\/wp-json\/wp\/v2\/tags?post=19505"}],"curies":[{"name":"wp","href":"https:\/\/api.w.org\/{rel}","templated":true}]}}