{"id":19132,"date":"2023-09-15T13:00:25","date_gmt":"2023-09-15T11:00:25","guid":{"rendered":"https:\/\/agora.xtec.cat\/escolagaudisantboi\/?p=19132"},"modified":"2023-09-15T13:00:25","modified_gmt":"2023-09-15T11:00:25","slug":"amb-els-dos-peus-a-i-5","status":"publish","type":"post","link":"https:\/\/agora.xtec.cat\/escolagaudisantboi\/general\/amb-els-dos-peus-a-i-5\/","title":{"rendered":"AMB ELS DOS PEUS A I-5"},"content":{"rendered":"<p>Ara ja si! Som els grans dels petits de l&#8217;Escola!<\/p>\n<p>Ha passat l&#8217;estiu i ens hem retrobat amb energia, alegria i contents i contentes d&#8217;haver-nos fet m\u00e9s grans tant per dins com per fora!<\/p>\n<p>Aquest curs, amb la N\u00faria, la Judit i l&#8217;Anabel seguirem vivint noves aventures i descobrint nous aprenentatges a cada rac\u00f3 de l&#8217;Escola! Tamb\u00e9 passarem estonetes de psico amb la M\u00f2nica, l&#8217;angl\u00e8s amb amb l&#8217;Arianna, la m\u00fasica amb l&#8217;Anna, els ambients amb tota la Comunitat de Petits&#8230;\u00a0 A m\u00e9s, li donem la benvinguda a l&#8217;Izan, el nostre nou amic, i aprofitem per acomiadar-nos del Mohamed i del Nehuen.<\/p>\n<p>No us podeu imaginar les ganes i l&#8217;entusiasme que tenim d&#8217;anar mostrant-vos tot all\u00f2 que anem fent! Som-hi! Que el ritme no pari, que aix\u00f2 acaba de comen\u00e7ar! Bon curs a totes i a tots!<\/p>\n<p><a href=\"https:\/\/agora.xtec.cat\/escolagaudisantboi\/wp-content\/uploads\/usu2030\/2023\/09\/FOTO-GRUP-1.jpg\"><img loading=\"lazy\" decoding=\"async\" class=\"size-medium wp-image-19133 aligncenter\" src=\"https:\/\/agora.xtec.cat\/escolagaudisantboi\/wp-content\/uploads\/usu2030\/2023\/09\/FOTO-GRUP-1-300x212.jpg\" alt=\"\" width=\"300\" height=\"212\" srcset=\"https:\/\/agora.xtec.cat\/escolagaudisantboi\/wp-content\/uploads\/usu2030\/2023\/09\/FOTO-GRUP-1-300x212.jpg 300w, https:\/\/agora.xtec.cat\/escolagaudisantboi\/wp-content\/uploads\/usu2030\/2023\/09\/FOTO-GRUP-1-1024x724.jpg 1024w, https:\/\/agora.xtec.cat\/escolagaudisantboi\/wp-content\/uploads\/usu2030\/2023\/09\/FOTO-GRUP-1-768x543.jpg 768w, https:\/\/agora.xtec.cat\/escolagaudisantboi\/wp-content\/uploads\/usu2030\/2023\/09\/FOTO-GRUP-1-1536x1086.jpg 1536w, https:\/\/agora.xtec.cat\/escolagaudisantboi\/wp-content\/uploads\/usu2030\/2023\/09\/FOTO-GRUP-1.jpg 2000w\" sizes=\"auto, (max-width: 300px) 100vw, 300px\" \/><\/a><\/p>\n","protected":false},"excerpt":{"rendered":"<p>Ara ja si! Som els grans dels petits de l&#8217;Escola! Ha passat l&#8217;estiu i ens hem retrobat amb energia, alegria i contents i contentes d&#8217;haver-nos fet m\u00e9s grans tant per dins com per fora! Aquest curs, amb la N\u00faria, la Judit i l&#8217;Anabel seguirem vivint noves aventures i descobrint nous aprenentatges a cada rac\u00f3 de [&hellip;]<\/p>\n","protected":false},"author":1,"featured_media":0,"comment_status":"open","ping_status":"closed","sticky":false,"template":"","format":"standard","meta":{"_bbp_topic_count":0,"_bbp_reply_count":0,"_bbp_total_topic_count":0,"_bbp_total_reply_count":0,"_bbp_voice_count":0,"_bbp_anonymous_reply_count":0,"_bbp_topic_count_hidden":0,"_bbp_reply_count_hidden":0,"_bbp_forum_subforum_count":0,"site-sidebar-layout":"default","site-content-layout":"","ast-site-content-layout":"","site-content-style":"default","site-sidebar-style":"default","ast-global-header-display":"","ast-banner-title-visibility":"","ast-main-header-display":"","ast-hfb-above-header-display":"","ast-hfb-below-header-display":"","ast-hfb-mobile-header-display":"","site-post-title":"","ast-breadcrumbs-content":"","ast-featured-img":"","footer-sml-layout":"","theme-transparent-header-meta":"","adv-header-id-meta":"","stick-header-meta":"","header-above-stick-meta":"","header-main-stick-meta":"","header-below-stick-meta":"","astra-migrate-meta-layouts":"default","ast-page-background-enabled":"default","ast-page-background-meta":{"desktop":{"background-color":"var(--ast-global-color-4)","background-image":"","background-repeat":"repeat","background-position":"center center","background-size":"auto","background-attachment":"scroll","background-type":"","background-media":"","overlay-type":"","overlay-color":"","overlay-opacity":"","overlay-gradient":""},"tablet":{"background-color":"","background-image":"","background-repeat":"repeat","background-position":"center center","background-size":"auto","background-attachment":"scroll","background-type":"","background-media":"","overlay-type":"","overlay-color":"","overlay-opacity":"","overlay-gradient":""},"mobile":{"background-color":"","background-image":"","background-repeat":"repeat","background-position":"center center","background-size":"auto","background-attachment":"scroll","background-type":"","background-media":"","overlay-type":"","overlay-color":"","overlay-opacity":"","overlay-gradient":""}},"ast-content-background-meta":{"desktop":{"background-color":"var(--ast-global-color-5)","background-image":"","background-repeat":"repeat","background-position":"center center","background-size":"auto","background-attachment":"scroll","background-type":"","background-media":"","overlay-type":"","overlay-color":"","overlay-opacity":"","overlay-gradient":""},"tablet":{"background-color":"var(--ast-global-color-5)","background-image":"","background-repeat":"repeat","background-position":"center center","background-size":"auto","background-attachment":"scroll","background-type":"","background-media":"","overlay-type":"","overlay-color":"","overlay-opacity":"","overlay-gradient":""},"mobile":{"background-color":"var(--ast-global-color-5)","background-image":"","background-repeat":"repeat","background-position":"center center","background-size":"auto","background-attachment":"scroll","background-type":"","background-media":"","overlay-type":"","overlay-color":"","overlay-opacity":"","overlay-gradient":""}},"footnotes":""},"categories":[1,9,2,4],"tags":[268,93,134],"class_list":["post-19132","post","type-post","status-publish","format-standard","hentry","category-general","category-i5","category-infantil","category-portada","tag-comunitat-petits","tag-educacio-infantil","tag-presentacio"],"post_mailing_queue_ids":[],"_links":{"self":[{"href":"https:\/\/agora.xtec.cat\/escolagaudisantboi\/wp-json\/wp\/v2\/posts\/19132","targetHints":{"allow":["GET"]}}],"collection":[{"href":"https:\/\/agora.xtec.cat\/escolagaudisantboi\/wp-json\/wp\/v2\/posts"}],"about":[{"href":"https:\/\/agora.xtec.cat\/escolagaudisantboi\/wp-json\/wp\/v2\/types\/post"}],"author":[{"embeddable":true,"href":"https:\/\/agora.xtec.cat\/escolagaudisantboi\/wp-json\/wp\/v2\/users\/1"}],"replies":[{"embeddable":true,"href":"https:\/\/agora.xtec.cat\/escolagaudisantboi\/wp-json\/wp\/v2\/comments?post=19132"}],"version-history":[{"count":1,"href":"https:\/\/agora.xtec.cat\/escolagaudisantboi\/wp-json\/wp\/v2\/posts\/19132\/revisions"}],"predecessor-version":[{"id":19134,"href":"https:\/\/agora.xtec.cat\/escolagaudisantboi\/wp-json\/wp\/v2\/posts\/19132\/revisions\/19134"}],"wp:attachment":[{"href":"https:\/\/agora.xtec.cat\/escolagaudisantboi\/wp-json\/wp\/v2\/media?parent=19132"}],"wp:term":[{"taxonomy":"category","embeddable":true,"href":"https:\/\/agora.xtec.cat\/escolagaudisantboi\/wp-json\/wp\/v2\/categories?post=19132"},{"taxonomy":"post_tag","embeddable":true,"href":"https:\/\/agora.xtec.cat\/escolagaudisantboi\/wp-json\/wp\/v2\/tags?post=19132"}],"curies":[{"name":"wp","href":"https:\/\/api.w.org\/{rel}","templated":true}]}}