{"id":1877,"date":"2020-04-07T23:39:34","date_gmt":"2020-04-07T21:39:34","guid":{"rendered":"https:\/\/agora.xtec.cat\/escolagaudisantboi\/?p=1877"},"modified":"2020-04-07T23:55:41","modified_gmt":"2020-04-07T21:55:41","slug":"dia-mundial-de-la-salut-7-dabril","status":"publish","type":"post","link":"https:\/\/agora.xtec.cat\/escolagaudisantboi\/general\/dia-mundial-de-la-salut-7-dabril\/","title":{"rendered":"Dia Mundial de la Salut (7 d&#8217;abril)"},"content":{"rendered":"<p style=\"text-align: justify;\">Avui 7 d&#8217;abril se celebra <strong>el Dia Mundial de la Salut<\/strong> per commemorar l&#8217;aniversari de la creaci\u00f3 de l&#8217;Organitzaci\u00f3 Mundial de la Salut (OMS) el 1948 i amb la necessitat de crear consci\u00e8ncia sobre les malalties mortals mundials i crear h\u00e0bits sans en les persones. <!--more--><\/p>\n<p style=\"text-align: justify;\"><a href=\"https:\/\/agora.xtec.cat\/escolagaudisantboi\/wp-content\/uploads\/usu2030\/2020\/04\/dia_mundia_salut_18.jpg_1725308333.jpg\"><img loading=\"lazy\" decoding=\"async\" class=\"size-full wp-image-1878 alignleft\" src=\"https:\/\/agora.xtec.cat\/escolagaudisantboi\/wp-content\/uploads\/usu2030\/2020\/04\/dia_mundia_salut_18.jpg_1725308333.jpg\" alt=\"\" width=\"250\" height=\"216\" \/><\/a><\/p>\n<p style=\"text-align: justify;\">Al Gaud\u00ed cada dia, per\u00f2 avui de forma especial, <strong>volem fer un homenatge i agrair al personal sanitari tot el que est\u00e0 fent per nosaltres en el dia a dia i la seva valentia i amor per fer front a aquesta pand\u00e8mia<\/strong> des de primera l\u00ednia.<\/p>\n<p style=\"text-align: justify;\">Una mestra gaudiniana em va dir fa poc que els sanitaris i sanit\u00e0ries que ara estan als hospitals s\u00f3n \u00c0NGELS. I just avui he trobat aquesta lletra d&#8217;una can\u00e7\u00f3 del Pau Don\u00e9s, el cantant de Jarabe de Palo, que coincideix amb ella i que vull compartir amb vosaltres. GR\u00c0CIES \u00c0NGELS PER SER-HI!!!!<\/p>\n<p>&nbsp;<\/p>\n<p style=\"text-align: left;\">&#8220;<strong>LOS \u00c1NGELES VISTEN DE BLANCO<\/strong>&#8220;<\/p>\n<p style=\"text-align: left;\">\u00c1ngeles que entran y salen a gran velocidad,<\/p>\n<p style=\"text-align: left;\">corriendo en los pasillos del viejo hospital.<\/p>\n<p style=\"text-align: left;\">\u00c1ngeles cansados pero osada valent\u00eda,\u00a0 \u00a0 \u00a0 \u00a0 \u00a0 \u00a0 \u00a0 \u00a0 \u00a0 \u00a0 \u00a0 \u00a0 \u00a0 \u00a0 \u00a0 \u00a0 \u00a0 \u00a0 \u00a0 \u00a0 \u00a0 \u00a0 \u00a0 \u00a0 \u00a0 \u00a0 \u00a0 \u00a0 \u00a0 \u00a0 \u00a0 \u00a0 \u00a0 \u00a0 \u00a0 \u00a0 \u00a0 <a href=\"https:\/\/agora.xtec.cat\/escolagaudisantboi\/wp-content\/uploads\/usu2030\/2020\/04\/IMG-20200407-WA0011-e1586295499285.jpg\"><img loading=\"lazy\" decoding=\"async\" class=\"wp-image-1879 alignright\" src=\"https:\/\/agora.xtec.cat\/escolagaudisantboi\/wp-content\/uploads\/usu2030\/2020\/04\/IMG-20200407-WA0011-e1586295807522-244x300.jpg\" alt=\"\" width=\"368\" height=\"453\" srcset=\"https:\/\/agora.xtec.cat\/escolagaudisantboi\/wp-content\/uploads\/usu2030\/2020\/04\/IMG-20200407-WA0011-e1586295807522-244x300.jpg 244w, https:\/\/agora.xtec.cat\/escolagaudisantboi\/wp-content\/uploads\/usu2030\/2020\/04\/IMG-20200407-WA0011-e1586295807522.jpg 708w\" sizes=\"auto, (max-width: 368px) 100vw, 368px\" \/><\/a><\/p>\n<p style=\"text-align: left;\">jug\u00e1ndose la vida para que otros est\u00e9n bien.<\/p>\n<p style=\"text-align: left;\">LOS \u00c1NGELES NO TIENEN ALAS,<\/p>\n<p style=\"text-align: left;\">NI LAZOS, NI RIZOS DORADOS&#8230;<\/p>\n<p style=\"text-align: left;\">&#8230;LOS \u00c1NGELES VISTEN DE BLANCO<\/p>\n<p style=\"text-align: left;\">\u00c1ngeles que bailan, cuando la m\u00fasica no suena,<\/p>\n<p style=\"text-align: left;\">que curan las heridas sin m\u00e1s que una sonrisa.<\/p>\n<p style=\"text-align: left;\">Que calman el dolor a golpe de caricias,<\/p>\n<p style=\"text-align: left;\">pintando de colores mi oscura habitaci\u00f3n<\/p>\n<p style=\"text-align: left;\">LOS \u00c1NGELES NO TIENEN ALAS,<\/p>\n<p style=\"text-align: left;\">NI LAZOS, NI RIZOS DORADOS&#8230;<\/p>\n<p style=\"text-align: left;\">&#8230;LOS \u00c1NGELES VISTEN DE BLANCO<\/p>\n<p style=\"text-align: left;\">\u00c1ngeles de carne y hueso sin vendas en el coraz\u00f3n,<\/p>\n<p style=\"text-align: left;\">audaces aliados del amor.<\/p>\n","protected":false},"excerpt":{"rendered":"<p>Avui 7 d&#8217;abril se celebra el Dia Mundial de la Salut per commemorar l&#8217;aniversari de la creaci\u00f3 de l&#8217;Organitzaci\u00f3 Mundial de la Salut (OMS) el 1948 i amb la necessitat de crear consci\u00e8ncia sobre les malalties mortals mundials i crear h\u00e0bits sans en les persones.<\/p>\n","protected":false},"author":1,"featured_media":1878,"comment_status":"open","ping_status":"closed","sticky":false,"template":"","format":"standard","meta":{"_bbp_topic_count":0,"_bbp_reply_count":0,"_bbp_total_topic_count":0,"_bbp_total_reply_count":0,"_bbp_voice_count":0,"_bbp_anonymous_reply_count":0,"_bbp_topic_count_hidden":0,"_bbp_reply_count_hidden":0,"_bbp_forum_subforum_count":0,"site-sidebar-layout":"default","site-content-layout":"","ast-site-content-layout":"","site-content-style":"default","site-sidebar-style":"default","ast-global-header-display":"","ast-banner-title-visibility":"","ast-main-header-display":"","ast-hfb-above-header-display":"","ast-hfb-below-header-display":"","ast-hfb-mobile-header-display":"","site-post-title":"","ast-breadcrumbs-content":"","ast-featured-img":"","footer-sml-layout":"","theme-transparent-header-meta":"","adv-header-id-meta":"","stick-header-meta":"","header-above-stick-meta":"","header-main-stick-meta":"","header-below-stick-meta":"","astra-migrate-meta-layouts":"default","ast-page-background-enabled":"default","ast-page-background-meta":{"desktop":{"background-color":"var(--ast-global-color-4)","background-image":"","background-repeat":"repeat","background-position":"center center","background-size":"auto","background-attachment":"scroll","background-type":"","background-media":"","overlay-type":"","overlay-color":"","overlay-opacity":"","overlay-gradient":""},"tablet":{"background-color":"","background-image":"","background-repeat":"repeat","background-position":"center center","background-size":"auto","background-attachment":"scroll","background-type":"","background-media":"","overlay-type":"","overlay-color":"","overlay-opacity":"","overlay-gradient":""},"mobile":{"background-color":"","background-image":"","background-repeat":"repeat","background-position":"center center","background-size":"auto","background-attachment":"scroll","background-type":"","background-media":"","overlay-type":"","overlay-color":"","overlay-opacity":"","overlay-gradient":""}},"ast-content-background-meta":{"desktop":{"background-color":"var(--ast-global-color-5)","background-image":"","background-repeat":"repeat","background-position":"center center","background-size":"auto","background-attachment":"scroll","background-type":"","background-media":"","overlay-type":"","overlay-color":"","overlay-opacity":"","overlay-gradient":""},"tablet":{"background-color":"var(--ast-global-color-5)","background-image":"","background-repeat":"repeat","background-position":"center center","background-size":"auto","background-attachment":"scroll","background-type":"","background-media":"","overlay-type":"","overlay-color":"","overlay-opacity":"","overlay-gradient":""},"mobile":{"background-color":"var(--ast-global-color-5)","background-image":"","background-repeat":"repeat","background-position":"center center","background-size":"auto","background-attachment":"scroll","background-type":"","background-media":"","overlay-type":"","overlay-color":"","overlay-opacity":"","overlay-gradient":""}},"footnotes":""},"categories":[102,1,4],"tags":[],"class_list":["post-1877","post","type-post","status-publish","format-standard","has-post-thumbnail","hentry","category-ens-quedem-a-casa","category-general","category-portada"],"post_mailing_queue_ids":[],"_links":{"self":[{"href":"https:\/\/agora.xtec.cat\/escolagaudisantboi\/wp-json\/wp\/v2\/posts\/1877","targetHints":{"allow":["GET"]}}],"collection":[{"href":"https:\/\/agora.xtec.cat\/escolagaudisantboi\/wp-json\/wp\/v2\/posts"}],"about":[{"href":"https:\/\/agora.xtec.cat\/escolagaudisantboi\/wp-json\/wp\/v2\/types\/post"}],"author":[{"embeddable":true,"href":"https:\/\/agora.xtec.cat\/escolagaudisantboi\/wp-json\/wp\/v2\/users\/1"}],"replies":[{"embeddable":true,"href":"https:\/\/agora.xtec.cat\/escolagaudisantboi\/wp-json\/wp\/v2\/comments?post=1877"}],"version-history":[{"count":3,"href":"https:\/\/agora.xtec.cat\/escolagaudisantboi\/wp-json\/wp\/v2\/posts\/1877\/revisions"}],"predecessor-version":[{"id":1885,"href":"https:\/\/agora.xtec.cat\/escolagaudisantboi\/wp-json\/wp\/v2\/posts\/1877\/revisions\/1885"}],"wp:featuredmedia":[{"embeddable":true,"href":"https:\/\/agora.xtec.cat\/escolagaudisantboi\/wp-json\/wp\/v2\/media\/1878"}],"wp:attachment":[{"href":"https:\/\/agora.xtec.cat\/escolagaudisantboi\/wp-json\/wp\/v2\/media?parent=1877"}],"wp:term":[{"taxonomy":"category","embeddable":true,"href":"https:\/\/agora.xtec.cat\/escolagaudisantboi\/wp-json\/wp\/v2\/categories?post=1877"},{"taxonomy":"post_tag","embeddable":true,"href":"https:\/\/agora.xtec.cat\/escolagaudisantboi\/wp-json\/wp\/v2\/tags?post=1877"}],"curies":[{"name":"wp","href":"https:\/\/api.w.org\/{rel}","templated":true}]}}