{"id":18691,"date":"2025-05-14T08:00:04","date_gmt":"2025-05-14T06:00:04","guid":{"rendered":"https:\/\/agora.xtec.cat\/escolagaudisantboi\/?p=18691"},"modified":"2025-05-14T08:20:16","modified_gmt":"2025-05-14T06:20:16","slug":"ajuts-menjador-curs-2025-2026","status":"publish","type":"post","link":"https:\/\/agora.xtec.cat\/escolagaudisantboi\/general\/ajuts-menjador-curs-2025-2026\/","title":{"rendered":"Ajuts menjador curs 2025-2026"},"content":{"rendered":"<p style=\"text-align: center;\"><span style=\"color: #333399;\"><strong><a href=\"https:\/\/agora.xtec.cat\/escolagaudisantboi\/wp-content\/uploads\/usu2030\/2023\/05\/TRAMIT-DAJUTS-DE-MENJADOR-ESCOLAR-CURS-2025-2026-Termini-del-15-al-31-de-maig-de-2025-1386-x-200-px2.png\"><img loading=\"lazy\" decoding=\"async\" class=\"alignright wp-image-20689 size-large\" src=\"https:\/\/agora.xtec.cat\/escolagaudisantboi\/wp-content\/uploads\/usu2030\/2023\/05\/TRAMIT-DAJUTS-DE-MENJADOR-ESCOLAR-CURS-2025-2026-Termini-del-15-al-31-de-maig-de-2025-1386-x-200-px2-1024x148.png\" alt=\"\" width=\"1024\" height=\"148\" srcset=\"https:\/\/agora.xtec.cat\/escolagaudisantboi\/wp-content\/uploads\/usu2030\/2023\/05\/TRAMIT-DAJUTS-DE-MENJADOR-ESCOLAR-CURS-2025-2026-Termini-del-15-al-31-de-maig-de-2025-1386-x-200-px2-1024x148.png 1024w, https:\/\/agora.xtec.cat\/escolagaudisantboi\/wp-content\/uploads\/usu2030\/2023\/05\/TRAMIT-DAJUTS-DE-MENJADOR-ESCOLAR-CURS-2025-2026-Termini-del-15-al-31-de-maig-de-2025-1386-x-200-px2-300x43.png 300w, https:\/\/agora.xtec.cat\/escolagaudisantboi\/wp-content\/uploads\/usu2030\/2023\/05\/TRAMIT-DAJUTS-DE-MENJADOR-ESCOLAR-CURS-2025-2026-Termini-del-15-al-31-de-maig-de-2025-1386-x-200-px2-768x111.png 768w, https:\/\/agora.xtec.cat\/escolagaudisantboi\/wp-content\/uploads\/usu2030\/2023\/05\/TRAMIT-DAJUTS-DE-MENJADOR-ESCOLAR-CURS-2025-2026-Termini-del-15-al-31-de-maig-de-2025-1386-x-200-px2.png 1200w\" sizes=\"auto, (max-width: 1024px) 100vw, 1024px\" \/><\/a><\/strong><\/span><\/p>\n<p>&nbsp;<\/p>\n<ul>\n<li>\n<h4><span style=\"color: #000000;\">La presentaci\u00f3 de sol\u00b7licituds s&#8217;inicia <strong>el 15 de maig, fins al 31 de maig de 2025.<\/strong><\/span><\/h4>\n<\/li>\n<li><span style=\"color: #000000;\">La presentaci\u00f3 dels ajuts \u00e9s <strong>TELEM\u00c0TICA<\/strong>:\u00a0des d\u2019un <span style=\"text-decoration: underline;\">m\u00f2bil<\/span>, un <span style=\"text-decoration: underline;\">ordinador<\/span> o una <span style=\"text-decoration: underline;\">tauleta<\/span>!<\/span><\/li>\n<li>\n<h5><span style=\"color: #000000;\"><strong>Cal complimentar l<\/strong><\/span><strong style=\"color: #000000; font-family: inherit; font-size: 1em;\">a sol\u00b7licitud i <\/strong><span style=\"color: #000000;\">adjuntar la documentaci\u00f3\u00a0<\/span><\/h5>\n<ul>\n<li style=\"list-style-type: none;\">\n<ul style=\"list-style-type: square;\">\n<li><span style=\"color: #000000;\"><span style=\"color: #000000;\"><span style=\"text-decoration: underline;\">Documentaci\u00f3<\/span> que cal adjuntar (<\/span><\/span><span style=\"color: #000000;\">no cal si es va presentar el curs passat i no ha canviat)<\/span><\/li>\n<\/ul>\n<\/li>\n<\/ul>\n<\/li>\n<\/ul>\n<div class=\"page\" title=\"Page 1\">\n<div class=\"section\">\n<div class=\"layoutArea\">\n<div class=\"column\">\n<div class=\"section\">\n<div class=\"layoutArea\">\n<div class=\"column\">\n<ul>\n<li style=\"list-style-type: none;\">\n<ul>\n<li style=\"list-style-type: none;\">\n<ul>\n<li style=\"list-style-type: none;\">\n<ul>\n<li style=\"list-style-type: none;\">\n<ul>\n<li style=\"list-style-type: none;\">\n<ul style=\"list-style-type: circle;\">\n<li><span style=\"color: #000000;\">NIF\/ NIE dels membres de la unitat familiar o passaport (si els menors de 14 anys no en tenen caldr\u00e0 llibre de fam\u00edlia o certificat de naixement).<\/span><\/li>\n<li><span style=\"color: #000000;\"><span style=\"font-family: inherit; font-size: 1em; color: #000000;\">En cas d&#8217;acolliment, resolucio\u0301 de la DGAIA.<\/span><\/span><\/li>\n<li><span style=\"color: #000000;\"><span style=\"text-decoration: underline;\">En cas de separacio\u0301<\/span><strong>, conveni regulador, sente\u0300ncia de divorci o l&#8217;acta final de mediacio\u0301<\/strong>.<\/span><\/li>\n<li><span style=\"color: #000000;\">En cas d\u2019impagament de la pensi\u00f3 d\u2019aliments, adjuntar la demanda executiva de l\u2019incompliment.<\/span><\/li>\n<li><span style=\"color: #000000;\"><span style=\"color: #000000;\"><span style=\"color: #000000;\">En cas de vidu\u00eftat, certificat de defuncio\u0301.<\/span><\/span><\/span><\/li>\n<li><span style=\"font-family: inherit; font-size: 1em; color: #000000;\">En cas de privacio\u0301 de llibertat d\u2019un progenitor, certificat del centre penitenciari.<\/span><\/li>\n<li><span style=\"font-family: inherit; font-size: 1em;\">Document de prestacions econo\u0300miques d\u2019urge\u0300ncia social<\/span>: urge\u0300ncies ba\u0300siques, allotjament, alimentacio\u0301 i vestit.<\/li>\n<li>Les persones que estiguin donades d\u2019alta al sistema especial de treballadors\/es de la llar, caldr\u00e0 que aportin el certificat de cotitzacions corresponents a l\u2019any 2024.<\/li>\n<\/ul>\n<\/li>\n<\/ul>\n<\/li>\n<\/ul>\n<\/li>\n<\/ul>\n<\/li>\n<\/ul>\n<\/li>\n<\/ul>\n<\/div>\n<\/div>\n<\/div>\n<ul>\n<li><span style=\"color: #000000;\">L&#8217;<strong>alumnat<\/strong> que ha fet la <strong>pre-inscripci\u00f3<\/strong> per entrar a<strong> I3<\/strong> al nostre centre <strong>pot fer la sol\u00b7licitud<\/strong> indicant la nostra escola.<\/span><\/li>\n<li><span style=\"color: #000000;\">A <strong>secund\u00e0ria<\/strong> nom\u00e9s es donaran ajuts a l&#8217;alumnat matriculat o prematriculat en un centre que disposi de servei de menjador escolar.<\/span><\/li>\n<li><strong><span style=\"color: #000000;\">REQUISIT INDISPENSABLE PER MANTENIR L&#8217;AJUT: Fer \u00fas del servei de menjador escolar!<\/span><\/strong><\/li>\n<li>\n<h5><span style=\"color: #000000;\"><strong>FAQS<\/strong> (preguntes freq\u00fcents):<\/span> <a href=\"https:\/\/agora.xtec.cat\/escolagaudisantboi\/wp-content\/uploads\/usu2030\/2023\/05\/CAT_2025_PREGUNTES-FREQUENTS.pdf\" target=\"_blank\" rel=\"noopener\">Catal\u00e0<\/a> \/ <a href=\"https:\/\/agora.xtec.cat\/escolagaudisantboi\/wp-content\/uploads\/usu2030\/2023\/05\/CAST_2025_PREGUNTAS-FRECUENTES.pdf\" target=\"_blank\" rel=\"noopener\">Castell\u00e0<\/a><\/h5>\n<\/li>\n<li>\n<h5><span style=\"color: #000000;\"><strong>GUIA<\/strong> per complimentar la sol\u00b7licitud:<\/span>\u00a0<a href=\"https:\/\/agora.xtec.cat\/escolagaudisantboi\/wp-content\/uploads\/usu2030\/2023\/05\/CAT_2025-2026_GUIA-PER-A-COMPLIMENTAR-LA-SOL\u00b7LICITUD-DE-MENJADOR-ESCOLAR-.pdf\" target=\"_blank\" rel=\"noopener\">Catal\u00e0<\/a> \/ <a href=\"https:\/\/agora.xtec.cat\/escolagaudisantboi\/wp-content\/uploads\/usu2030\/2023\/05\/CAST_2025-2026_GUIA-PER-A-COMPLIMENTAR-LA-SOL\u00b7LICITUD-DE-MENJADOR-ESCOLAR.pdf\" target=\"_blank\" rel=\"noopener\">Castell\u00e0<\/a><\/h5>\n<\/li>\n<\/ul>\n<div style=\"position: relative; width: fit-content; height: fit-content;\">\n<div style=\"position: relative; width: fit-content; height: fit-content;\"><a style=\"position: absolute; top: 20px; right: 1rem; opacity: 0.8;\" href=\"https:\/\/clipchamp.com\/watch\/awgiENJYg8d?utm_source=embed&amp;utm_medium=embed&amp;utm_campaign=watch\"><img decoding=\"async\" style=\"height: 22px;\" src=\"https:\/\/clipchamp.com\/e.svg\" alt=\"Made with Clipchamp\" \/><br \/>\n<\/a><\/div>\n<\/div>\n<ul>\n<li><strong><span style=\"color: #000000;\">BASES DE LA CONVOCAT\u00d2RIA:<\/span> <a href=\"https:\/\/agora.xtec.cat\/escolagaudisantboi\/wp-content\/uploads\/usu2030\/2023\/05\/BASES-AIM-CATALA-2025-2026_0.pdf\" target=\"_blank\" rel=\"noopener\">Catal\u00e0<\/a> \/ <a href=\"https:\/\/agora.xtec.cat\/escolagaudisantboi\/wp-content\/uploads\/usu2030\/2023\/05\/BASES-AIM-CASTELLA-2025-2026_0.pdf\" target=\"_blank\" rel=\"noopener\">Castell\u00e0<\/a><\/strong><\/li>\n<li>\n<h5><span style=\"color: #000000;\">Consulteu la<strong> web del Consell Comarcal:<\/strong><\/span>\u00a0<a href=\"https:\/\/www.elbaixllobregat.cat\/ajuts-menjador\" target=\"_blank\" rel=\"noopener\">Clica per obtenir mes informaci\u00f3<\/a><\/h5>\n<\/li>\n<\/ul>\n<div style=\"position: relative; width: fit-content; height: fit-content;\"><a style=\"position: absolute; top: 20px; right: 1rem; opacity: 0.8;\" href=\"https:\/\/clipchamp.com\/watch\/awgiENJYg8d?utm_source=embed&amp;utm_medium=embed&amp;utm_campaign=watch\"><br \/>\n<img decoding=\"async\" style=\"height: 22px;\" src=\"https:\/\/clipchamp.com\/e.svg\" alt=\"Made with Clipchamp\" \/><br \/>\n<\/a><\/div>\n<\/div>\n<\/div>\n<\/div>\n<\/div>\n","protected":false},"excerpt":{"rendered":"<p>&nbsp; La presentaci\u00f3 de sol\u00b7licituds s&#8217;inicia el 15 de maig, fins al 31 de maig de 2025. La presentaci\u00f3 dels ajuts \u00e9s TELEM\u00c0TICA:\u00a0des d\u2019un m\u00f2bil, un ordinador o una tauleta! Cal complimentar la sol\u00b7licitud i adjuntar la documentaci\u00f3\u00a0 Documentaci\u00f3 que cal adjuntar (no cal si es va presentar el curs passat i no ha canviat) [&hellip;]<\/p>\n","protected":false},"author":1,"featured_media":20689,"comment_status":"open","ping_status":"closed","sticky":true,"template":"","format":"standard","meta":{"_bbp_topic_count":0,"_bbp_reply_count":0,"_bbp_total_topic_count":0,"_bbp_total_reply_count":0,"_bbp_voice_count":0,"_bbp_anonymous_reply_count":0,"_bbp_topic_count_hidden":0,"_bbp_reply_count_hidden":0,"_bbp_forum_subforum_count":0,"site-sidebar-layout":"default","site-content-layout":"","ast-site-content-layout":"","site-content-style":"default","site-sidebar-style":"default","ast-global-header-display":"","ast-banner-title-visibility":"","ast-main-header-display":"","ast-hfb-above-header-display":"","ast-hfb-below-header-display":"","ast-hfb-mobile-header-display":"","site-post-title":"","ast-breadcrumbs-content":"","ast-featured-img":"","footer-sml-layout":"","theme-transparent-header-meta":"","adv-header-id-meta":"","stick-header-meta":"","header-above-stick-meta":"","header-main-stick-meta":"","header-below-stick-meta":"","astra-migrate-meta-layouts":"default","ast-page-background-enabled":"default","ast-page-background-meta":{"desktop":{"background-color":"var(--ast-global-color-4)","background-image":"","background-repeat":"repeat","background-position":"center center","background-size":"auto","background-attachment":"scroll","background-type":"","background-media":"","overlay-type":"","overlay-color":"","overlay-opacity":"","overlay-gradient":""},"tablet":{"background-color":"","background-image":"","background-repeat":"repeat","background-position":"center center","background-size":"auto","background-attachment":"scroll","background-type":"","background-media":"","overlay-type":"","overlay-color":"","overlay-opacity":"","overlay-gradient":""},"mobile":{"background-color":"","background-image":"","background-repeat":"repeat","background-position":"center center","background-size":"auto","background-attachment":"scroll","background-type":"","background-media":"","overlay-type":"","overlay-color":"","overlay-opacity":"","overlay-gradient":""}},"ast-content-background-meta":{"desktop":{"background-color":"var(--ast-global-color-5)","background-image":"","background-repeat":"repeat","background-position":"center center","background-size":"auto","background-attachment":"scroll","background-type":"","background-media":"","overlay-type":"","overlay-color":"","overlay-opacity":"","overlay-gradient":""},"tablet":{"background-color":"var(--ast-global-color-5)","background-image":"","background-repeat":"repeat","background-position":"center center","background-size":"auto","background-attachment":"scroll","background-type":"","background-media":"","overlay-type":"","overlay-color":"","overlay-opacity":"","overlay-gradient":""},"mobile":{"background-color":"var(--ast-global-color-5)","background-image":"","background-repeat":"repeat","background-position":"center center","background-size":"auto","background-attachment":"scroll","background-type":"","background-media":"","overlay-type":"","overlay-color":"","overlay-opacity":"","overlay-gradient":""}},"footnotes":""},"categories":[10,11,12,237,13,14,15,1,3,276,9,2,4,5],"tags":[],"class_list":["post-18691","post","type-post","status-publish","format-standard","has-post-thumbnail","hentry","category-1r","category-2n","category-3r","category-4rt","category-4t","category-5e","category-6e","category-general","category-i3","category-i4","category-i5","category-infantil","category-portada","category-primaria"],"post_mailing_queue_ids":[],"_links":{"self":[{"href":"https:\/\/agora.xtec.cat\/escolagaudisantboi\/wp-json\/wp\/v2\/posts\/18691","targetHints":{"allow":["GET"]}}],"collection":[{"href":"https:\/\/agora.xtec.cat\/escolagaudisantboi\/wp-json\/wp\/v2\/posts"}],"about":[{"href":"https:\/\/agora.xtec.cat\/escolagaudisantboi\/wp-json\/wp\/v2\/types\/post"}],"author":[{"embeddable":true,"href":"https:\/\/agora.xtec.cat\/escolagaudisantboi\/wp-json\/wp\/v2\/users\/1"}],"replies":[{"embeddable":true,"href":"https:\/\/agora.xtec.cat\/escolagaudisantboi\/wp-json\/wp\/v2\/comments?post=18691"}],"version-history":[{"count":6,"href":"https:\/\/agora.xtec.cat\/escolagaudisantboi\/wp-json\/wp\/v2\/posts\/18691\/revisions"}],"predecessor-version":[{"id":19630,"href":"https:\/\/agora.xtec.cat\/escolagaudisantboi\/wp-json\/wp\/v2\/posts\/18691\/revisions\/19630"}],"wp:featuredmedia":[{"embeddable":true,"href":"https:\/\/agora.xtec.cat\/escolagaudisantboi\/wp-json\/wp\/v2\/media\/20689"}],"wp:attachment":[{"href":"https:\/\/agora.xtec.cat\/escolagaudisantboi\/wp-json\/wp\/v2\/media?parent=18691"}],"wp:term":[{"taxonomy":"category","embeddable":true,"href":"https:\/\/agora.xtec.cat\/escolagaudisantboi\/wp-json\/wp\/v2\/categories?post=18691"},{"taxonomy":"post_tag","embeddable":true,"href":"https:\/\/agora.xtec.cat\/escolagaudisantboi\/wp-json\/wp\/v2\/tags?post=18691"}],"curies":[{"name":"wp","href":"https:\/\/api.w.org\/{rel}","templated":true}]}}