{"id":1863,"date":"2020-04-07T09:00:54","date_gmt":"2020-04-07T07:00:54","guid":{"rendered":"https:\/\/agora.xtec.cat\/escolagaudisantboi\/?p=1863"},"modified":"2020-04-07T04:12:51","modified_gmt":"2020-04-07T02:12:51","slug":"per-molts-anys-l-o-j-i","status":"publish","type":"post","link":"https:\/\/agora.xtec.cat\/escolagaudisantboi\/general\/per-molts-anys-l-o-j-i\/","title":{"rendered":"Per molts anys L-O-J-I!!!"},"content":{"rendered":"<p style=\"text-align: justify;\">Avui no fa anys una nena, ni dues, ni tres&#8230;sino quatre, quatre companyes del cole!!!!: La <strong>L<\/strong>eyre (5 anys), l&#8217;<strong>O<\/strong>na i la <strong>J<\/strong>\u00falia (6 anys), i la <strong>I<\/strong>roha (7 anys). Esperant poder celebrar-ho junts llen\u00e7arem un coet de focs articials per tots els anys que fan&#8230; shhhhhhh&#8230; pum!!!!!!!! Molt\u00edssimes felicitats!!!!!<\/p>\n<p><a href=\"https:\/\/agora.xtec.cat\/escolagaudisantboi\/wp-content\/uploads\/usu2030\/2020\/04\/Cute-Cake-Happy-Birthday-Card.png\"><img loading=\"lazy\" decoding=\"async\" class=\"size-large wp-image-1864 aligncenter\" src=\"https:\/\/agora.xtec.cat\/escolagaudisantboi\/wp-content\/uploads\/usu2030\/2020\/04\/Cute-Cake-Happy-Birthday-Card-1024x727.png\" alt=\"\" width=\"1024\" height=\"727\" srcset=\"https:\/\/agora.xtec.cat\/escolagaudisantboi\/wp-content\/uploads\/usu2030\/2020\/04\/Cute-Cake-Happy-Birthday-Card-1024x727.png 1024w, https:\/\/agora.xtec.cat\/escolagaudisantboi\/wp-content\/uploads\/usu2030\/2020\/04\/Cute-Cake-Happy-Birthday-Card-300x213.png 300w, https:\/\/agora.xtec.cat\/escolagaudisantboi\/wp-content\/uploads\/usu2030\/2020\/04\/Cute-Cake-Happy-Birthday-Card-768x545.png 768w, https:\/\/agora.xtec.cat\/escolagaudisantboi\/wp-content\/uploads\/usu2030\/2020\/04\/Cute-Cake-Happy-Birthday-Card.png 1747w\" sizes=\"auto, (max-width: 1024px) 100vw, 1024px\" \/><\/a><\/p>\n<p><a href=\"https:\/\/youtu.be\/Out_8eVgxbM\">https:\/\/youtu.be\/Out_8eVgxbM<\/a><\/p>\n","protected":false},"excerpt":{"rendered":"<p>Avui no fa anys una nena, ni dues, ni tres&#8230;sino quatre, quatre companyes del cole!!!!: La Leyre (5 anys), l&#8217;Ona i la J\u00falia (6 anys), i la Iroha (7 anys). Esperant poder celebrar-ho junts llen\u00e7arem un coet de focs articials per tots els anys que fan&#8230; shhhhhhh&#8230; pum!!!!!!!! Molt\u00edssimes felicitats!!!!!<\/p>\n","protected":false},"author":1,"featured_media":0,"comment_status":"open","ping_status":"closed","sticky":false,"template":"","format":"standard","meta":{"_bbp_topic_count":0,"_bbp_reply_count":0,"_bbp_total_topic_count":0,"_bbp_total_reply_count":0,"_bbp_voice_count":0,"_bbp_anonymous_reply_count":0,"_bbp_topic_count_hidden":0,"_bbp_reply_count_hidden":0,"_bbp_forum_subforum_count":0,"site-sidebar-layout":"default","site-content-layout":"","ast-site-content-layout":"","site-content-style":"default","site-sidebar-style":"default","ast-global-header-display":"","ast-banner-title-visibility":"","ast-main-header-display":"","ast-hfb-above-header-display":"","ast-hfb-below-header-display":"","ast-hfb-mobile-header-display":"","site-post-title":"","ast-breadcrumbs-content":"","ast-featured-img":"","footer-sml-layout":"","theme-transparent-header-meta":"","adv-header-id-meta":"","stick-header-meta":"","header-above-stick-meta":"","header-main-stick-meta":"","header-below-stick-meta":"","astra-migrate-meta-layouts":"default","ast-page-background-enabled":"default","ast-page-background-meta":{"desktop":{"background-color":"var(--ast-global-color-4)","background-image":"","background-repeat":"repeat","background-position":"center center","background-size":"auto","background-attachment":"scroll","background-type":"","background-media":"","overlay-type":"","overlay-color":"","overlay-opacity":"","overlay-gradient":""},"tablet":{"background-color":"","background-image":"","background-repeat":"repeat","background-position":"center center","background-size":"auto","background-attachment":"scroll","background-type":"","background-media":"","overlay-type":"","overlay-color":"","overlay-opacity":"","overlay-gradient":""},"mobile":{"background-color":"","background-image":"","background-repeat":"repeat","background-position":"center center","background-size":"auto","background-attachment":"scroll","background-type":"","background-media":"","overlay-type":"","overlay-color":"","overlay-opacity":"","overlay-gradient":""}},"ast-content-background-meta":{"desktop":{"background-color":"var(--ast-global-color-5)","background-image":"","background-repeat":"repeat","background-position":"center center","background-size":"auto","background-attachment":"scroll","background-type":"","background-media":"","overlay-type":"","overlay-color":"","overlay-opacity":"","overlay-gradient":""},"tablet":{"background-color":"var(--ast-global-color-5)","background-image":"","background-repeat":"repeat","background-position":"center center","background-size":"auto","background-attachment":"scroll","background-type":"","background-media":"","overlay-type":"","overlay-color":"","overlay-opacity":"","overlay-gradient":""},"mobile":{"background-color":"var(--ast-global-color-5)","background-image":"","background-repeat":"repeat","background-position":"center center","background-size":"auto","background-attachment":"scroll","background-type":"","background-media":"","overlay-type":"","overlay-color":"","overlay-opacity":"","overlay-gradient":""}},"footnotes":""},"categories":[102,1,114,4],"tags":[],"class_list":["post-1863","post","type-post","status-publish","format-standard","hentry","category-ens-quedem-a-casa","category-general","category-per-molts-anys","category-portada"],"post_mailing_queue_ids":[],"_links":{"self":[{"href":"https:\/\/agora.xtec.cat\/escolagaudisantboi\/wp-json\/wp\/v2\/posts\/1863","targetHints":{"allow":["GET"]}}],"collection":[{"href":"https:\/\/agora.xtec.cat\/escolagaudisantboi\/wp-json\/wp\/v2\/posts"}],"about":[{"href":"https:\/\/agora.xtec.cat\/escolagaudisantboi\/wp-json\/wp\/v2\/types\/post"}],"author":[{"embeddable":true,"href":"https:\/\/agora.xtec.cat\/escolagaudisantboi\/wp-json\/wp\/v2\/users\/1"}],"replies":[{"embeddable":true,"href":"https:\/\/agora.xtec.cat\/escolagaudisantboi\/wp-json\/wp\/v2\/comments?post=1863"}],"version-history":[{"count":2,"href":"https:\/\/agora.xtec.cat\/escolagaudisantboi\/wp-json\/wp\/v2\/posts\/1863\/revisions"}],"predecessor-version":[{"id":1866,"href":"https:\/\/agora.xtec.cat\/escolagaudisantboi\/wp-json\/wp\/v2\/posts\/1863\/revisions\/1866"}],"wp:attachment":[{"href":"https:\/\/agora.xtec.cat\/escolagaudisantboi\/wp-json\/wp\/v2\/media?parent=1863"}],"wp:term":[{"taxonomy":"category","embeddable":true,"href":"https:\/\/agora.xtec.cat\/escolagaudisantboi\/wp-json\/wp\/v2\/categories?post=1863"},{"taxonomy":"post_tag","embeddable":true,"href":"https:\/\/agora.xtec.cat\/escolagaudisantboi\/wp-json\/wp\/v2\/tags?post=1863"}],"curies":[{"name":"wp","href":"https:\/\/api.w.org\/{rel}","templated":true}]}}