{"id":18271,"date":"2023-02-02T21:44:02","date_gmt":"2023-02-02T20:44:02","guid":{"rendered":"https:\/\/agora.xtec.cat\/escolagaudisantboi\/?p=18271"},"modified":"2023-02-02T21:47:27","modified_gmt":"2023-02-02T20:47:27","slug":"diversitat-dinstruments-arreu-del-mon","status":"publish","type":"post","link":"https:\/\/agora.xtec.cat\/escolagaudisantboi\/general\/diversitat-dinstruments-arreu-del-mon\/","title":{"rendered":"DIVERSITAT D&#8217;INSTRUMENTS ARREU DEL M\u00d3N"},"content":{"rendered":"<p>Durant el mes de gener, tota l&#8217;escola hem fet dues activitats musicals relacionades amb el projecte d&#8217;escola LA DIVERSITAT.<\/p>\n<p>Una d&#8217;elles ha sigut veure al gimn\u00e0s de la nostra escola l&#8217;audici\u00f3 &#8220;Un m\u00f3n d&#8217;instruments&#8221;, on el Jordi ens ha ensenyat diversos tipus d&#8217;instruments provinents de diferents cultures i tant de la fam\u00edlia de corda, com de vent o de percussi\u00f3. Ens ha encantat Jordi, mil gr\u00e0cies!<\/p>\n<p>L&#8217;altra activitat l&#8217;hem feta a l&#8217;aula de m\u00fasica i ha estat un taller de percussi\u00f3 gr\u00e0cies al qual hem pogut con\u00e8ixer el nom, forma i so de 9 instruments de diferents cultures: DJEMB\u00c9, DARBUKA, BONGOS, TABLAS, GAMELAN, AGOG\u00d3S, BALAFON, SHEKERE I CARBASSES TOBA.<\/p>\n<p>Esperem que tothom hagi gaudit molt\u00edssim i si voleu ens podeu compartir la vostra experi\u00e8ncia. <span style=\"text-decoration: underline;\"><strong><a href=\"https:\/\/youtu.be\/j29221T8wrU\">Aqu\u00ed teniu un petit record d&#8217;aquells dies tan musicals.<\/a><\/strong><\/span><\/p>\n<p>&nbsp;<\/p>\n","protected":false},"excerpt":{"rendered":"<p>Durant el mes de gener, tota l&#8217;escola hem fet dues activitats musicals relacionades amb el projecte d&#8217;escola LA DIVERSITAT. Una d&#8217;elles ha sigut veure al gimn\u00e0s de la nostra escola l&#8217;audici\u00f3 &#8220;Un m\u00f3n d&#8217;instruments&#8221;, on el Jordi ens ha ensenyat diversos tipus d&#8217;instruments provinents de diferents cultures i tant de la fam\u00edlia de corda, com [&hellip;]<\/p>\n","protected":false},"author":10,"featured_media":18272,"comment_status":"open","ping_status":"closed","sticky":false,"template":"","format":"standard","meta":{"_bbp_topic_count":0,"_bbp_reply_count":0,"_bbp_total_topic_count":0,"_bbp_total_reply_count":0,"_bbp_voice_count":0,"_bbp_anonymous_reply_count":0,"_bbp_topic_count_hidden":0,"_bbp_reply_count_hidden":0,"_bbp_forum_subforum_count":0,"site-sidebar-layout":"default","site-content-layout":"","ast-site-content-layout":"","site-content-style":"default","site-sidebar-style":"default","ast-global-header-display":"","ast-banner-title-visibility":"","ast-main-header-display":"","ast-hfb-above-header-display":"","ast-hfb-below-header-display":"","ast-hfb-mobile-header-display":"","site-post-title":"","ast-breadcrumbs-content":"","ast-featured-img":"","footer-sml-layout":"","theme-transparent-header-meta":"","adv-header-id-meta":"","stick-header-meta":"","header-above-stick-meta":"","header-main-stick-meta":"","header-below-stick-meta":"","astra-migrate-meta-layouts":"default","ast-page-background-enabled":"default","ast-page-background-meta":{"desktop":{"background-color":"var(--ast-global-color-4)","background-image":"","background-repeat":"repeat","background-position":"center center","background-size":"auto","background-attachment":"scroll","background-type":"","background-media":"","overlay-type":"","overlay-color":"","overlay-opacity":"","overlay-gradient":""},"tablet":{"background-color":"","background-image":"","background-repeat":"repeat","background-position":"center center","background-size":"auto","background-attachment":"scroll","background-type":"","background-media":"","overlay-type":"","overlay-color":"","overlay-opacity":"","overlay-gradient":""},"mobile":{"background-color":"","background-image":"","background-repeat":"repeat","background-position":"center center","background-size":"auto","background-attachment":"scroll","background-type":"","background-media":"","overlay-type":"","overlay-color":"","overlay-opacity":"","overlay-gradient":""}},"ast-content-background-meta":{"desktop":{"background-color":"var(--ast-global-color-5)","background-image":"","background-repeat":"repeat","background-position":"center center","background-size":"auto","background-attachment":"scroll","background-type":"","background-media":"","overlay-type":"","overlay-color":"","overlay-opacity":"","overlay-gradient":""},"tablet":{"background-color":"var(--ast-global-color-5)","background-image":"","background-repeat":"repeat","background-position":"center center","background-size":"auto","background-attachment":"scroll","background-type":"","background-media":"","overlay-type":"","overlay-color":"","overlay-opacity":"","overlay-gradient":""},"mobile":{"background-color":"var(--ast-global-color-5)","background-image":"","background-repeat":"repeat","background-position":"center center","background-size":"auto","background-attachment":"scroll","background-type":"","background-media":"","overlay-type":"","overlay-color":"","overlay-opacity":"","overlay-gradient":""}},"footnotes":""},"categories":[10,11,12,13,14,15,1,3,9,2,8,4,5,161,118],"tags":[141,109,140,108,148,63,84,88,89,90,93,104,156,154,155,126],"class_list":["post-18271","post","type-post","status-publish","format-standard","has-post-thumbnail","hentry","category-1r","category-2n","category-3r","category-4t","category-5e","category-6e","category-general","category-i3","category-i5","category-infantil","category-p4","category-portada","category-primaria","category-art","category-projecte-global","tag-6e","tag-1r","tag-2n","tag-3r","tag-4t","tag-5e","tag-artistica","tag-cicle-inicial","tag-cicle-mitja","tag-cicle-superior","tag-educacio-infantil","tag-musica","tag-p3","tag-p4","tag-p5","tag-projecte"],"post_mailing_queue_ids":[],"_links":{"self":[{"href":"https:\/\/agora.xtec.cat\/escolagaudisantboi\/wp-json\/wp\/v2\/posts\/18271","targetHints":{"allow":["GET"]}}],"collection":[{"href":"https:\/\/agora.xtec.cat\/escolagaudisantboi\/wp-json\/wp\/v2\/posts"}],"about":[{"href":"https:\/\/agora.xtec.cat\/escolagaudisantboi\/wp-json\/wp\/v2\/types\/post"}],"author":[{"embeddable":true,"href":"https:\/\/agora.xtec.cat\/escolagaudisantboi\/wp-json\/wp\/v2\/users\/10"}],"replies":[{"embeddable":true,"href":"https:\/\/agora.xtec.cat\/escolagaudisantboi\/wp-json\/wp\/v2\/comments?post=18271"}],"version-history":[{"count":3,"href":"https:\/\/agora.xtec.cat\/escolagaudisantboi\/wp-json\/wp\/v2\/posts\/18271\/revisions"}],"predecessor-version":[{"id":18275,"href":"https:\/\/agora.xtec.cat\/escolagaudisantboi\/wp-json\/wp\/v2\/posts\/18271\/revisions\/18275"}],"wp:featuredmedia":[{"embeddable":true,"href":"https:\/\/agora.xtec.cat\/escolagaudisantboi\/wp-json\/wp\/v2\/media\/18272"}],"wp:attachment":[{"href":"https:\/\/agora.xtec.cat\/escolagaudisantboi\/wp-json\/wp\/v2\/media?parent=18271"}],"wp:term":[{"taxonomy":"category","embeddable":true,"href":"https:\/\/agora.xtec.cat\/escolagaudisantboi\/wp-json\/wp\/v2\/categories?post=18271"},{"taxonomy":"post_tag","embeddable":true,"href":"https:\/\/agora.xtec.cat\/escolagaudisantboi\/wp-json\/wp\/v2\/tags?post=18271"}],"curies":[{"name":"wp","href":"https:\/\/api.w.org\/{rel}","templated":true}]}}