{"id":18078,"date":"2022-11-30T10:20:23","date_gmt":"2022-11-30T09:20:23","guid":{"rendered":"https:\/\/agora.xtec.cat\/escolagaudisantboi\/?p=18078"},"modified":"2022-12-01T18:18:35","modified_gmt":"2022-12-01T17:18:35","slug":"fem-sabo-2","status":"publish","type":"post","link":"https:\/\/agora.xtec.cat\/escolagaudisantboi\/portada\/fem-sabo-2\/","title":{"rendered":"Fem sab\u00f3!"},"content":{"rendered":"<p><span style=\"font-weight: 400;\">Estimades fam\u00edlies de l\u2019escola, som la classe de sis\u00e8.<\/span><\/p>\n<p><span style=\"font-weight: 400;\">Aquest any la nostra classe tamb\u00e9 ha fet sab\u00f3. I&#8230;<\/span><b>tindrem la nostra paradeta la Fira de la Pur\u00edssima<\/b><span style=\"font-weight: 400;\">!\u00a0<\/span>Estarem els\u00a0<b>dies 6, 7 i 8<\/b>\u00a0al Parc de la Muntanyeta (molt a prop de la Biblioteca Jordi Rubi\u00f3 i Balaguer).<\/p>\n<p><strong>Animeu-vos,\u00a0 aviseu a tots els vostres amics i familiars i passeu a visitar-nos.\u00a0<\/strong><\/p>\n<p><b>US HI ESPEREM A TOTS I A TOTES!!<\/b><\/p>\n<p><b>Aprofitem per dir-vos que hem creat una <span style=\"text-decoration: underline;\">p\u00e0gina web<\/span> on trobareu tota la informaci\u00f3 del projecte i podeu fer comandes online.<\/b><\/p>\n<p>Cliqueu a la imatge i us enlla\u00e7ar\u00e0 a la p\u00e0gina web.<\/p>\n<p><a href=\"https:\/\/sites.google.com\/escolagaudisantboi.cat\/femsabo\"><img loading=\"lazy\" decoding=\"async\" class=\"alignnone wp-image-18079\" src=\"https:\/\/agora.xtec.cat\/escolagaudisantboi\/wp-content\/uploads\/usu2030\/2022\/11\/image1-724x1024.jpeg\" alt=\"\" width=\"677\" height=\"958\" srcset=\"https:\/\/agora.xtec.cat\/escolagaudisantboi\/wp-content\/uploads\/usu2030\/2022\/11\/image1-724x1024.jpeg 724w, https:\/\/agora.xtec.cat\/escolagaudisantboi\/wp-content\/uploads\/usu2030\/2022\/11\/image1-212x300.jpeg 212w, https:\/\/agora.xtec.cat\/escolagaudisantboi\/wp-content\/uploads\/usu2030\/2022\/11\/image1-768x1086.jpeg 768w, https:\/\/agora.xtec.cat\/escolagaudisantboi\/wp-content\/uploads\/usu2030\/2022\/11\/image1-1086x1536.jpeg 1086w, https:\/\/agora.xtec.cat\/escolagaudisantboi\/wp-content\/uploads\/usu2030\/2022\/11\/image1.jpeg 1414w\" sizes=\"auto, (max-width: 677px) 100vw, 677px\" \/><\/a><\/p>\n<p>&nbsp;<\/p>\n","protected":false},"excerpt":{"rendered":"<p>Estimades fam\u00edlies de l\u2019escola, som la classe de sis\u00e8. Aquest any la nostra classe tamb\u00e9 ha fet sab\u00f3. I&#8230;tindrem la nostra paradeta la Fira de la Pur\u00edssima!\u00a0Estarem els\u00a0dies 6, 7 i 8\u00a0al Parc de la Muntanyeta (molt a prop de la Biblioteca Jordi Rubi\u00f3 i Balaguer). Animeu-vos,\u00a0 aviseu a tots els vostres amics i familiars [&hellip;]<\/p>\n","protected":false},"author":34,"featured_media":0,"comment_status":"open","ping_status":"closed","sticky":false,"template":"","format":"standard","meta":{"_bbp_topic_count":0,"_bbp_reply_count":0,"_bbp_total_topic_count":0,"_bbp_total_reply_count":0,"_bbp_voice_count":0,"_bbp_anonymous_reply_count":0,"_bbp_topic_count_hidden":0,"_bbp_reply_count_hidden":0,"_bbp_forum_subforum_count":0,"site-sidebar-layout":"default","site-content-layout":"","ast-site-content-layout":"","site-content-style":"default","site-sidebar-style":"default","ast-global-header-display":"","ast-banner-title-visibility":"","ast-main-header-display":"","ast-hfb-above-header-display":"","ast-hfb-below-header-display":"","ast-hfb-mobile-header-display":"","site-post-title":"","ast-breadcrumbs-content":"","ast-featured-img":"","footer-sml-layout":"","theme-transparent-header-meta":"","adv-header-id-meta":"","stick-header-meta":"","header-above-stick-meta":"","header-main-stick-meta":"","header-below-stick-meta":"","astra-migrate-meta-layouts":"default","ast-page-background-enabled":"default","ast-page-background-meta":{"desktop":{"background-color":"var(--ast-global-color-4)","background-image":"","background-repeat":"repeat","background-position":"center center","background-size":"auto","background-attachment":"scroll","background-type":"","background-media":"","overlay-type":"","overlay-color":"","overlay-opacity":"","overlay-gradient":""},"tablet":{"background-color":"","background-image":"","background-repeat":"repeat","background-position":"center center","background-size":"auto","background-attachment":"scroll","background-type":"","background-media":"","overlay-type":"","overlay-color":"","overlay-opacity":"","overlay-gradient":""},"mobile":{"background-color":"","background-image":"","background-repeat":"repeat","background-position":"center center","background-size":"auto","background-attachment":"scroll","background-type":"","background-media":"","overlay-type":"","overlay-color":"","overlay-opacity":"","overlay-gradient":""}},"ast-content-background-meta":{"desktop":{"background-color":"var(--ast-global-color-5)","background-image":"","background-repeat":"repeat","background-position":"center center","background-size":"auto","background-attachment":"scroll","background-type":"","background-media":"","overlay-type":"","overlay-color":"","overlay-opacity":"","overlay-gradient":""},"tablet":{"background-color":"var(--ast-global-color-5)","background-image":"","background-repeat":"repeat","background-position":"center center","background-size":"auto","background-attachment":"scroll","background-type":"","background-media":"","overlay-type":"","overlay-color":"","overlay-opacity":"","overlay-gradient":""},"mobile":{"background-color":"var(--ast-global-color-5)","background-image":"","background-repeat":"repeat","background-position":"center center","background-size":"auto","background-attachment":"scroll","background-type":"","background-media":"","overlay-type":"","overlay-color":"","overlay-opacity":"","overlay-gradient":""}},"footnotes":""},"categories":[15,138,4,5],"tags":[90,251,96,188],"class_list":["post-18078","post","type-post","status-publish","format-standard","hentry","category-6e","category-projecte-sabo","category-portada","category-primaria","tag-cicle-superior","tag-projecte-sabo","tag-sabo","tag-sise"],"post_mailing_queue_ids":[],"_links":{"self":[{"href":"https:\/\/agora.xtec.cat\/escolagaudisantboi\/wp-json\/wp\/v2\/posts\/18078","targetHints":{"allow":["GET"]}}],"collection":[{"href":"https:\/\/agora.xtec.cat\/escolagaudisantboi\/wp-json\/wp\/v2\/posts"}],"about":[{"href":"https:\/\/agora.xtec.cat\/escolagaudisantboi\/wp-json\/wp\/v2\/types\/post"}],"author":[{"embeddable":true,"href":"https:\/\/agora.xtec.cat\/escolagaudisantboi\/wp-json\/wp\/v2\/users\/34"}],"replies":[{"embeddable":true,"href":"https:\/\/agora.xtec.cat\/escolagaudisantboi\/wp-json\/wp\/v2\/comments?post=18078"}],"version-history":[{"count":3,"href":"https:\/\/agora.xtec.cat\/escolagaudisantboi\/wp-json\/wp\/v2\/posts\/18078\/revisions"}],"predecessor-version":[{"id":18104,"href":"https:\/\/agora.xtec.cat\/escolagaudisantboi\/wp-json\/wp\/v2\/posts\/18078\/revisions\/18104"}],"wp:attachment":[{"href":"https:\/\/agora.xtec.cat\/escolagaudisantboi\/wp-json\/wp\/v2\/media?parent=18078"}],"wp:term":[{"taxonomy":"category","embeddable":true,"href":"https:\/\/agora.xtec.cat\/escolagaudisantboi\/wp-json\/wp\/v2\/categories?post=18078"},{"taxonomy":"post_tag","embeddable":true,"href":"https:\/\/agora.xtec.cat\/escolagaudisantboi\/wp-json\/wp\/v2\/tags?post=18078"}],"curies":[{"name":"wp","href":"https:\/\/api.w.org\/{rel}","templated":true}]}}