{"id":18037,"date":"2022-11-24T17:29:54","date_gmt":"2022-11-24T16:29:54","guid":{"rendered":"https:\/\/agora.xtec.cat\/escolagaudisantboi\/?p=18037"},"modified":"2022-11-24T17:47:33","modified_gmt":"2022-11-24T16:47:33","slug":"festa-de-la-musica","status":"publish","type":"post","link":"https:\/\/agora.xtec.cat\/escolagaudisantboi\/infantil\/festa-de-la-musica\/","title":{"rendered":"FESTA DE LA M\u00daSICA"},"content":{"rendered":"<p>Aquest curs hem celebrat la festa de la m\u00fasica a l&#8217;escola cantant tots junts una part de la can\u00e7\u00f3 &#8220;Mirada estr\u00e0bica&#8221;, de Xiula i ensenyant-nos, els uns als altres, les nostres produccions art\u00edstiques sobre la can\u00e7\u00f3. Els dies previs hem apr\u00e8s com \u00e9s una mirada estr\u00e0bica i quins tipus d&#8217;estrabisme existeixen. Tamb\u00e9 hem parlat molt sobre la diversitat de cadasc\u00fan dels personatges que surten a la can\u00e7\u00f3, relacionant-la amb nosaltres i el nostre entorn. Per\u00f2, sobretot, ens hem adonat de la import\u00e0ncia de respectar-nos tots, sigui quina sigui la nostra diversitat. Amb els m\u00e9s grans hem parlat que aquesta \u00e9s una can\u00e7\u00f3 creada des de l&#8217;experi\u00e8ncia personal i aix\u00f2 es nota en el missatge de la can\u00e7\u00f3 i ho transmet molt b\u00e9 el cantant.<\/p>\n<p><a href=\"https:\/\/agora.xtec.cat\/escolagaudisantboi\/wp-content\/uploads\/usu2030\/2022\/11\/IMG_20221123_110242495_HDR-2.jpg\"><img loading=\"lazy\" decoding=\"async\" class=\"alignnone size-medium wp-image-18044\" src=\"https:\/\/agora.xtec.cat\/escolagaudisantboi\/wp-content\/uploads\/usu2030\/2022\/11\/IMG_20221123_110242495_HDR-2-300x225.jpg\" alt=\"\" width=\"300\" height=\"225\" srcset=\"https:\/\/agora.xtec.cat\/escolagaudisantboi\/wp-content\/uploads\/usu2030\/2022\/11\/IMG_20221123_110242495_HDR-2-300x225.jpg 300w, https:\/\/agora.xtec.cat\/escolagaudisantboi\/wp-content\/uploads\/usu2030\/2022\/11\/IMG_20221123_110242495_HDR-2-768x576.jpg 768w, https:\/\/agora.xtec.cat\/escolagaudisantboi\/wp-content\/uploads\/usu2030\/2022\/11\/IMG_20221123_110242495_HDR-2-200x150.jpg 200w, https:\/\/agora.xtec.cat\/escolagaudisantboi\/wp-content\/uploads\/usu2030\/2022\/11\/IMG_20221123_110242495_HDR-2.jpg 1024w\" sizes=\"auto, (max-width: 300px) 100vw, 300px\" \/><\/a> <a href=\"https:\/\/agora.xtec.cat\/escolagaudisantboi\/wp-content\/uploads\/usu2030\/2022\/11\/IMG20221123105444-1.jpg\"><img loading=\"lazy\" decoding=\"async\" class=\"alignnone size-medium wp-image-18045\" src=\"https:\/\/agora.xtec.cat\/escolagaudisantboi\/wp-content\/uploads\/usu2030\/2022\/11\/IMG20221123105444-1-300x160.jpg\" alt=\"\" width=\"300\" height=\"160\" srcset=\"https:\/\/agora.xtec.cat\/escolagaudisantboi\/wp-content\/uploads\/usu2030\/2022\/11\/IMG20221123105444-1-300x160.jpg 300w, https:\/\/agora.xtec.cat\/escolagaudisantboi\/wp-content\/uploads\/usu2030\/2022\/11\/IMG20221123105444-1-1024x547.jpg 1024w, https:\/\/agora.xtec.cat\/escolagaudisantboi\/wp-content\/uploads\/usu2030\/2022\/11\/IMG20221123105444-1-768x410.jpg 768w, https:\/\/agora.xtec.cat\/escolagaudisantboi\/wp-content\/uploads\/usu2030\/2022\/11\/IMG20221123105444-1.jpg 1364w\" sizes=\"auto, (max-width: 300px) 100vw, 300px\" \/><\/a><\/p>\n<div class=\"ast-oembed-container \" style=\"height: 100%;\"><iframe loading=\"lazy\" title=\"Festa de la m\u00fasica&#039;22\" width=\"500\" height=\"281\" src=\"https:\/\/www.youtube.com\/embed\/cPEfoYXouw0?feature=oembed\" frameborder=\"0\" allow=\"accelerometer; autoplay; clipboard-write; encrypted-media; gyroscope; picture-in-picture; web-share\" referrerpolicy=\"strict-origin-when-cross-origin\" allowfullscreen><\/iframe><\/div>\n","protected":false},"excerpt":{"rendered":"<p>Aquest curs hem celebrat la festa de la m\u00fasica a l&#8217;escola cantant tots junts una part de la can\u00e7\u00f3 &#8220;Mirada estr\u00e0bica&#8221;, de Xiula i ensenyant-nos, els uns als altres, les nostres produccions art\u00edstiques sobre la can\u00e7\u00f3. Els dies previs hem apr\u00e8s com \u00e9s una mirada estr\u00e0bica i quins tipus d&#8217;estrabisme existeixen. Tamb\u00e9 hem parlat molt [&hellip;]<\/p>\n","protected":false},"author":10,"featured_media":18038,"comment_status":"open","ping_status":"closed","sticky":false,"template":"","format":"standard","meta":{"_bbp_topic_count":0,"_bbp_reply_count":0,"_bbp_total_topic_count":0,"_bbp_total_reply_count":0,"_bbp_voice_count":0,"_bbp_anonymous_reply_count":0,"_bbp_topic_count_hidden":0,"_bbp_reply_count_hidden":0,"_bbp_forum_subforum_count":0,"site-sidebar-layout":"default","site-content-layout":"","ast-site-content-layout":"","site-content-style":"default","site-sidebar-style":"default","ast-global-header-display":"","ast-banner-title-visibility":"","ast-main-header-display":"","ast-hfb-above-header-display":"","ast-hfb-below-header-display":"","ast-hfb-mobile-header-display":"","site-post-title":"","ast-breadcrumbs-content":"","ast-featured-img":"","footer-sml-layout":"","theme-transparent-header-meta":"","adv-header-id-meta":"","stick-header-meta":"","header-above-stick-meta":"","header-main-stick-meta":"","header-below-stick-meta":"","astra-migrate-meta-layouts":"default","ast-page-background-enabled":"default","ast-page-background-meta":{"desktop":{"background-color":"var(--ast-global-color-4)","background-image":"","background-repeat":"repeat","background-position":"center center","background-size":"auto","background-attachment":"scroll","background-type":"","background-media":"","overlay-type":"","overlay-color":"","overlay-opacity":"","overlay-gradient":""},"tablet":{"background-color":"","background-image":"","background-repeat":"repeat","background-position":"center center","background-size":"auto","background-attachment":"scroll","background-type":"","background-media":"","overlay-type":"","overlay-color":"","overlay-opacity":"","overlay-gradient":""},"mobile":{"background-color":"","background-image":"","background-repeat":"repeat","background-position":"center center","background-size":"auto","background-attachment":"scroll","background-type":"","background-media":"","overlay-type":"","overlay-color":"","overlay-opacity":"","overlay-gradient":""}},"ast-content-background-meta":{"desktop":{"background-color":"var(--ast-global-color-5)","background-image":"","background-repeat":"repeat","background-position":"center center","background-size":"auto","background-attachment":"scroll","background-type":"","background-media":"","overlay-type":"","overlay-color":"","overlay-opacity":"","overlay-gradient":""},"tablet":{"background-color":"var(--ast-global-color-5)","background-image":"","background-repeat":"repeat","background-position":"center center","background-size":"auto","background-attachment":"scroll","background-type":"","background-media":"","overlay-type":"","overlay-color":"","overlay-opacity":"","overlay-gradient":""},"mobile":{"background-color":"var(--ast-global-color-5)","background-image":"","background-repeat":"repeat","background-position":"center center","background-size":"auto","background-attachment":"scroll","background-type":"","background-media":"","overlay-type":"","overlay-color":"","overlay-opacity":"","overlay-gradient":""}},"footnotes":""},"categories":[10,11,12,13,14,15,3,9,2,8,4,5,161],"tags":[141,109,140,108,148,63,88,89,90,93,68,104,156,154,155,126],"class_list":["post-18037","post","type-post","status-publish","format-standard","has-post-thumbnail","hentry","category-1r","category-2n","category-3r","category-4t","category-5e","category-6e","category-i3","category-i5","category-infantil","category-p4","category-portada","category-primaria","category-art","tag-6e","tag-1r","tag-2n","tag-3r","tag-4t","tag-5e","tag-cicle-inicial","tag-cicle-mitja","tag-cicle-superior","tag-educacio-infantil","tag-festes","tag-musica","tag-p3","tag-p4","tag-p5","tag-projecte"],"post_mailing_queue_ids":[],"_links":{"self":[{"href":"https:\/\/agora.xtec.cat\/escolagaudisantboi\/wp-json\/wp\/v2\/posts\/18037","targetHints":{"allow":["GET"]}}],"collection":[{"href":"https:\/\/agora.xtec.cat\/escolagaudisantboi\/wp-json\/wp\/v2\/posts"}],"about":[{"href":"https:\/\/agora.xtec.cat\/escolagaudisantboi\/wp-json\/wp\/v2\/types\/post"}],"author":[{"embeddable":true,"href":"https:\/\/agora.xtec.cat\/escolagaudisantboi\/wp-json\/wp\/v2\/users\/10"}],"replies":[{"embeddable":true,"href":"https:\/\/agora.xtec.cat\/escolagaudisantboi\/wp-json\/wp\/v2\/comments?post=18037"}],"version-history":[{"count":3,"href":"https:\/\/agora.xtec.cat\/escolagaudisantboi\/wp-json\/wp\/v2\/posts\/18037\/revisions"}],"predecessor-version":[{"id":18048,"href":"https:\/\/agora.xtec.cat\/escolagaudisantboi\/wp-json\/wp\/v2\/posts\/18037\/revisions\/18048"}],"wp:featuredmedia":[{"embeddable":true,"href":"https:\/\/agora.xtec.cat\/escolagaudisantboi\/wp-json\/wp\/v2\/media\/18038"}],"wp:attachment":[{"href":"https:\/\/agora.xtec.cat\/escolagaudisantboi\/wp-json\/wp\/v2\/media?parent=18037"}],"wp:term":[{"taxonomy":"category","embeddable":true,"href":"https:\/\/agora.xtec.cat\/escolagaudisantboi\/wp-json\/wp\/v2\/categories?post=18037"},{"taxonomy":"post_tag","embeddable":true,"href":"https:\/\/agora.xtec.cat\/escolagaudisantboi\/wp-json\/wp\/v2\/tags?post=18037"}],"curies":[{"name":"wp","href":"https:\/\/api.w.org\/{rel}","templated":true}]}}