{"id":1126,"date":"2020-03-20T14:53:58","date_gmt":"2020-03-20T13:53:58","guid":{"rendered":"https:\/\/agora.xtec.cat\/escolagaudisantboi\/?p=1126"},"modified":"2020-03-21T10:49:44","modified_gmt":"2020-03-21T09:49:44","slug":"a-lescola-fem-teatre","status":"publish","type":"post","link":"https:\/\/agora.xtec.cat\/escolagaudisantboi\/general\/a-lescola-fem-teatre\/","title":{"rendered":"A l&#8217;escola fem teatre"},"content":{"rendered":"<div class=\"article-tools\">\n<p><strong>TEATRE DE CINQU\u00c8<\/strong><\/p>\n<div class=\"buttonheading\"><\/div>\n<\/div>\n<div class=\"article-content\">\n<p><img loading=\"lazy\" decoding=\"async\" class=\"\" src=\"http:\/\/www.escolagaudisantboi.cat\/images\/stories\/17-18\/teatre%205e.jpg\" width=\"346\" height=\"195\" align=\"left\" border=\"0\" hspace=\"5\" \/>La \u201cCompanyia de la Pau\u201d de Cinqu\u00e8 de Prim\u00e0ria ha preparat l\u2019obra \u201cImagine\u201d<\/p>\n<div>La primera part de l\u2019obra ha estat creada per la pr\u00f2pia companyia de teatre i la segona part s\u2019ha basat en el conte Imagine, sobre la can\u00e7\u00f3 de John Lennon, de l\u2019editorial Flamboyant.<\/div>\n<div>\u201cImagine all the people sharing all the world&#8230;and the world will live as one.\u201d<\/div>\n<div>\u201cImagina que al m\u00f3n ho compart\u00edssim tot&#8230;i aix\u00ed el m\u00f3n ser\u00e0 un de sol.\u201d<\/div>\n<div><\/div>\n<div>Felicitats Companyia de la Pau!! Ens hem emocionat molt!!<\/div>\n<div><\/div>\n<div><\/div>\n<div><img loading=\"lazy\" decoding=\"async\" src=\"http:\/\/www.escolagaudisantboi.cat\/images\/stories\/17-18\/teatre%205e-bis.jpg\" width=\"600\" height=\"338\" align=\"left\" border=\"0\" \/><\/div>\n<div><\/div>\n<div><img loading=\"lazy\" decoding=\"async\" src=\"http:\/\/www.escolagaudisantboi.cat\/images\/stories\/17-18\/teatre%205e-bis2.jpg\" width=\"600\" height=\"338\" border=\"0\" vspace=\"5\" \/><\/div>\n<\/div>\n<p>&nbsp;<\/p>\n<div class=\"contentpaneopen\">\n<div class=\"article-tools\">\n<p><strong>TEATRE DE QUART<\/strong><\/p>\n<div class=\"buttonheading\"><\/div>\n<\/div>\n<div class=\"article-content\">\n<p><img loading=\"lazy\" decoding=\"async\" src=\"http:\/\/www.escolagaudisantboi.cat\/images\/stories\/17-18\/teatre%204t.jpg\" alt=\"\" width=\"300\" height=\"225\" align=\"left\" hspace=\"5\" \/>\u00a0La companyia 17+1 de Quart de prim\u00e0ria ha preparat la representaci\u00f3 de l\u2019obra de teatre \u201c Una nit molt agitada\u201d d\u2019 Adelaida Frias.<\/p>\n<div>Els patges, els ajudants\u00a0 dels Reis de l\u2019Orient i els follets, els ajudants\u00a0 del Pare No\u00ebl competeixen per dur joguines als nens i nenes.<\/div>\n<div><\/div>\n<div>Finalment s\u2019adonen que hi ha feina per a tothom i la poden compartir i a m\u00e9s aprenen una lli\u00e7\u00f3: no duran joguines si han estat fabricades per nens i nenes, v\u00edctimes de l\u2019explotaci\u00f3 infantil.<\/div>\n<\/div>\n<\/div>\n<div><\/div>\n<div><\/div>\n<div class=\"contentpaneopen\">\n<div class=\"article-content\">\n<div><img loading=\"lazy\" decoding=\"async\" src=\"http:\/\/www.escolagaudisantboi.cat\/images\/stories\/17-18\/teatre%204tbis.jpg\" alt=\"\" width=\"600\" height=\"450\" align=\"left\" \/><\/div>\n<\/div>\n<\/div>\n<p><span class=\"article_separator\">\u00a0<\/span><\/p>\n<h2 class=\"contentheading\"><\/h2>\n<p>&nbsp;<\/p>\n<p>&nbsp;<\/p>\n<p>&nbsp;<\/p>\n<p>&nbsp;<\/p>\n<p>&nbsp;<\/p>\n<p>&nbsp;<\/p>\n<p>&nbsp;<\/p>\n<p>&nbsp;<\/p>\n<p>&nbsp;<\/p>\n<p><img loading=\"lazy\" decoding=\"async\" src=\"http:\/\/www.escolagaudisantboi.cat\/images\/stories\/16-17\/teatre4t.jpg\" alt=\"\" width=\"300\" height=\"225\" align=\"left\" hspace=\"5\" \/>\u00a0La companyia &#8220;18 actors i actrius&#8221; de 4tA i 4t B hem portat a l&#8217;escena l&#8217;obra\u00a0<strong>&#8220;El ti\u00f3 al pa\u00eds \u00a0dels contes&#8221;<\/strong>\u00a0de la col\u00b7lecci\u00f3 \u201c Contes desexplicats\u201d del grup Vivim del cuentu..<\/p>\n<div><\/div>\n<div>En aquesta ocasi\u00f3 el Ti\u00f3 coneix molts personatges de contes i es recorda la tradici\u00f3 del Ti\u00f3 de Nadal que caga algun regal i&#8230; sobretot l&#8217;obra ens parla del bon tracte, de com hem de tenir cura els uns dels altres!!<\/div>\n<div><\/div>\n<div>Tots i totes vam aprendre molt b\u00e9 el nostre paper i vam gaudir del teatre i de la representaci\u00f3, i el p\u00fablic tamb\u00e9.<\/div>\n<div><\/div>\n<div>Felicitats a tots i totes!! I Visca el teatre!!<\/div>\n<div><\/div>\n<div><\/div>\n<p><strong>TEATRE DE TERCER<\/strong><\/p>\n<div class=\"contentpaneopen\">\n<div class=\"article-content\">\n<div><img loading=\"lazy\" decoding=\"async\" class=\"alignleft\" src=\"http:\/\/www.escolagaudisantboi.cat\/images\/stories\/17-18\/teatre%203r-bis2.jpg\" alt=\"\" width=\"300\" height=\"225\" align=\"left\" hspace=\"5\" \/>La \u201cCompanyia Teatre de l\u2019Alegria\u201d de Tercer va representar l\u2019obra \u201cEn Joan sense por\u201d d\u2019Adelaida Frias.<\/div>\n<div>En Joan \u00e9s un noi que no coneix la por, no t\u00e9 por de fer nous amics&#8230;no t\u00e9 por de la por!!<\/div>\n<div>Per\u00f2 un dia, un petit ensurt l\u2019espanta.<\/div>\n<div>La por \u00e9s una emoci\u00f3 que tothom hem sentit \u00a0alguna vegada per\u00f2, que la por no ens paralitzi!!<\/div>\n<div><\/div>\n<div>Felicitats a tota la Companyia!!<\/div>\n<div><img loading=\"lazy\" decoding=\"async\" class=\"alignleft\" src=\"http:\/\/www.escolagaudisantboi.cat\/images\/stories\/17-18\/teatre%203r-bis.jpg\" alt=\"\" width=\"600\" height=\"600\" align=\"left\" \/><\/div>\n<\/div>\n<\/div>\n<div><\/div>\n<div><\/div>\n<div><\/div>\n<div><\/div>\n<div><\/div>\n<div><\/div>\n<div><\/div>\n<div><\/div>\n<div><\/div>\n<div><\/div>\n<div><\/div>\n<div><\/div>\n<div><\/div>\n<div><\/div>\n<div><\/div>\n<p><span class=\"article_separator\">\u00a0<\/span><\/p>\n<h2 class=\"contentheading\"><\/h2>\n<p>&nbsp;<\/p>\n<p>&nbsp;<\/p>\n<p>&nbsp;<\/p>\n<p>&nbsp;<\/p>\n<p>&nbsp;<\/p>\n<p>&nbsp;<\/p>\n<p>&nbsp;<\/p>\n<p>&nbsp;<\/p>\n<p>&nbsp;<\/p>\n<p><strong>TEATRE DE CICLE INICIAL<\/strong><\/p>\n<div class=\"contentpaneopen\">\n<div class=\"article-content\">\n<p><img loading=\"lazy\" decoding=\"async\" src=\"http:\/\/www.escolagaudisantboi.cat\/images\/stories\/17-18\/c_inicial%20teatre.jpg\" alt=\"\" width=\"300\" height=\"169\" align=\"left\" hspace=\"5\" \/>El grup de teatre de Cicle Inicial ha preparat l\u2019obra\u00a0<b>\u201cEl \u00e1rbol que no tenia hojas\u201d.<\/b><\/p>\n<div>Va arribar la pluja, va arribar el vent&#8230; i l\u2019arbre es va quedar sense fulles. Ell es queixava per\u00f2 ben aviat li van sortir les flors de colors!<\/div>\n<div><\/div>\n<\/div>\n<\/div>\n<p><span class=\"article_separator\">\u00a0<\/span><\/p>\n<div class=\"contentpaneopen\">\n<h2 class=\"contentheading\"><\/h2>\n<\/div>\n<p>&nbsp;<\/p>\n","protected":false},"excerpt":{"rendered":"<p>TEATRE DE CINQU\u00c8 La \u201cCompanyia de la Pau\u201d de Cinqu\u00e8 de Prim\u00e0ria ha preparat l\u2019obra \u201cImagine\u201d La primera part de l\u2019obra ha estat creada per la pr\u00f2pia companyia de teatre i la segona part s\u2019ha basat en el conte Imagine, sobre la can\u00e7\u00f3 de John Lennon, de l\u2019editorial Flamboyant. \u201cImagine all the people sharing all [&hellip;]<\/p>\n","protected":false},"author":2,"featured_media":1128,"comment_status":"open","ping_status":"closed","sticky":false,"template":"","format":"standard","meta":{"_bbp_topic_count":0,"_bbp_reply_count":0,"_bbp_total_topic_count":0,"_bbp_total_reply_count":0,"_bbp_voice_count":0,"_bbp_anonymous_reply_count":0,"_bbp_topic_count_hidden":0,"_bbp_reply_count_hidden":0,"_bbp_forum_subforum_count":0,"site-sidebar-layout":"default","site-content-layout":"","ast-site-content-layout":"","site-content-style":"default","site-sidebar-style":"default","ast-global-header-display":"","ast-banner-title-visibility":"","ast-main-header-display":"","ast-hfb-above-header-display":"","ast-hfb-below-header-display":"","ast-hfb-mobile-header-display":"","site-post-title":"","ast-breadcrumbs-content":"","ast-featured-img":"","footer-sml-layout":"","theme-transparent-header-meta":"","adv-header-id-meta":"","stick-header-meta":"","header-above-stick-meta":"","header-main-stick-meta":"","header-below-stick-meta":"","astra-migrate-meta-layouts":"default","ast-page-background-enabled":"default","ast-page-background-meta":{"desktop":{"background-color":"var(--ast-global-color-4)","background-image":"","background-repeat":"repeat","background-position":"center center","background-size":"auto","background-attachment":"scroll","background-type":"","background-media":"","overlay-type":"","overlay-color":"","overlay-opacity":"","overlay-gradient":""},"tablet":{"background-color":"","background-image":"","background-repeat":"repeat","background-position":"center center","background-size":"auto","background-attachment":"scroll","background-type":"","background-media":"","overlay-type":"","overlay-color":"","overlay-opacity":"","overlay-gradient":""},"mobile":{"background-color":"","background-image":"","background-repeat":"repeat","background-position":"center center","background-size":"auto","background-attachment":"scroll","background-type":"","background-media":"","overlay-type":"","overlay-color":"","overlay-opacity":"","overlay-gradient":""}},"ast-content-background-meta":{"desktop":{"background-color":"var(--ast-global-color-5)","background-image":"","background-repeat":"repeat","background-position":"center center","background-size":"auto","background-attachment":"scroll","background-type":"","background-media":"","overlay-type":"","overlay-color":"","overlay-opacity":"","overlay-gradient":""},"tablet":{"background-color":"var(--ast-global-color-5)","background-image":"","background-repeat":"repeat","background-position":"center center","background-size":"auto","background-attachment":"scroll","background-type":"","background-media":"","overlay-type":"","overlay-color":"","overlay-opacity":"","overlay-gradient":""},"mobile":{"background-color":"var(--ast-global-color-5)","background-image":"","background-repeat":"repeat","background-position":"center center","background-size":"auto","background-attachment":"scroll","background-type":"","background-media":"","overlay-type":"","overlay-color":"","overlay-opacity":"","overlay-gradient":""}},"footnotes":""},"categories":[1,5],"tags":[111],"class_list":["post-1126","post","type-post","status-publish","format-standard","has-post-thumbnail","hentry","category-general","category-primaria","tag-teatre"],"post_mailing_queue_ids":[],"_links":{"self":[{"href":"https:\/\/agora.xtec.cat\/escolagaudisantboi\/wp-json\/wp\/v2\/posts\/1126","targetHints":{"allow":["GET"]}}],"collection":[{"href":"https:\/\/agora.xtec.cat\/escolagaudisantboi\/wp-json\/wp\/v2\/posts"}],"about":[{"href":"https:\/\/agora.xtec.cat\/escolagaudisantboi\/wp-json\/wp\/v2\/types\/post"}],"author":[{"embeddable":true,"href":"https:\/\/agora.xtec.cat\/escolagaudisantboi\/wp-json\/wp\/v2\/users\/2"}],"replies":[{"embeddable":true,"href":"https:\/\/agora.xtec.cat\/escolagaudisantboi\/wp-json\/wp\/v2\/comments?post=1126"}],"version-history":[{"count":3,"href":"https:\/\/agora.xtec.cat\/escolagaudisantboi\/wp-json\/wp\/v2\/posts\/1126\/revisions"}],"predecessor-version":[{"id":1148,"href":"https:\/\/agora.xtec.cat\/escolagaudisantboi\/wp-json\/wp\/v2\/posts\/1126\/revisions\/1148"}],"wp:featuredmedia":[{"embeddable":true,"href":"https:\/\/agora.xtec.cat\/escolagaudisantboi\/wp-json\/wp\/v2\/media\/1128"}],"wp:attachment":[{"href":"https:\/\/agora.xtec.cat\/escolagaudisantboi\/wp-json\/wp\/v2\/media?parent=1126"}],"wp:term":[{"taxonomy":"category","embeddable":true,"href":"https:\/\/agora.xtec.cat\/escolagaudisantboi\/wp-json\/wp\/v2\/categories?post=1126"},{"taxonomy":"post_tag","embeddable":true,"href":"https:\/\/agora.xtec.cat\/escolagaudisantboi\/wp-json\/wp\/v2\/tags?post=1126"}],"curies":[{"name":"wp","href":"https:\/\/api.w.org\/{rel}","templated":true}]}}