{"id":1111,"date":"2020-03-20T14:11:28","date_gmt":"2020-03-20T13:11:28","guid":{"rendered":"https:\/\/agora.xtec.cat\/escolagaudisantboi\/?p=1111"},"modified":"2020-03-20T14:29:33","modified_gmt":"2020-03-20T13:29:33","slug":"lescola-gaudi-ajuda-a-construir-la-torre-de-llibres","status":"publish","type":"post","link":"https:\/\/agora.xtec.cat\/escolagaudisantboi\/primaria\/lescola-gaudi-ajuda-a-construir-la-torre-de-llibres\/","title":{"rendered":"L&#8217;escola Gaud\u00ed ajuda a construir &#8216;La Torre de Llibres&#8217;"},"content":{"rendered":"<p>La Torre de Llibres \u00e9s un\u00a0joc lector per incentivar la lectura en els alumnes d\u2019entre sis i dotze anys perqu\u00e8 llegeixin tants llibres com l\u2019al\u00e7ada de la Sagrada Fam\u00edlia.<\/p>\n<p>Despr\u00e9s d\u2019uns mesos intensos de feina i de la col\u00b7laboraci\u00f3 d\u2019entitats, La Torre de Llibres va comen\u00e7ar a rutllar el 5 d\u2019abril. Aquell dia una vintena d\u2019escoles, biblioteques i entitats com el Casal Catal\u00e0 de Frankfurt van posar el seu comptador a zero. Despr\u00e9s van anar fent el recompte setmanal de llibres llegits a trav\u00e9s de la plataforma Xim i Xesca.<\/p>\n<div><\/div>\n<div><b><span style=\"font-size: large;\"><a href=\"http:\/\/criatures.ara.cat\/lectura\/torre-llibres-fomentar-lectura-infants_0_1660633931.html\" target=\"_blank\" rel=\"noopener noreferrer\">MISSI\u00d3 COMPLERTA<\/a><\/span><\/b><\/div>\n<div><\/div>\n<div>En tan sols deu setmanes, 4.450 infants catalans han llegit 8.872 llibres, una xifra equivalent a l\u2019al\u00e7ada de la Sagrada Fam\u00edlia.<\/div>\n<div><\/div>\n<div>Centres com el Col\u00b7legi Bell-lloc de Girona, l\u2019Escola Bet\u00falia de Badalona, la Garb\u00ed Pere Verg\u00e9s d\u2019Esplugues,\u00a0<strong>l\u2019Escola Antoni Gaud\u00ed de Sant Boi de Llobregat<\/strong>, la Busquets i Punset de l\u2019Hospitalet, l\u2019Escola Enric Casassas de Sabadell, la Pere Viver i Aymerich de Terrassa, la Pia d\u2019Olot, l\u2019Escola de Riudellots de la Selva i moltes altres de la ciutat de Barcelona van sumar-se de seguida a La Torre de Llibres.<\/div>\n","protected":false},"excerpt":{"rendered":"<p>La Torre de Llibres \u00e9s un\u00a0joc lector per incentivar la lectura en els alumnes d\u2019entre sis i dotze anys perqu\u00e8 llegeixin tants llibres com l\u2019al\u00e7ada de la Sagrada Fam\u00edlia. Despr\u00e9s d\u2019uns mesos intensos de feina i de la col\u00b7laboraci\u00f3 d\u2019entitats, La Torre de Llibres va comen\u00e7ar a rutllar el 5 d\u2019abril. Aquell dia una vintena [&hellip;]<\/p>\n","protected":false},"author":2,"featured_media":1112,"comment_status":"open","ping_status":"closed","sticky":false,"template":"","format":"standard","meta":{"_bbp_topic_count":0,"_bbp_reply_count":0,"_bbp_total_topic_count":0,"_bbp_total_reply_count":0,"_bbp_voice_count":0,"_bbp_anonymous_reply_count":0,"_bbp_topic_count_hidden":0,"_bbp_reply_count_hidden":0,"_bbp_forum_subforum_count":0,"site-sidebar-layout":"default","site-content-layout":"","ast-site-content-layout":"","site-content-style":"default","site-sidebar-style":"default","ast-global-header-display":"","ast-banner-title-visibility":"","ast-main-header-display":"","ast-hfb-above-header-display":"","ast-hfb-below-header-display":"","ast-hfb-mobile-header-display":"","site-post-title":"","ast-breadcrumbs-content":"","ast-featured-img":"","footer-sml-layout":"","theme-transparent-header-meta":"","adv-header-id-meta":"","stick-header-meta":"","header-above-stick-meta":"","header-main-stick-meta":"","header-below-stick-meta":"","astra-migrate-meta-layouts":"default","ast-page-background-enabled":"default","ast-page-background-meta":{"desktop":{"background-color":"var(--ast-global-color-4)","background-image":"","background-repeat":"repeat","background-position":"center center","background-size":"auto","background-attachment":"scroll","background-type":"","background-media":"","overlay-type":"","overlay-color":"","overlay-opacity":"","overlay-gradient":""},"tablet":{"background-color":"","background-image":"","background-repeat":"repeat","background-position":"center center","background-size":"auto","background-attachment":"scroll","background-type":"","background-media":"","overlay-type":"","overlay-color":"","overlay-opacity":"","overlay-gradient":""},"mobile":{"background-color":"","background-image":"","background-repeat":"repeat","background-position":"center center","background-size":"auto","background-attachment":"scroll","background-type":"","background-media":"","overlay-type":"","overlay-color":"","overlay-opacity":"","overlay-gradient":""}},"ast-content-background-meta":{"desktop":{"background-color":"var(--ast-global-color-5)","background-image":"","background-repeat":"repeat","background-position":"center center","background-size":"auto","background-attachment":"scroll","background-type":"","background-media":"","overlay-type":"","overlay-color":"","overlay-opacity":"","overlay-gradient":""},"tablet":{"background-color":"var(--ast-global-color-5)","background-image":"","background-repeat":"repeat","background-position":"center center","background-size":"auto","background-attachment":"scroll","background-type":"","background-media":"","overlay-type":"","overlay-color":"","overlay-opacity":"","overlay-gradient":""},"mobile":{"background-color":"var(--ast-global-color-5)","background-image":"","background-repeat":"repeat","background-position":"center center","background-size":"auto","background-attachment":"scroll","background-type":"","background-media":"","overlay-type":"","overlay-color":"","overlay-opacity":"","overlay-gradient":""}},"footnotes":""},"categories":[61,5],"tags":[92],"class_list":["post-1111","post","type-post","status-publish","format-standard","has-post-thumbnail","hentry","category-biblio","category-primaria","tag-habit-lector"],"post_mailing_queue_ids":[],"_links":{"self":[{"href":"https:\/\/agora.xtec.cat\/escolagaudisantboi\/wp-json\/wp\/v2\/posts\/1111","targetHints":{"allow":["GET"]}}],"collection":[{"href":"https:\/\/agora.xtec.cat\/escolagaudisantboi\/wp-json\/wp\/v2\/posts"}],"about":[{"href":"https:\/\/agora.xtec.cat\/escolagaudisantboi\/wp-json\/wp\/v2\/types\/post"}],"author":[{"embeddable":true,"href":"https:\/\/agora.xtec.cat\/escolagaudisantboi\/wp-json\/wp\/v2\/users\/2"}],"replies":[{"embeddable":true,"href":"https:\/\/agora.xtec.cat\/escolagaudisantboi\/wp-json\/wp\/v2\/comments?post=1111"}],"version-history":[{"count":1,"href":"https:\/\/agora.xtec.cat\/escolagaudisantboi\/wp-json\/wp\/v2\/posts\/1111\/revisions"}],"predecessor-version":[{"id":1113,"href":"https:\/\/agora.xtec.cat\/escolagaudisantboi\/wp-json\/wp\/v2\/posts\/1111\/revisions\/1113"}],"wp:featuredmedia":[{"embeddable":true,"href":"https:\/\/agora.xtec.cat\/escolagaudisantboi\/wp-json\/wp\/v2\/media\/1112"}],"wp:attachment":[{"href":"https:\/\/agora.xtec.cat\/escolagaudisantboi\/wp-json\/wp\/v2\/media?parent=1111"}],"wp:term":[{"taxonomy":"category","embeddable":true,"href":"https:\/\/agora.xtec.cat\/escolagaudisantboi\/wp-json\/wp\/v2\/categories?post=1111"},{"taxonomy":"post_tag","embeddable":true,"href":"https:\/\/agora.xtec.cat\/escolagaudisantboi\/wp-json\/wp\/v2\/tags?post=1111"}],"curies":[{"name":"wp","href":"https:\/\/api.w.org\/{rel}","templated":true}]}}