{"id":61,"count":70,"description":"<p style=\"text-align: justify;\">Benvinguts i benvingudes al <strong>nou blog de la nostra biblioteca escolar \"Emili Teixidor\"<\/strong>. Actualment \u00e9s un espai en construcci\u00f3 per\u00f2 esperem que sigui per a tots i totes un lloc que ens acosti a l'apassionant m\u00f3n dels llibres i la lectura. Recordant a l'Emili, fem presents les seves paraules en aquest nou cam\u00ed que comencem:<\/p>\r\n\r\n<h2 style=\"text-align: center;\"><strong>\"ESCRIVIU, LLEGIU, CREIXIU\"<\/strong><\/h2>\r\n<p style=\"text-align: center;\"><em>Emili Teixidor, 2012<\/em><\/p>\r\n<a href=\"https:\/\/agora.xtec.cat\/escolagaudisantboi\/wp-content\/uploads\/usu2030\/2019\/11\/foto-emili.jpg\"><img class=\" wp-image-484 aligncenter\" src=\"https:\/\/agora.xtec.cat\/escolagaudisantboi\/wp-content\/uploads\/usu2030\/2019\/11\/foto-emili.jpg\" alt=\"\" width=\"210\" height=\"223\" \/><\/a>","link":"https:\/\/agora.xtec.cat\/escolagaudisantboi\/categoria\/biblio\/","name":"Biblioteca Emili Teixidor","slug":"biblio","taxonomy":"category","parent":0,"meta":[],"_links":{"self":[{"href":"https:\/\/agora.xtec.cat\/escolagaudisantboi\/wp-json\/wp\/v2\/categories\/61","targetHints":{"allow":["GET"]}}],"collection":[{"href":"https:\/\/agora.xtec.cat\/escolagaudisantboi\/wp-json\/wp\/v2\/categories"}],"about":[{"href":"https:\/\/agora.xtec.cat\/escolagaudisantboi\/wp-json\/wp\/v2\/taxonomies\/category"}],"wp:post_type":[{"href":"https:\/\/agora.xtec.cat\/escolagaudisantboi\/wp-json\/wp\/v2\/posts?categories=61"}],"curies":[{"name":"wp","href":"https:\/\/api.w.org\/{rel}","templated":true}]}}