{"id":112,"count":14,"description":"<p style=\"text-align: center;\">A l'escola tenim molts nens i nenes que a casa parlen altres lleng\u00fces!!!! Quanta riquesa cultural!!! Volem aprofitar aquest moment per con\u00e8ixer-les i escoltar-les!!! Us animem a enviar-nos els vostres missatges en les lleng\u00fces que sapigueu!!<\/p>\r\n<p style=\"text-align: center;\">I, tamb\u00e9,\u00a0sabem que hi ha molts\u00a0altres nens i nenes, familiars, amics,... d'altres parts del m\u00f3n que estan en la mateixa situaci\u00f3 que nosaltres i volen intercanviar missatges explicant com estem passant aquests dies i per donar-nos \u00e0nims en aquests moments tan especials. Aprofitem'ho!<\/p>\r\n<p style=\"text-align: center;\"><strong>Ja hem comen\u00e7at a rebre!!!!!! Mireu i escolteu!!!<\/strong><\/p>\r\n<a href=\"https:\/\/www.youtube.com\/watch?v=xqAMMpijKD0&amp;feature=youtu.be\"><img class=\"size-large wp-image-1732\" src=\"https:\/\/agora.xtec.cat\/escolagaudisantboi\/wp-content\/uploads\/usu2030\/2020\/04\/IMG_20200401_152543-1024x554.jpg\" alt=\"\" width=\"1024\" height=\"554\" \/><\/a>\r\n<p style=\"text-align: center;\"><\/p>","link":"https:\/\/agora.xtec.cat\/escolagaudisantboi\/categoria\/ens-quedem-a-casa\/oberts-al-mon\/","name":"El Gaud\u00ed obre les seves portes al m\u00f3n","slug":"oberts-al-mon","taxonomy":"category","parent":102,"meta":[],"_links":{"self":[{"href":"https:\/\/agora.xtec.cat\/escolagaudisantboi\/wp-json\/wp\/v2\/categories\/112","targetHints":{"allow":["GET"]}}],"collection":[{"href":"https:\/\/agora.xtec.cat\/escolagaudisantboi\/wp-json\/wp\/v2\/categories"}],"about":[{"href":"https:\/\/agora.xtec.cat\/escolagaudisantboi\/wp-json\/wp\/v2\/taxonomies\/category"}],"up":[{"embeddable":true,"href":"https:\/\/agora.xtec.cat\/escolagaudisantboi\/wp-json\/wp\/v2\/categories\/102"}],"wp:post_type":[{"href":"https:\/\/agora.xtec.cat\/escolagaudisantboi\/wp-json\/wp\/v2\/posts?categories=112"}],"curies":[{"name":"wp","href":"https:\/\/api.w.org\/{rel}","templated":true}]}}