{"id":110,"count":133,"description":"<strong>L'alumnat gaudini\u00e0 tamb\u00e9 vol compartir all\u00f2 que fa en els dies de confinament. <\/strong>\r\n\r\n<strong>Esperem els teus v\u00eddeos i fotos!<\/strong>","link":"https:\/\/agora.xtec.cat\/escolagaudisantboi\/categoria\/ens-quedem-a-casa\/alumnes-accio\/","name":"Alumnes en acci\u00f3","slug":"alumnes-accio","taxonomy":"category","parent":102,"meta":[],"_links":{"self":[{"href":"https:\/\/agora.xtec.cat\/escolagaudisantboi\/wp-json\/wp\/v2\/categories\/110","targetHints":{"allow":["GET"]}}],"collection":[{"href":"https:\/\/agora.xtec.cat\/escolagaudisantboi\/wp-json\/wp\/v2\/categories"}],"about":[{"href":"https:\/\/agora.xtec.cat\/escolagaudisantboi\/wp-json\/wp\/v2\/taxonomies\/category"}],"up":[{"embeddable":true,"href":"https:\/\/agora.xtec.cat\/escolagaudisantboi\/wp-json\/wp\/v2\/categories\/102"}],"wp:post_type":[{"href":"https:\/\/agora.xtec.cat\/escolagaudisantboi\/wp-json\/wp\/v2\/posts?categories=110"}],"curies":[{"name":"wp","href":"https:\/\/api.w.org\/{rel}","templated":true}]}}