{"id":102,"count":319,"description":"<p style=\"text-align: center;\"><strong>EL GAUD\u00cd ES QUEDA A CASA...TOT ANIR\u00c0 B\u00c9!<\/strong><\/p>\r\n<p style=\"text-align: center;\"><strong>Estimats i estimades alumnes i fam\u00edlies,<\/strong><\/p>\r\n<p style=\"text-align: center;\"><strong>ja portem uns dies sense veure'ns i estem enyorats. Volem que aquest espai sigui un lloc d'intercanvi on poguem fer propostes per passar aquests dies en que tots i totes hem de ser responsables i quedar-nos a casa per v\u00e8ncer el virus COVID-19.<\/strong><\/p>\r\n<p style=\"text-align: center;\"><strong>\u00c0nims i recordeu...TOT ANIR\u00c0 B\u00c9!<\/strong><\/p>","link":"https:\/\/agora.xtec.cat\/escolagaudisantboi\/categoria\/ens-quedem-a-casa\/","name":"El Gaud\u00ed es queda a casa!","slug":"ens-quedem-a-casa","taxonomy":"category","parent":0,"meta":[],"_links":{"self":[{"href":"https:\/\/agora.xtec.cat\/escolagaudisantboi\/wp-json\/wp\/v2\/categories\/102","targetHints":{"allow":["GET"]}}],"collection":[{"href":"https:\/\/agora.xtec.cat\/escolagaudisantboi\/wp-json\/wp\/v2\/categories"}],"about":[{"href":"https:\/\/agora.xtec.cat\/escolagaudisantboi\/wp-json\/wp\/v2\/taxonomies\/category"}],"wp:post_type":[{"href":"https:\/\/agora.xtec.cat\/escolagaudisantboi\/wp-json\/wp\/v2\/posts?categories=102"}],"curies":[{"name":"wp","href":"https:\/\/api.w.org\/{rel}","templated":true}]}}