{"id":954,"date":"2019-06-18T13:00:52","date_gmt":"2019-06-18T11:00:52","guid":{"rendered":"http:\/\/agora.xtec.cat\/escolagaudisabadell\/?p=954"},"modified":"2019-09-18T10:39:00","modified_gmt":"2019-09-18T08:39:00","slug":"el-telefon-fixe-de-lescola-93-716-48-48-no-funciona","status":"publish","type":"post","link":"https:\/\/agora.xtec.cat\/escolagaudisabadell\/general\/el-telefon-fixe-de-lescola-93-716-48-48-no-funciona\/","title":{"rendered":"El tel\u00e8fon fixe de l&#8217;escola 93 716 48 48 JA FUNCIONA &#8211; Tamb\u00e9 podeu trucar al m\u00f2bil 638 571 697"},"content":{"rendered":"<p>Benvolgudes fam\u00edlies,<\/p>\n<p>Despr\u00e9s de 15 dies, per fi ens han arreglat la l\u00ednea fixa del tel\u00e8fon<\/p>\n<p>Si necessiteu contactar amb l&#8217;escola, heu de trucar al tel\u00e8fon fixe i al m\u00f2bil:<\/p>\n<h2 style=\"text-align: center;\"><strong>93 716 48 48 &#8211; 638 571 697<\/strong><\/h2>\n<p>Disculpeu les mol\u00e8sties,<\/p>\n<p>L&#8217;Escola<\/p>\n","protected":false},"excerpt":{"rendered":"<p>Benvolgudes fam\u00edlies,<br \/>\nDespr\u00e9s de 15 dies, per fi ens han arreglat la l\u00ednea fixa del tel\u00e8fon<br \/>\nSi necessiteu contactar amb l&#8217;escola, heu de trucar al tel\u00e8fon fixe i al m\u00f2bil:<br \/>\n93 716 48 48 &#8211; 638 571 697<br \/>\nDisculpeu les mol\u00e8sties,<br \/>\nL&#8217;Escola<\/p>\n","protected":false},"author":1,"featured_media":0,"comment_status":"closed","ping_status":"closed","sticky":false,"template":"","format":"standard","meta":{"_bbp_topic_count":0,"_bbp_reply_count":0,"_bbp_total_topic_count":0,"_bbp_total_reply_count":0,"_bbp_voice_count":0,"_bbp_anonymous_reply_count":0,"_bbp_topic_count_hidden":0,"_bbp_reply_count_hidden":0,"_bbp_forum_subforum_count":0,"footnotes":""},"categories":[1,4],"tags":[],"class_list":["post-954","post","type-post","status-publish","format-standard","hentry","category-general","category-portada"],"post_mailing_queue_ids":[],"_links":{"self":[{"href":"https:\/\/agora.xtec.cat\/escolagaudisabadell\/wp-json\/wp\/v2\/posts\/954","targetHints":{"allow":["GET"]}}],"collection":[{"href":"https:\/\/agora.xtec.cat\/escolagaudisabadell\/wp-json\/wp\/v2\/posts"}],"about":[{"href":"https:\/\/agora.xtec.cat\/escolagaudisabadell\/wp-json\/wp\/v2\/types\/post"}],"author":[{"embeddable":true,"href":"https:\/\/agora.xtec.cat\/escolagaudisabadell\/wp-json\/wp\/v2\/users\/1"}],"replies":[{"embeddable":true,"href":"https:\/\/agora.xtec.cat\/escolagaudisabadell\/wp-json\/wp\/v2\/comments?post=954"}],"version-history":[{"count":3,"href":"https:\/\/agora.xtec.cat\/escolagaudisabadell\/wp-json\/wp\/v2\/posts\/954\/revisions"}],"predecessor-version":[{"id":956,"href":"https:\/\/agora.xtec.cat\/escolagaudisabadell\/wp-json\/wp\/v2\/posts\/954\/revisions\/956"}],"wp:attachment":[{"href":"https:\/\/agora.xtec.cat\/escolagaudisabadell\/wp-json\/wp\/v2\/media?parent=954"}],"wp:term":[{"taxonomy":"category","embeddable":true,"href":"https:\/\/agora.xtec.cat\/escolagaudisabadell\/wp-json\/wp\/v2\/categories?post=954"},{"taxonomy":"post_tag","embeddable":true,"href":"https:\/\/agora.xtec.cat\/escolagaudisabadell\/wp-json\/wp\/v2\/tags?post=954"}],"curies":[{"name":"wp","href":"https:\/\/api.w.org\/{rel}","templated":true}]}}