{"id":8834,"date":"2026-09-01T14:10:26","date_gmt":"2026-09-01T12:10:26","guid":{"rendered":"https:\/\/agora.xtec.cat\/escolagaudisabadell\/?p=8834"},"modified":"2026-09-01T15:17:14","modified_gmt":"2026-09-01T13:17:14","slug":"benvinguts-al-nou-curs-2026-2027-informacio-inici-curs","status":"publish","type":"post","link":"https:\/\/agora.xtec.cat\/escolagaudisabadell\/general\/benvinguts-al-nou-curs-2026-2027-informacio-inici-curs\/","title":{"rendered":"Benvinguts al nou Curs 2026 &#8211; 2027!!  Informaci\u00f3 Inici Curs"},"content":{"rendered":"<p style=\"text-align: center;\"><img loading=\"lazy\" decoding=\"async\" class=\"alignnone wp-image-8835\" src=\"https:\/\/agora.xtec.cat\/escolagaudisabadell\/wp-content\/uploads\/usu1563\/2026\/09\/benviguts-curs-26-27-captura.jpg\" alt=\"\" width=\"500\" height=\"388\" srcset=\"https:\/\/agora.xtec.cat\/escolagaudisabadell\/wp-content\/uploads\/usu1563\/2026\/09\/benviguts-curs-26-27-captura.jpg 640w, https:\/\/agora.xtec.cat\/escolagaudisabadell\/wp-content\/uploads\/usu1563\/2026\/09\/benviguts-curs-26-27-captura-300x233.jpg 300w\" sizes=\"auto, (max-width: 500px) 100vw, 500px\" \/><\/p>\n<p>Benvolgudes fam\u00edlies!<\/p>\n<p>Un curs m\u00e9s comencem de nou i com diu la imatge d&#8217;encap\u00e7alament: <strong>&#8220;Els inicis s\u00f3n plens d&#8217;oportunitat&#8221;<\/strong>. Desitgem que tots tinguem un Bon inici de curs i &#8230;. un <strong>Magn\u00edfic curs sencer!!!<\/strong><\/p>\n<p>El proper 8 de setembre obrim de nou les portes de l&#8217;escola.<\/p>\n<p><strong>Tot l&#8217;Equip de l&#8217;escola Gaud\u00ed, us dona la Benvinguda al nou curs i us espera amb els bra\u00e7os oberts!<\/strong><\/p>\n<p>&#8212;&#8212;&#8212;&#8212;&#8212;&#8212;&#8212;&#8212;&#8212;&#8212;&#8212;&#8212;&#8212;&#8212;&#8212;&#8212;&#8212;&#8212;&#8212;&#8212;&#8212;&#8212;&#8212;&#8212;&#8212;&#8212;&#8212;&#8212;&#8212;&#8212;&#8212;&#8212;&#8212;&#8212;&#8212;&#8212;&#8212;&#8212;&#8212;&#8212;&#8212;&#8212;&#8212;&#8212;&#8212;&#8212;&#8212;&#8212;&#8212;&#8212;&#8212;&#8212;&#8212;&#8212;&#8212;&#8212;&#8212;&#8211;<\/p>\n<p>A continuaci\u00f3 posem\u00a0a la vostra disposici\u00f3 documents amb tota la informaci\u00f3 que pugueu necessitar per al funcionament del curs:<\/p>\n<p><strong>INFORMACI\u00d3 GENERAL:<\/strong><\/p>\n<p><a href=\"https:\/\/agora.xtec.cat\/escolagaudisabadell\/wp-content\/uploads\/usu1563\/2026\/09\/1-Info-Inici-curs-26-27.pdf\">1 Info Inici curs 26 27<\/a><\/p>\n<p>El dossier de pares afecta de forma gen\u00e8rica a totes les fam\u00edlies:<\/p>\n<p><a href=\"https:\/\/agora.xtec.cat\/escolagaudisabadell\/wp-content\/uploads\/usu1563\/2026\/09\/Dossier-families-2026-27.pdf\">Dossier fam\u00edlies 2026 &#8211; 2027<\/a><\/p>\n<p><strong>REUNIONS INICI DE CURS, CALENDARI I HORARIS:<\/strong><\/p>\n<p>Totes les reunions seran a les <strong>16:45-18:00 h<\/strong>.<\/p>\n<p>I3 \/ I4 &gt;&gt; Dimecres 3 octubre 2026<\/p>\n<p>I5 &gt;&gt; Dimecres 30 setembre 2026<\/p>\n<p>1r \/ 2n &gt;&gt; Dilluns 21 setembre 2026<\/p>\n<p>3r \/ 4t &gt;&gt; Dijous 24 setembre 2026<\/p>\n<p>5\u00e8 \/ 6\u00e8 &gt;&gt; Dilluns 28 setembre 2026<\/p>\n<p>Salutacions i Molta Energia Positiva!!<\/p>\n<p>&nbsp;<\/p>\n","protected":false},"excerpt":{"rendered":"<p>Benvolgudes fam\u00edlies!<br \/>\nUn curs m\u00e9s comencem de nou i com diu la imatge d&#8217;encap\u00e7alament: &#8220;Els inicis s\u00f3n plens d&#8217;oportunitat&#8221;. Desitgem que tots tinguem un Bon inici de curs i &#8230;. un Magn\u00edfic curs sencer!!!<br \/>\nEl proper 8 de setembre obrim de nou les portes de l&#8217;escola.<br \/>\nTot l&#8217;Equip&hellip;  <a href=\"https:\/\/agora.xtec.cat\/escolagaudisabadell\/general\/benvinguts-al-nou-curs-2026-2027-informacio-inici-curs\/\" title=\"Read Benvinguts al nou Curs 2026 &#8211; 2027!!  Informaci\u00f3 Inici Curs\">Llegeix m\u00e9s\u00bb<\/a><\/p>\n","protected":false},"author":1,"featured_media":8835,"comment_status":"closed","ping_status":"closed","sticky":true,"template":"","format":"standard","meta":{"_bbp_topic_count":0,"_bbp_reply_count":0,"_bbp_total_topic_count":0,"_bbp_total_reply_count":0,"_bbp_voice_count":0,"_bbp_anonymous_reply_count":0,"_bbp_topic_count_hidden":0,"_bbp_reply_count_hidden":0,"_bbp_forum_subforum_count":0,"footnotes":""},"categories":[10,11,12,13,14,15,7,1,2,82,3,8,9,4,5],"tags":[],"class_list":["post-8834","post","type-post","status-publish","format-standard","has-post-thumbnail","hentry","category-1r","category-2n","category-3r","category-4t","category-5e","category-6e","category-ampa","category-general","category-infantil","category-fotos-menjador","category-p3","category-p4","category-p5","category-portada","category-primaria"],"post_mailing_queue_ids":[],"_links":{"self":[{"href":"https:\/\/agora.xtec.cat\/escolagaudisabadell\/wp-json\/wp\/v2\/posts\/8834","targetHints":{"allow":["GET"]}}],"collection":[{"href":"https:\/\/agora.xtec.cat\/escolagaudisabadell\/wp-json\/wp\/v2\/posts"}],"about":[{"href":"https:\/\/agora.xtec.cat\/escolagaudisabadell\/wp-json\/wp\/v2\/types\/post"}],"author":[{"embeddable":true,"href":"https:\/\/agora.xtec.cat\/escolagaudisabadell\/wp-json\/wp\/v2\/users\/1"}],"replies":[{"embeddable":true,"href":"https:\/\/agora.xtec.cat\/escolagaudisabadell\/wp-json\/wp\/v2\/comments?post=8834"}],"version-history":[{"count":7,"href":"https:\/\/agora.xtec.cat\/escolagaudisabadell\/wp-json\/wp\/v2\/posts\/8834\/revisions"}],"predecessor-version":[{"id":8846,"href":"https:\/\/agora.xtec.cat\/escolagaudisabadell\/wp-json\/wp\/v2\/posts\/8834\/revisions\/8846"}],"wp:featuredmedia":[{"embeddable":true,"href":"https:\/\/agora.xtec.cat\/escolagaudisabadell\/wp-json\/wp\/v2\/media\/8835"}],"wp:attachment":[{"href":"https:\/\/agora.xtec.cat\/escolagaudisabadell\/wp-json\/wp\/v2\/media?parent=8834"}],"wp:term":[{"taxonomy":"category","embeddable":true,"href":"https:\/\/agora.xtec.cat\/escolagaudisabadell\/wp-json\/wp\/v2\/categories?post=8834"},{"taxonomy":"post_tag","embeddable":true,"href":"https:\/\/agora.xtec.cat\/escolagaudisabadell\/wp-json\/wp\/v2\/tags?post=8834"}],"curies":[{"name":"wp","href":"https:\/\/api.w.org\/{rel}","templated":true}]}}