{"id":8561,"date":"2026-04-25T16:33:51","date_gmt":"2026-04-25T14:33:51","guid":{"rendered":"https:\/\/agora.xtec.cat\/escolagaudisabadell\/?p=8561"},"modified":"2026-04-28T13:02:22","modified_gmt":"2026-04-28T11:02:22","slug":"cs-certamen-literari-associacio-veins-ca-noriac-25-04-26","status":"publish","type":"post","link":"https:\/\/agora.xtec.cat\/escolagaudisabadell\/general\/cs-certamen-literari-associacio-veins-ca-noriac-25-04-26\/","title":{"rendered":"CS Cert\u00e0men literari Associaci\u00f3 Ve\u00efns Ca N&#8217;Oriac 25 04 26"},"content":{"rendered":"<p style=\"text-align: center;\"><a href=\"https:\/\/photos.app.goo.gl\/KRFWWxJowARBciP17\" target=\"_blank\" rel=\"noopener\"><img loading=\"lazy\" decoding=\"async\" class=\"alignnone size-large wp-image-8562\" src=\"https:\/\/agora.xtec.cat\/escolagaudisabadell\/wp-content\/uploads\/usu1563\/2026\/04\/Portada-5-1024x221.jpg\" alt=\"\" width=\"1024\" height=\"221\" srcset=\"https:\/\/agora.xtec.cat\/escolagaudisabadell\/wp-content\/uploads\/usu1563\/2026\/04\/Portada-5-1024x221.jpg 1024w, https:\/\/agora.xtec.cat\/escolagaudisabadell\/wp-content\/uploads\/usu1563\/2026\/04\/Portada-5-300x65.jpg 300w, https:\/\/agora.xtec.cat\/escolagaudisabadell\/wp-content\/uploads\/usu1563\/2026\/04\/Portada-5-768x166.jpg 768w, https:\/\/agora.xtec.cat\/escolagaudisabadell\/wp-content\/uploads\/usu1563\/2026\/04\/Portada-5.jpg 1441w\" sizes=\"auto, (max-width: 1024px) 100vw, 1024px\" \/><\/a><\/p>\n<p style=\"text-align: center;\">L&#8217;Escola Gaud\u00ed va participar a l&#8217;\u00faltim Certamen Literari de l&#8217;Associaci\u00f3 de Ve\u00efns de Ca N&#8217;Oriac. Va participar tot l&#8217;alumnat de 5\u00e8 i 6\u00e8 amb poemes fets a l&#8217;aula.<br \/>\nL&#8217;Alma Leal de 6\u00e8 de Prim\u00e0ria va obtenir el 1r premi i la Iman El Kouch de 5\u00e8 de Prim\u00e0ria el 3r premi. A tots els participants els hi van regalar una samarreta commemorativa. Quin orgull!!\u00a0 Felicitacions!!!<\/p>\n","protected":false},"excerpt":{"rendered":"<p><a href=\"https:\/\/photos.app.goo.gl\/KRFWWxJowARBciP17\" target=\"_blank\" rel=\"noopener\"><\/a><br \/>\nL&#8217;Escola Gaud\u00ed va participar a l&#8217;\u00faltim Certamen Literari de l&#8217;Associaci\u00f3 de Ve\u00efns de Ca N&#8217;Oriac. Va participar tot l&#8217;alumnat de 5\u00e8 i 6\u00e8 amb poemes fets a l&#8217;aula.<br \/>\nL&#8217;Alma Leal de 6\u00e8 de Prim\u00e0ria va obtenir el 1r premi i la Iman El&hellip;  <a href=\"https:\/\/agora.xtec.cat\/escolagaudisabadell\/general\/cs-certamen-literari-associacio-veins-ca-noriac-25-04-26\/\" title=\"Read CS Cert\u00e0men literari Associaci\u00f3 Ve\u00efns Ca N&#8217;Oriac 25 04 26\">Llegeix m\u00e9s\u00bb<\/a><\/p>\n","protected":false},"author":1,"featured_media":8562,"comment_status":"closed","ping_status":"closed","sticky":false,"template":"","format":"standard","meta":{"_bbp_topic_count":0,"_bbp_reply_count":0,"_bbp_total_topic_count":0,"_bbp_total_reply_count":0,"_bbp_voice_count":0,"_bbp_anonymous_reply_count":0,"_bbp_topic_count_hidden":0,"_bbp_reply_count_hidden":0,"_bbp_forum_subforum_count":0,"footnotes":""},"categories":[14,15,71,1,4],"tags":[],"class_list":["post-8561","post","type-post","status-publish","format-standard","has-post-thumbnail","hentry","category-5e","category-6e","category-fotosdescola","category-general","category-portada"],"post_mailing_queue_ids":[],"_links":{"self":[{"href":"https:\/\/agora.xtec.cat\/escolagaudisabadell\/wp-json\/wp\/v2\/posts\/8561","targetHints":{"allow":["GET"]}}],"collection":[{"href":"https:\/\/agora.xtec.cat\/escolagaudisabadell\/wp-json\/wp\/v2\/posts"}],"about":[{"href":"https:\/\/agora.xtec.cat\/escolagaudisabadell\/wp-json\/wp\/v2\/types\/post"}],"author":[{"embeddable":true,"href":"https:\/\/agora.xtec.cat\/escolagaudisabadell\/wp-json\/wp\/v2\/users\/1"}],"replies":[{"embeddable":true,"href":"https:\/\/agora.xtec.cat\/escolagaudisabadell\/wp-json\/wp\/v2\/comments?post=8561"}],"version-history":[{"count":3,"href":"https:\/\/agora.xtec.cat\/escolagaudisabadell\/wp-json\/wp\/v2\/posts\/8561\/revisions"}],"predecessor-version":[{"id":8568,"href":"https:\/\/agora.xtec.cat\/escolagaudisabadell\/wp-json\/wp\/v2\/posts\/8561\/revisions\/8568"}],"wp:featuredmedia":[{"embeddable":true,"href":"https:\/\/agora.xtec.cat\/escolagaudisabadell\/wp-json\/wp\/v2\/media\/8562"}],"wp:attachment":[{"href":"https:\/\/agora.xtec.cat\/escolagaudisabadell\/wp-json\/wp\/v2\/media?parent=8561"}],"wp:term":[{"taxonomy":"category","embeddable":true,"href":"https:\/\/agora.xtec.cat\/escolagaudisabadell\/wp-json\/wp\/v2\/categories?post=8561"},{"taxonomy":"post_tag","embeddable":true,"href":"https:\/\/agora.xtec.cat\/escolagaudisabadell\/wp-json\/wp\/v2\/tags?post=8561"}],"curies":[{"name":"wp","href":"https:\/\/api.w.org\/{rel}","templated":true}]}}