{"id":8537,"date":"2026-04-22T16:30:01","date_gmt":"2026-04-22T14:30:01","guid":{"rendered":"https:\/\/agora.xtec.cat\/escolagaudisabadell\/?p=8537"},"modified":"2026-04-22T22:29:11","modified_gmt":"2026-04-22T20:29:11","slug":"5e-i-6e-sortida-deixalleria-22-04","status":"publish","type":"post","link":"https:\/\/agora.xtec.cat\/escolagaudisabadell\/general\/5e-i-6e-sortida-deixalleria-22-04\/","title":{"rendered":"5\u00e8 i 6\u00e8 Sortida Deixalleria 22 04 26"},"content":{"rendered":"<p><a href=\"https:\/\/photos.app.goo.gl\/4HyVyhZjyZEQ2tgh6\" target=\"_blank\" rel=\"noopener\"><img loading=\"lazy\" decoding=\"async\" class=\"wp-image-8539 aligncenter\" src=\"https:\/\/agora.xtec.cat\/escolagaudisabadell\/wp-content\/uploads\/usu1563\/2026\/04\/Portada-1024x768.jpg\" alt=\"\" width=\"296\" height=\"222\" srcset=\"https:\/\/agora.xtec.cat\/escolagaudisabadell\/wp-content\/uploads\/usu1563\/2026\/04\/Portada-1024x768.jpg 1024w, https:\/\/agora.xtec.cat\/escolagaudisabadell\/wp-content\/uploads\/usu1563\/2026\/04\/Portada-300x225.jpg 300w, https:\/\/agora.xtec.cat\/escolagaudisabadell\/wp-content\/uploads\/usu1563\/2026\/04\/Portada-768x576.jpg 768w, https:\/\/agora.xtec.cat\/escolagaudisabadell\/wp-content\/uploads\/usu1563\/2026\/04\/Portada-1536x1152.jpg 1536w, https:\/\/agora.xtec.cat\/escolagaudisabadell\/wp-content\/uploads\/usu1563\/2026\/04\/Portada-200x150.jpg 200w, https:\/\/agora.xtec.cat\/escolagaudisabadell\/wp-content\/uploads\/usu1563\/2026\/04\/Portada.jpg 1600w\" sizes=\"auto, (max-width: 296px) 100vw, 296px\" \/><\/a><\/p>\n<p style=\"text-align: center\">A cicle superior ens hem apropat a la deixalleria per con\u00e8ixer de prop com es gestionen els residus. Hem descobert la import\u00e0ncia de reciclar correctament i de cuidar el nostre entorn. Una sortida molt interessant per prendre consci\u00e8ncia i aprendre a ser m\u00e9s responsables amb el medi ambient!<\/p>\n","protected":false},"excerpt":{"rendered":"<p><a href=\"https:\/\/photos.app.goo.gl\/4HyVyhZjyZEQ2tgh6\" target=\"_blank\" rel=\"noopener\"><\/a><br \/>\nA cicle superior ens hem apropat a la deixalleria per con\u00e8ixer de prop com es gestionen els residus. Hem descobert la import\u00e0ncia de reciclar correctament i de cuidar el nostre entorn. Una sortida molt interessant per prendre consci\u00e8ncia i aprendre a ser&hellip;  <a href=\"https:\/\/agora.xtec.cat\/escolagaudisabadell\/general\/5e-i-6e-sortida-deixalleria-22-04\/\" title=\"Read 5\u00e8 i 6\u00e8 Sortida Deixalleria 22 04 26\">Llegeix m\u00e9s\u00bb<\/a><\/p>\n","protected":false},"author":67,"featured_media":8539,"comment_status":"open","ping_status":"open","sticky":false,"template":"","format":"standard","meta":{"_bbp_topic_count":0,"_bbp_reply_count":0,"_bbp_total_topic_count":0,"_bbp_total_reply_count":0,"_bbp_voice_count":0,"_bbp_anonymous_reply_count":0,"_bbp_topic_count_hidden":0,"_bbp_reply_count_hidden":0,"_bbp_forum_subforum_count":0,"footnotes":""},"categories":[14,15,71,1,4],"tags":[],"class_list":["post-8537","post","type-post","status-publish","format-standard","has-post-thumbnail","hentry","category-5e","category-6e","category-fotosdescola","category-general","category-portada"],"post_mailing_queue_ids":[],"_links":{"self":[{"href":"https:\/\/agora.xtec.cat\/escolagaudisabadell\/wp-json\/wp\/v2\/posts\/8537","targetHints":{"allow":["GET"]}}],"collection":[{"href":"https:\/\/agora.xtec.cat\/escolagaudisabadell\/wp-json\/wp\/v2\/posts"}],"about":[{"href":"https:\/\/agora.xtec.cat\/escolagaudisabadell\/wp-json\/wp\/v2\/types\/post"}],"author":[{"embeddable":true,"href":"https:\/\/agora.xtec.cat\/escolagaudisabadell\/wp-json\/wp\/v2\/users\/67"}],"replies":[{"embeddable":true,"href":"https:\/\/agora.xtec.cat\/escolagaudisabadell\/wp-json\/wp\/v2\/comments?post=8537"}],"version-history":[{"count":2,"href":"https:\/\/agora.xtec.cat\/escolagaudisabadell\/wp-json\/wp\/v2\/posts\/8537\/revisions"}],"predecessor-version":[{"id":8541,"href":"https:\/\/agora.xtec.cat\/escolagaudisabadell\/wp-json\/wp\/v2\/posts\/8537\/revisions\/8541"}],"wp:featuredmedia":[{"embeddable":true,"href":"https:\/\/agora.xtec.cat\/escolagaudisabadell\/wp-json\/wp\/v2\/media\/8539"}],"wp:attachment":[{"href":"https:\/\/agora.xtec.cat\/escolagaudisabadell\/wp-json\/wp\/v2\/media?parent=8537"}],"wp:term":[{"taxonomy":"category","embeddable":true,"href":"https:\/\/agora.xtec.cat\/escolagaudisabadell\/wp-json\/wp\/v2\/categories?post=8537"},{"taxonomy":"post_tag","embeddable":true,"href":"https:\/\/agora.xtec.cat\/escolagaudisabadell\/wp-json\/wp\/v2\/tags?post=8537"}],"curies":[{"name":"wp","href":"https:\/\/api.w.org\/{rel}","templated":true}]}}