{"id":8508,"date":"2026-03-12T16:30:30","date_gmt":"2026-03-12T15:30:30","guid":{"rendered":"https:\/\/agora.xtec.cat\/escolagaudisabadell\/?p=8508"},"modified":"2026-03-27T11:56:31","modified_gmt":"2026-03-27T10:56:31","slug":"escola-ei-ci-teatre-el-tresor-invisible-10-11-12-de-03-2026","status":"publish","type":"post","link":"https:\/\/agora.xtec.cat\/escolagaudisabadell\/general\/escola-ei-ci-teatre-el-tresor-invisible-10-11-12-de-03-2026\/","title":{"rendered":"Escola EI &#038; CI: Teatre &#8220;El Tresor invisible&#8221; 10-11-12 de 03 2026"},"content":{"rendered":"<p style=\"text-align: center;\"><img loading=\"lazy\" decoding=\"async\" class=\"alignnone size-large wp-image-8512\" src=\"https:\/\/agora.xtec.cat\/escolagaudisabadell\/wp-content\/uploads\/usu1563\/2026\/03\/Portada-1-1-1024x226.jpg\" alt=\"\" width=\"1024\" height=\"226\" srcset=\"https:\/\/agora.xtec.cat\/escolagaudisabadell\/wp-content\/uploads\/usu1563\/2026\/03\/Portada-1-1-1024x226.jpg 1024w, https:\/\/agora.xtec.cat\/escolagaudisabadell\/wp-content\/uploads\/usu1563\/2026\/03\/Portada-1-1-300x66.jpg 300w, https:\/\/agora.xtec.cat\/escolagaudisabadell\/wp-content\/uploads\/usu1563\/2026\/03\/Portada-1-1-768x170.jpg 768w, https:\/\/agora.xtec.cat\/escolagaudisabadell\/wp-content\/uploads\/usu1563\/2026\/03\/Portada-1-1.jpg 1367w\" sizes=\"auto, (max-width: 1024px) 100vw, 1024px\" \/><\/p>\n<p style=\"text-align: center;\">L&#8217;obra de teatre que hem presentat els nens i nenes de Cicle Inicial i Educaci\u00f3 ha sigut un \u00e8xit absolut!! Tan d&#8217;aforament com de diversi\u00f3. Quina experi\u00e8ncia tan bonica i tan alegre. Ha sigut dur, aprendre els di\u00e0legs, les coreografies, la posada en escena, els assajos,&#8230;, per\u00f2 us assegurem que ha valgut la pena l&#8217;esfor\u00e7. El Teatre \u00e9s pura creaci\u00f3 i quan hi participes, te sents ple d&#8217;aquesta m\u00e0gia. Gr\u00e0cies a les mestres i a tot el personal que ha fet possible que h\u00e0gim tingut aquesta oportunitat tan incre\u00efble. I gr\u00e0cies tamb\u00e9 a tots el pares, mares, avis, familiars i amics, que ens han vingut a veure. Fins un altre&#8230;..<\/p>\n","protected":false},"excerpt":{"rendered":"<p>L&#8217;obra de teatre que hem presentat els nens i nenes de Cicle Inicial i Educaci\u00f3 ha sigut un \u00e8xit absolut!! Tan d&#8217;aforament com de diversi\u00f3. Quina experi\u00e8ncia tan bonica i tan alegre. Ha sigut dur, aprendre els di\u00e0legs, les coreografies, la posada en escena, els&hellip;  <a href=\"https:\/\/agora.xtec.cat\/escolagaudisabadell\/general\/escola-ei-ci-teatre-el-tresor-invisible-10-11-12-de-03-2026\/\" title=\"Read Escola EI &#038; CI: Teatre &#8220;El Tresor invisible&#8221; 10-11-12 de 03 2026\">Llegeix m\u00e9s\u00bb<\/a><\/p>\n","protected":false},"author":1,"featured_media":8512,"comment_status":"closed","ping_status":"closed","sticky":false,"template":"","format":"standard","meta":{"_bbp_topic_count":0,"_bbp_reply_count":0,"_bbp_total_topic_count":0,"_bbp_total_reply_count":0,"_bbp_voice_count":0,"_bbp_anonymous_reply_count":0,"_bbp_topic_count_hidden":0,"_bbp_reply_count_hidden":0,"_bbp_forum_subforum_count":0,"footnotes":""},"categories":[10,11,12,13,14,15,71,1,2,3,8,9,4,5],"tags":[],"class_list":["post-8508","post","type-post","status-publish","format-standard","has-post-thumbnail","hentry","category-1r","category-2n","category-3r","category-4t","category-5e","category-6e","category-fotosdescola","category-general","category-infantil","category-p3","category-p4","category-p5","category-portada","category-primaria"],"post_mailing_queue_ids":[],"_links":{"self":[{"href":"https:\/\/agora.xtec.cat\/escolagaudisabadell\/wp-json\/wp\/v2\/posts\/8508","targetHints":{"allow":["GET"]}}],"collection":[{"href":"https:\/\/agora.xtec.cat\/escolagaudisabadell\/wp-json\/wp\/v2\/posts"}],"about":[{"href":"https:\/\/agora.xtec.cat\/escolagaudisabadell\/wp-json\/wp\/v2\/types\/post"}],"author":[{"embeddable":true,"href":"https:\/\/agora.xtec.cat\/escolagaudisabadell\/wp-json\/wp\/v2\/users\/1"}],"replies":[{"embeddable":true,"href":"https:\/\/agora.xtec.cat\/escolagaudisabadell\/wp-json\/wp\/v2\/comments?post=8508"}],"version-history":[{"count":4,"href":"https:\/\/agora.xtec.cat\/escolagaudisabadell\/wp-json\/wp\/v2\/posts\/8508\/revisions"}],"predecessor-version":[{"id":8511,"href":"https:\/\/agora.xtec.cat\/escolagaudisabadell\/wp-json\/wp\/v2\/posts\/8508\/revisions\/8511"}],"wp:featuredmedia":[{"embeddable":true,"href":"https:\/\/agora.xtec.cat\/escolagaudisabadell\/wp-json\/wp\/v2\/media\/8512"}],"wp:attachment":[{"href":"https:\/\/agora.xtec.cat\/escolagaudisabadell\/wp-json\/wp\/v2\/media?parent=8508"}],"wp:term":[{"taxonomy":"category","embeddable":true,"href":"https:\/\/agora.xtec.cat\/escolagaudisabadell\/wp-json\/wp\/v2\/categories?post=8508"},{"taxonomy":"post_tag","embeddable":true,"href":"https:\/\/agora.xtec.cat\/escolagaudisabadell\/wp-json\/wp\/v2\/tags?post=8508"}],"curies":[{"name":"wp","href":"https:\/\/api.w.org\/{rel}","templated":true}]}}