{"id":8474,"date":"2025-11-27T17:00:33","date_gmt":"2025-11-27T16:00:33","guid":{"rendered":"https:\/\/agora.xtec.cat\/escolagaudisabadell\/?p=8474"},"modified":"2026-03-03T22:58:22","modified_gmt":"2026-03-03T21:58:22","slug":"6e-sessio-robotica-27-11-25","status":"publish","type":"post","link":"https:\/\/agora.xtec.cat\/escolagaudisabadell\/general\/6e-sessio-robotica-27-11-25\/","title":{"rendered":"6\u00e8 Sessi\u00f3 Rob\u00f2tica 27 11 25"},"content":{"rendered":"<p><a href=\"https:\/\/photos.app.goo.gl\/Kj5bgV7Qm93btXdP6\" target=\"_blank\" rel=\"noopener\"><img loading=\"lazy\" decoding=\"async\" class=\"wp-image-8475 aligncenter\" src=\"https:\/\/agora.xtec.cat\/escolagaudisabadell\/wp-content\/uploads\/usu1563\/2026\/03\/Portada-2-768x1024.jpeg\" alt=\"\" width=\"331\" height=\"442\" srcset=\"https:\/\/agora.xtec.cat\/escolagaudisabadell\/wp-content\/uploads\/usu1563\/2026\/03\/Portada-2-768x1024.jpeg 768w, https:\/\/agora.xtec.cat\/escolagaudisabadell\/wp-content\/uploads\/usu1563\/2026\/03\/Portada-2-225x300.jpeg 225w, https:\/\/agora.xtec.cat\/escolagaudisabadell\/wp-content\/uploads\/usu1563\/2026\/03\/Portada-2-1152x1536.jpeg 1152w, https:\/\/agora.xtec.cat\/escolagaudisabadell\/wp-content\/uploads\/usu1563\/2026\/03\/Portada-2-1536x2048.jpeg 1536w, https:\/\/agora.xtec.cat\/escolagaudisabadell\/wp-content\/uploads\/usu1563\/2026\/03\/Portada-2-scaled.jpeg 1920w\" sizes=\"auto, (max-width: 331px) 100vw, 331px\" \/><\/a><\/p>\n<p style=\"text-align: center\">Una nova sessi\u00f3 de rob\u00f2tica ens ha posat a prova amb reptes de programaci\u00f3 i treball en equip. Entre proves i ajustos, els robots han anat responent a les nostres instruccions fins a aconseguir l\u2019objectiu. Enginy, const\u00e0ncia i molta concentraci\u00f3 en una activitat ben estimulant!<\/p>\n","protected":false},"excerpt":{"rendered":"<p><a href=\"https:\/\/photos.app.goo.gl\/Kj5bgV7Qm93btXdP6\" target=\"_blank\" rel=\"noopener\"><\/a><br \/>\nUna nova sessi\u00f3 de rob\u00f2tica ens ha posat a prova amb reptes de programaci\u00f3 i treball en equip. Entre proves i ajustos, els robots han anat responent a les nostres instruccions fins a aconseguir l\u2019objectiu. Enginy, const\u00e0ncia i molta concentraci\u00f3 en una&hellip;  <a href=\"https:\/\/agora.xtec.cat\/escolagaudisabadell\/general\/6e-sessio-robotica-27-11-25\/\" title=\"Read 6\u00e8 Sessi\u00f3 Rob\u00f2tica 27 11 25\">Llegeix m\u00e9s\u00bb<\/a><\/p>\n","protected":false},"author":67,"featured_media":8475,"comment_status":"open","ping_status":"open","sticky":false,"template":"","format":"standard","meta":{"_bbp_topic_count":0,"_bbp_reply_count":0,"_bbp_total_topic_count":0,"_bbp_total_reply_count":0,"_bbp_voice_count":0,"_bbp_anonymous_reply_count":0,"_bbp_topic_count_hidden":0,"_bbp_reply_count_hidden":0,"_bbp_forum_subforum_count":0,"footnotes":""},"categories":[15,71,1,4],"tags":[],"class_list":["post-8474","post","type-post","status-publish","format-standard","has-post-thumbnail","hentry","category-6e","category-fotosdescola","category-general","category-portada"],"post_mailing_queue_ids":[],"_links":{"self":[{"href":"https:\/\/agora.xtec.cat\/escolagaudisabadell\/wp-json\/wp\/v2\/posts\/8474","targetHints":{"allow":["GET"]}}],"collection":[{"href":"https:\/\/agora.xtec.cat\/escolagaudisabadell\/wp-json\/wp\/v2\/posts"}],"about":[{"href":"https:\/\/agora.xtec.cat\/escolagaudisabadell\/wp-json\/wp\/v2\/types\/post"}],"author":[{"embeddable":true,"href":"https:\/\/agora.xtec.cat\/escolagaudisabadell\/wp-json\/wp\/v2\/users\/67"}],"replies":[{"embeddable":true,"href":"https:\/\/agora.xtec.cat\/escolagaudisabadell\/wp-json\/wp\/v2\/comments?post=8474"}],"version-history":[{"count":1,"href":"https:\/\/agora.xtec.cat\/escolagaudisabadell\/wp-json\/wp\/v2\/posts\/8474\/revisions"}],"predecessor-version":[{"id":8476,"href":"https:\/\/agora.xtec.cat\/escolagaudisabadell\/wp-json\/wp\/v2\/posts\/8474\/revisions\/8476"}],"wp:featuredmedia":[{"embeddable":true,"href":"https:\/\/agora.xtec.cat\/escolagaudisabadell\/wp-json\/wp\/v2\/media\/8475"}],"wp:attachment":[{"href":"https:\/\/agora.xtec.cat\/escolagaudisabadell\/wp-json\/wp\/v2\/media?parent=8474"}],"wp:term":[{"taxonomy":"category","embeddable":true,"href":"https:\/\/agora.xtec.cat\/escolagaudisabadell\/wp-json\/wp\/v2\/categories?post=8474"},{"taxonomy":"post_tag","embeddable":true,"href":"https:\/\/agora.xtec.cat\/escolagaudisabadell\/wp-json\/wp\/v2\/tags?post=8474"}],"curies":[{"name":"wp","href":"https:\/\/api.w.org\/{rel}","templated":true}]}}