{"id":8449,"date":"2026-02-06T17:00:20","date_gmt":"2026-02-06T16:00:20","guid":{"rendered":"https:\/\/agora.xtec.cat\/escolagaudisabadell\/?p=8449"},"modified":"2026-02-26T20:33:05","modified_gmt":"2026-02-26T19:33:05","slug":"3r-i-4t-parc-can-mates-6-02-26","status":"publish","type":"post","link":"https:\/\/agora.xtec.cat\/escolagaudisabadell\/general\/3r-i-4t-parc-can-mates-6-02-26\/","title":{"rendered":"3r i 4t Parc Can Mates 6 02 26"},"content":{"rendered":"<p><a href=\"https:\/\/photos.app.goo.gl\/aCyfZUjAzr7MtDcS9\" target=\"_blank\" rel=\"noopener\"><img loading=\"lazy\" decoding=\"async\" class=\"wp-image-8450 aligncenter\" src=\"https:\/\/agora.xtec.cat\/escolagaudisabadell\/wp-content\/uploads\/usu1563\/2026\/02\/Portada-11-1024x577.jpg\" alt=\"\" width=\"412\" height=\"232\" srcset=\"https:\/\/agora.xtec.cat\/escolagaudisabadell\/wp-content\/uploads\/usu1563\/2026\/02\/Portada-11-1024x577.jpg 1024w, https:\/\/agora.xtec.cat\/escolagaudisabadell\/wp-content\/uploads\/usu1563\/2026\/02\/Portada-11-300x169.jpg 300w, https:\/\/agora.xtec.cat\/escolagaudisabadell\/wp-content\/uploads\/usu1563\/2026\/02\/Portada-11-768x432.jpg 768w, https:\/\/agora.xtec.cat\/escolagaudisabadell\/wp-content\/uploads\/usu1563\/2026\/02\/Portada-11-1536x865.jpg 1536w, https:\/\/agora.xtec.cat\/escolagaudisabadell\/wp-content\/uploads\/usu1563\/2026\/02\/Portada-11-2048x1153.jpg 2048w\" sizes=\"auto, (max-width: 412px) 100vw, 412px\" \/><\/a><\/p>\n<p style=\"text-align: center\">Sortida al Parc Can Mates per gaudir d\u2019un mat\u00ed a l\u2019aire lliure ple de jocs i bons moments. Entre rialles, curses i estones compartides, l\u2019espai ens ha perm\u00e8s conviure i passar-ho d\u2019all\u00f2 m\u00e9s b\u00e9. Una jornada diferent per sortir de la rutina i gaudir plegats!<\/p>\n","protected":false},"excerpt":{"rendered":"<p><a href=\"https:\/\/photos.app.goo.gl\/aCyfZUjAzr7MtDcS9\" target=\"_blank\" rel=\"noopener\"><\/a><br \/>\nSortida al Parc Can Mates per gaudir d\u2019un mat\u00ed a l\u2019aire lliure ple de jocs i bons moments. Entre rialles, curses i estones compartides, l\u2019espai ens ha perm\u00e8s conviure i passar-ho d\u2019all\u00f2 m\u00e9s b\u00e9. Una jornada diferent per sortir de la rutina&hellip;  <a href=\"https:\/\/agora.xtec.cat\/escolagaudisabadell\/general\/3r-i-4t-parc-can-mates-6-02-26\/\" title=\"Read 3r i 4t Parc Can Mates 6 02 26\">Llegeix m\u00e9s\u00bb<\/a><\/p>\n","protected":false},"author":67,"featured_media":8450,"comment_status":"open","ping_status":"open","sticky":false,"template":"","format":"standard","meta":{"_bbp_topic_count":0,"_bbp_reply_count":0,"_bbp_total_topic_count":0,"_bbp_total_reply_count":0,"_bbp_voice_count":0,"_bbp_anonymous_reply_count":0,"_bbp_topic_count_hidden":0,"_bbp_reply_count_hidden":0,"_bbp_forum_subforum_count":0,"footnotes":""},"categories":[12,13,71,1,4],"tags":[],"class_list":["post-8449","post","type-post","status-publish","format-standard","has-post-thumbnail","hentry","category-3r","category-4t","category-fotosdescola","category-general","category-portada"],"post_mailing_queue_ids":[],"_links":{"self":[{"href":"https:\/\/agora.xtec.cat\/escolagaudisabadell\/wp-json\/wp\/v2\/posts\/8449","targetHints":{"allow":["GET"]}}],"collection":[{"href":"https:\/\/agora.xtec.cat\/escolagaudisabadell\/wp-json\/wp\/v2\/posts"}],"about":[{"href":"https:\/\/agora.xtec.cat\/escolagaudisabadell\/wp-json\/wp\/v2\/types\/post"}],"author":[{"embeddable":true,"href":"https:\/\/agora.xtec.cat\/escolagaudisabadell\/wp-json\/wp\/v2\/users\/67"}],"replies":[{"embeddable":true,"href":"https:\/\/agora.xtec.cat\/escolagaudisabadell\/wp-json\/wp\/v2\/comments?post=8449"}],"version-history":[{"count":1,"href":"https:\/\/agora.xtec.cat\/escolagaudisabadell\/wp-json\/wp\/v2\/posts\/8449\/revisions"}],"predecessor-version":[{"id":8451,"href":"https:\/\/agora.xtec.cat\/escolagaudisabadell\/wp-json\/wp\/v2\/posts\/8449\/revisions\/8451"}],"wp:featuredmedia":[{"embeddable":true,"href":"https:\/\/agora.xtec.cat\/escolagaudisabadell\/wp-json\/wp\/v2\/media\/8450"}],"wp:attachment":[{"href":"https:\/\/agora.xtec.cat\/escolagaudisabadell\/wp-json\/wp\/v2\/media?parent=8449"}],"wp:term":[{"taxonomy":"category","embeddable":true,"href":"https:\/\/agora.xtec.cat\/escolagaudisabadell\/wp-json\/wp\/v2\/categories?post=8449"},{"taxonomy":"post_tag","embeddable":true,"href":"https:\/\/agora.xtec.cat\/escolagaudisabadell\/wp-json\/wp\/v2\/tags?post=8449"}],"curies":[{"name":"wp","href":"https:\/\/api.w.org\/{rel}","templated":true}]}}