{"id":8440,"date":"2025-11-11T17:00:29","date_gmt":"2025-11-11T16:00:29","guid":{"rendered":"https:\/\/agora.xtec.cat\/escolagaudisabadell\/?p=8440"},"modified":"2026-02-26T20:07:08","modified_gmt":"2026-02-26T19:07:08","slug":"3r-habits-saludables-11-11-26","status":"publish","type":"post","link":"https:\/\/agora.xtec.cat\/escolagaudisabadell\/general\/3r-habits-saludables-11-11-26\/","title":{"rendered":"3r H\u00e0bits saludables 11 11 26"},"content":{"rendered":"<p><a href=\"https:\/\/photos.app.goo.gl\/xb3Aoae9cyk8h3nj6\" target=\"_blank\" rel=\"noopener\"><img loading=\"lazy\" decoding=\"async\" class=\"wp-image-8441 aligncenter\" src=\"https:\/\/agora.xtec.cat\/escolagaudisabadell\/wp-content\/uploads\/usu1563\/2026\/02\/Portada-8-1024x577.jpg\" alt=\"\" width=\"383\" height=\"216\" srcset=\"https:\/\/agora.xtec.cat\/escolagaudisabadell\/wp-content\/uploads\/usu1563\/2026\/02\/Portada-8-1024x577.jpg 1024w, https:\/\/agora.xtec.cat\/escolagaudisabadell\/wp-content\/uploads\/usu1563\/2026\/02\/Portada-8-300x169.jpg 300w, https:\/\/agora.xtec.cat\/escolagaudisabadell\/wp-content\/uploads\/usu1563\/2026\/02\/Portada-8-768x432.jpg 768w, https:\/\/agora.xtec.cat\/escolagaudisabadell\/wp-content\/uploads\/usu1563\/2026\/02\/Portada-8-1536x865.jpg 1536w, https:\/\/agora.xtec.cat\/escolagaudisabadell\/wp-content\/uploads\/usu1563\/2026\/02\/Portada-8-2048x1153.jpg 2048w\" sizes=\"auto, (max-width: 383px) 100vw, 383px\" \/><\/a><\/p>\n<p style=\"text-align: center\">Els nens i nenes de 3r hem treballat els h\u00e0bits saludables descobrint la import\u00e0ncia d\u2019una bona alimentaci\u00f3, el descans i l\u2019activitat f\u00edsica. Hem reflexionat sobre les nostres rutines i hem apr\u00e8s petits consells per cuidar-nos millor cada dia. Ha estat una activitat molt interessant per cr\u00e9ixer sans i forts!<\/p>\n","protected":false},"excerpt":{"rendered":"<p><a href=\"https:\/\/photos.app.goo.gl\/xb3Aoae9cyk8h3nj6\" target=\"_blank\" rel=\"noopener\"><\/a><br \/>\nEls nens i nenes de 3r hem treballat els h\u00e0bits saludables descobrint la import\u00e0ncia d\u2019una bona alimentaci\u00f3, el descans i l\u2019activitat f\u00edsica. Hem reflexionat sobre les nostres rutines i hem apr\u00e8s petits consells per cuidar-nos millor cada dia. Ha estat una activitat&hellip;  <a href=\"https:\/\/agora.xtec.cat\/escolagaudisabadell\/general\/3r-habits-saludables-11-11-26\/\" title=\"Read 3r H\u00e0bits saludables 11 11 26\">Llegeix m\u00e9s\u00bb<\/a><\/p>\n","protected":false},"author":67,"featured_media":8441,"comment_status":"open","ping_status":"open","sticky":false,"template":"","format":"standard","meta":{"_bbp_topic_count":0,"_bbp_reply_count":0,"_bbp_total_topic_count":0,"_bbp_total_reply_count":0,"_bbp_voice_count":0,"_bbp_anonymous_reply_count":0,"_bbp_topic_count_hidden":0,"_bbp_reply_count_hidden":0,"_bbp_forum_subforum_count":0,"footnotes":""},"categories":[12,71,1,4],"tags":[],"class_list":["post-8440","post","type-post","status-publish","format-standard","has-post-thumbnail","hentry","category-3r","category-fotosdescola","category-general","category-portada"],"post_mailing_queue_ids":[],"_links":{"self":[{"href":"https:\/\/agora.xtec.cat\/escolagaudisabadell\/wp-json\/wp\/v2\/posts\/8440","targetHints":{"allow":["GET"]}}],"collection":[{"href":"https:\/\/agora.xtec.cat\/escolagaudisabadell\/wp-json\/wp\/v2\/posts"}],"about":[{"href":"https:\/\/agora.xtec.cat\/escolagaudisabadell\/wp-json\/wp\/v2\/types\/post"}],"author":[{"embeddable":true,"href":"https:\/\/agora.xtec.cat\/escolagaudisabadell\/wp-json\/wp\/v2\/users\/67"}],"replies":[{"embeddable":true,"href":"https:\/\/agora.xtec.cat\/escolagaudisabadell\/wp-json\/wp\/v2\/comments?post=8440"}],"version-history":[{"count":1,"href":"https:\/\/agora.xtec.cat\/escolagaudisabadell\/wp-json\/wp\/v2\/posts\/8440\/revisions"}],"predecessor-version":[{"id":8442,"href":"https:\/\/agora.xtec.cat\/escolagaudisabadell\/wp-json\/wp\/v2\/posts\/8440\/revisions\/8442"}],"wp:featuredmedia":[{"embeddable":true,"href":"https:\/\/agora.xtec.cat\/escolagaudisabadell\/wp-json\/wp\/v2\/media\/8441"}],"wp:attachment":[{"href":"https:\/\/agora.xtec.cat\/escolagaudisabadell\/wp-json\/wp\/v2\/media?parent=8440"}],"wp:term":[{"taxonomy":"category","embeddable":true,"href":"https:\/\/agora.xtec.cat\/escolagaudisabadell\/wp-json\/wp\/v2\/categories?post=8440"},{"taxonomy":"post_tag","embeddable":true,"href":"https:\/\/agora.xtec.cat\/escolagaudisabadell\/wp-json\/wp\/v2\/tags?post=8440"}],"curies":[{"name":"wp","href":"https:\/\/api.w.org\/{rel}","templated":true}]}}