{"id":8398,"date":"2026-02-06T10:51:19","date_gmt":"2026-02-06T09:51:19","guid":{"rendered":"https:\/\/agora.xtec.cat\/escolagaudisabadell\/?p=8398"},"modified":"2026-04-15T09:53:18","modified_gmt":"2026-04-15T07:53:18","slug":"preinscripcio-proper-curs-2026-2027","status":"publish","type":"post","link":"https:\/\/agora.xtec.cat\/escolagaudisabadell\/general\/preinscripcio-proper-curs-2026-2027\/","title":{"rendered":"PREINSCRIPCI\u00d3 PROPER CURS 2026 2027"},"content":{"rendered":"<p style=\"text-align: center;\"><img loading=\"lazy\" decoding=\"async\" class=\"alignnone size-full wp-image-8400\" src=\"https:\/\/agora.xtec.cat\/escolagaudisabadell\/wp-content\/uploads\/usu1563\/2026\/02\/Preinscripcio-TITOL.jpg\" alt=\"\" width=\"705\" height=\"177\" srcset=\"https:\/\/agora.xtec.cat\/escolagaudisabadell\/wp-content\/uploads\/usu1563\/2026\/02\/Preinscripcio-TITOL.jpg 705w, https:\/\/agora.xtec.cat\/escolagaudisabadell\/wp-content\/uploads\/usu1563\/2026\/02\/Preinscripcio-TITOL-300x75.jpg 300w\" sizes=\"auto, (max-width: 705px) 100vw, 705px\" \/><\/p>\n<p style=\"text-align: center;\"><img loading=\"lazy\" decoding=\"async\" class=\"alignnone size-full wp-image-8401\" src=\"https:\/\/agora.xtec.cat\/escolagaudisabadell\/wp-content\/uploads\/usu1563\/2026\/02\/cara-i-ulls.jpg\" alt=\"\" width=\"336\" height=\"332\" srcset=\"https:\/\/agora.xtec.cat\/escolagaudisabadell\/wp-content\/uploads\/usu1563\/2026\/02\/cara-i-ulls.jpg 336w, https:\/\/agora.xtec.cat\/escolagaudisabadell\/wp-content\/uploads\/usu1563\/2026\/02\/cara-i-ulls-300x296.jpg 300w\" sizes=\"auto, (max-width: 336px) 100vw, 336px\" \/><\/p>\n<h5 style=\"text-align: center;\">\u00a0Ja teniu LLISTES BAREMADES (puntuaci\u00f3) de les preinscripcions per al proper curs 2026-2027, cliqueu al seg\u00fcent\u00a0 enlla\u00e7 per consultar si els punts que consten s\u00f3n correctes:<\/h5>\n<h5 style=\"text-align: center;\"><a href=\"https:\/\/agora.xtec.cat\/escolagaudisabadell\/wp-content\/uploads\/usu1563\/2026\/02\/INFORME_BAREM_PROVISIONAL_BAREM.pdf\">INFORME_BAREM_PROVISIONAL_BAREM<\/a><\/h5>\n<p style=\"text-align: center;\"><strong>RECLAMACIONS BAREM: <\/strong>Si hi ha algun error o no esteu d&#8217;acord amb les puntuacions, heu de venir a l&#8217;escola entre el <strong>15 i el 20 d&#8217;abril<\/strong>, per realitzar les\u00a0<strong>RECLAMACIONS\u00a0<\/strong>pertinents.<\/p>\n<p style=\"text-align: center;\">Us facilitem l&#8217;enlla\u00e7 al <a href=\"https:\/\/preinscripcio.gencat.cat\/ca\/inici\/index.html\" target=\"_blank\" rel=\"noopener\">Departament d&#8217;Educaci\u00f3<\/a> amb tota la informaci\u00f3, per\u00f2 en aquest article de la Web us oferim tamb\u00e9 amb tot detall el necessari per la gesti\u00f3:<\/p>\n<p>&nbsp;<\/p>\n<h5 style=\"text-align: center;\">ED. INFANTIL I PRIM\u00c0RIA: Del 4 al 18 de mar\u00e7 de 2026 &#8230;&#8230;&#8230;&#8230;&#8230;&#8230;&#8230;&#8230;.. <a href=\"https:\/\/tramits.gencat.cat\/ca\/tramits\/tramits-temes\/perinscripcio-obligatoris?&amp;moda=1\" target=\"_blank\" rel=\"noopener\">ENLLA\u00c7 ACC\u00c9S AL PROC\u00c9S ED. INFANTIL<\/a><\/h5>\n<p style=\"text-align: center;\">\u00a0 \u00a0 \u00a0 \u00a0 \u00a0 \u00a0 \u00a0 \u00a0 \u00a0<strong> \u00a0&#8230;&#8230;&#8230;&#8230;&#8230;&#8230;&#8230;&#8230;&#8230;&#8230;&#8230;&#8230;&#8230;&#8230;&#8230;&#8230;&#8230;&#8230;&#8230;&#8230;&#8230;&#8230;&#8230;&#8230;&#8230;&#8230;&#8230;&#8230;&#8230;&#8230;&#8230;&#8230;&#8230;&#8230;&#8230;. <a href=\"https:\/\/tramits.gencat.cat\/ca\/tramits\/tramits-temes\/perinscripcio-obligatoris?&amp;moda=2\" target=\"_blank\" rel=\"noopener\">ENLLA\u00c7 ACC\u00c9S AL PROC\u00c9 ED.<\/a><a href=\"https:\/\/tramits.gencat.cat\/ca\/tramits\/tramits-temes\/perinscripcio-obligatoris?moda=2\" target=\"_blank\" rel=\"noopener\"> PRIM\u00c0RIA<\/a><\/strong><\/p>\n<h5 style=\"text-align: center;\">ED. SECUND\u00c0RIA (ESO): Del 6 al 18 de mar\u00e7 de 2026 &#8230;&#8230;&#8230;&#8230; \u00a0<a href=\"https:\/\/tramits.gencat.cat\/ca\/tramits\/tramits-temes\/perinscripcio-obligatoris?moda=3\" target=\"_blank\" rel=\"noopener\">ENLLA\u00c7 ACC\u00c9S AL PROC\u00c9S ESO<\/a><\/h5>\n<p>&nbsp;<\/p>\n<p style=\"text-align: center;\"><strong><em>INFORMACI\u00d3 IMPORTANT:<\/em><\/strong> Podeu demanar <strong>cita pr\u00e8via<\/strong> a l&#8217;escola tant per INFANTIL, per PRIM\u00c0RIA i per SECUND\u00c0RIA, i us ajudarem amb el proc\u00e9s online.<\/p>\n<p style=\"text-align: center;\">Al llarg d&#8217;aquests dies, podeu realitzar la preinscripci\u00f3 i la modificaci\u00f3 de preinscripci\u00f3, de cara al curs que ve.<br \/>\nEn aquest mateix article, anirem informant de totes les novetats, calendari, requisits, documentaci\u00f3, etc., que ens vagin arribant.<\/p>\n<p style=\"text-align: center;\"><strong>CALENDARI\u00a0 PREINSCRIPCI\u00d3 I MATR\u00cdCULA<\/strong><\/p>\n<p style=\"text-align: center;\"><img loading=\"lazy\" decoding=\"async\" class=\"alignnone size-full wp-image-8416\" src=\"https:\/\/agora.xtec.cat\/escolagaudisabadell\/wp-content\/uploads\/usu1563\/2026\/02\/1Calendari.png\" alt=\"\" width=\"692\" height=\"792\" srcset=\"https:\/\/agora.xtec.cat\/escolagaudisabadell\/wp-content\/uploads\/usu1563\/2026\/02\/1Calendari.png 692w, https:\/\/agora.xtec.cat\/escolagaudisabadell\/wp-content\/uploads\/usu1563\/2026\/02\/1Calendari-262x300.png 262w\" sizes=\"auto, (max-width: 692px) 100vw, 692px\" \/><\/p>\n<p style=\"text-align: center;\"><img loading=\"lazy\" decoding=\"async\" class=\"alignnone wp-image-8417\" src=\"https:\/\/agora.xtec.cat\/escolagaudisabadell\/wp-content\/uploads\/usu1563\/2026\/02\/2Calendari.png\" alt=\"\" width=\"769\" height=\"865\" srcset=\"https:\/\/agora.xtec.cat\/escolagaudisabadell\/wp-content\/uploads\/usu1563\/2026\/02\/2Calendari.png 685w, https:\/\/agora.xtec.cat\/escolagaudisabadell\/wp-content\/uploads\/usu1563\/2026\/02\/2Calendari-267x300.png 267w\" sizes=\"auto, (max-width: 769px) 100vw, 769px\" \/><\/p>\n<p style=\"text-align: left;\"><img loading=\"lazy\" decoding=\"async\" class=\"wp-image-8420 alignleft\" src=\"https:\/\/agora.xtec.cat\/escolagaudisabadell\/wp-content\/uploads\/usu1563\/2026\/02\/1-Info-Preinscripcio.jpg\" alt=\"\" width=\"591\" height=\"594\" srcset=\"https:\/\/agora.xtec.cat\/escolagaudisabadell\/wp-content\/uploads\/usu1563\/2026\/02\/1-Info-Preinscripcio.jpg 472w, https:\/\/agora.xtec.cat\/escolagaudisabadell\/wp-content\/uploads\/usu1563\/2026\/02\/1-Info-Preinscripcio-150x150.jpg 150w\" sizes=\"auto, (max-width: 591px) 100vw, 591px\" \/>\u00a0 \u00a0<img loading=\"lazy\" decoding=\"async\" class=\"wp-image-8421 alignright\" src=\"https:\/\/agora.xtec.cat\/escolagaudisabadell\/wp-content\/uploads\/usu1563\/2026\/02\/2-Info-Preinscripcio.jpg\" alt=\"\" width=\"629\" height=\"594\" srcset=\"https:\/\/agora.xtec.cat\/escolagaudisabadell\/wp-content\/uploads\/usu1563\/2026\/02\/2-Info-Preinscripcio.jpg 472w, https:\/\/agora.xtec.cat\/escolagaudisabadell\/wp-content\/uploads\/usu1563\/2026\/02\/2-Info-Preinscripcio-300x283.jpg 300w\" sizes=\"auto, (max-width: 629px) 100vw, 629px\" \/><\/p>\n<p>&nbsp;<\/p>\n<p>&nbsp;<\/p>\n<p>&nbsp;<\/p>\n<p>&nbsp;<\/p>\n<p>&nbsp;<\/p>\n<p>&nbsp;<\/p>\n<p>&nbsp;<\/p>\n<p>&nbsp;<\/p>\n<p>&nbsp;<\/p>\n<p>&nbsp;<\/p>\n<p>&nbsp;<\/p>\n<p>&nbsp;<\/p>\n<p>&nbsp;<\/p>\n<p style=\"text-align: center;\"><img loading=\"lazy\" decoding=\"async\" class=\"alignnone wp-image-8422\" src=\"https:\/\/agora.xtec.cat\/escolagaudisabadell\/wp-content\/uploads\/usu1563\/2026\/02\/3-Info-Preinscripcio.jpg\" alt=\"\" width=\"679\" height=\"590\" srcset=\"https:\/\/agora.xtec.cat\/escolagaudisabadell\/wp-content\/uploads\/usu1563\/2026\/02\/3-Info-Preinscripcio.jpg 470w, https:\/\/agora.xtec.cat\/escolagaudisabadell\/wp-content\/uploads\/usu1563\/2026\/02\/3-Info-Preinscripcio-300x260.jpg 300w\" sizes=\"auto, (max-width: 679px) 100vw, 679px\" \/><\/p>\n<p><img loading=\"lazy\" decoding=\"async\" class=\"wp-image-8424 aligncenter\" src=\"https:\/\/agora.xtec.cat\/escolagaudisabadell\/wp-content\/uploads\/usu1563\/2026\/02\/4-Info-Proces-Preinsc.jpg\" alt=\"\" width=\"571\" height=\"801\" srcset=\"https:\/\/agora.xtec.cat\/escolagaudisabadell\/wp-content\/uploads\/usu1563\/2026\/02\/4-Info-Proces-Preinsc.jpg 382w, https:\/\/agora.xtec.cat\/escolagaudisabadell\/wp-content\/uploads\/usu1563\/2026\/02\/4-Info-Proces-Preinsc-214x300.jpg 214w\" sizes=\"auto, (max-width: 571px) 100vw, 571px\" \/><\/p>\n<p><img loading=\"lazy\" decoding=\"async\" class=\"wp-image-8425 aligncenter\" src=\"https:\/\/agora.xtec.cat\/escolagaudisabadell\/wp-content\/uploads\/usu1563\/2026\/02\/5-Info-Proces-Preinsc.jpg\" alt=\"\" width=\"745\" height=\"537\" srcset=\"https:\/\/agora.xtec.cat\/escolagaudisabadell\/wp-content\/uploads\/usu1563\/2026\/02\/5-Info-Proces-Preinsc.jpg 538w, https:\/\/agora.xtec.cat\/escolagaudisabadell\/wp-content\/uploads\/usu1563\/2026\/02\/5-Info-Proces-Preinsc-300x216.jpg 300w\" sizes=\"auto, (max-width: 745px) 100vw, 745px\" \/><\/p>\n<p><img loading=\"lazy\" decoding=\"async\" class=\"wp-image-8426 aligncenter\" src=\"https:\/\/agora.xtec.cat\/escolagaudisabadell\/wp-content\/uploads\/usu1563\/2026\/02\/6-Info-Proces-Preinsc.jpg\" alt=\"\" width=\"741\" height=\"519\" srcset=\"https:\/\/agora.xtec.cat\/escolagaudisabadell\/wp-content\/uploads\/usu1563\/2026\/02\/6-Info-Proces-Preinsc.jpg 534w, https:\/\/agora.xtec.cat\/escolagaudisabadell\/wp-content\/uploads\/usu1563\/2026\/02\/6-Info-Proces-Preinsc-300x210.jpg 300w\" sizes=\"auto, (max-width: 741px) 100vw, 741px\" \/><\/p>\n<p style=\"text-align: center;\">\u00a0<img loading=\"lazy\" decoding=\"async\" class=\"alignnone wp-image-8429\" src=\"https:\/\/agora.xtec.cat\/escolagaudisabadell\/wp-content\/uploads\/usu1563\/2026\/02\/7-Criteris-i-Puntuacio-1.jpg\" alt=\"\" width=\"359\" height=\"60\" \/><\/p>\n<p style=\"text-align: center;\"><img loading=\"lazy\" decoding=\"async\" class=\"alignnone wp-image-8430\" src=\"https:\/\/agora.xtec.cat\/escolagaudisabadell\/wp-content\/uploads\/usu1563\/2026\/02\/8-Criteris-i-Puntuacio-1.jpg\" alt=\"\" width=\"481\" height=\"634\" srcset=\"https:\/\/agora.xtec.cat\/escolagaudisabadell\/wp-content\/uploads\/usu1563\/2026\/02\/8-Criteris-i-Puntuacio-1.jpg 288w, https:\/\/agora.xtec.cat\/escolagaudisabadell\/wp-content\/uploads\/usu1563\/2026\/02\/8-Criteris-i-Puntuacio-1-228x300.jpg 228w\" sizes=\"auto, (max-width: 481px) 100vw, 481px\" \/>\u00a0 \u00a0 \u00a0 <img loading=\"lazy\" decoding=\"async\" class=\"alignnone wp-image-8432\" src=\"https:\/\/agora.xtec.cat\/escolagaudisabadell\/wp-content\/uploads\/usu1563\/2026\/02\/9-Criteris-i-Puntuacio-1.jpg\" alt=\"\" width=\"475\" height=\"633\" srcset=\"https:\/\/agora.xtec.cat\/escolagaudisabadell\/wp-content\/uploads\/usu1563\/2026\/02\/9-Criteris-i-Puntuacio-1.jpg 286w, https:\/\/agora.xtec.cat\/escolagaudisabadell\/wp-content\/uploads\/usu1563\/2026\/02\/9-Criteris-i-Puntuacio-1-225x300.jpg 225w\" sizes=\"auto, (max-width: 475px) 100vw, 475px\" \/><\/p>\n<p>&nbsp;<\/p>\n","protected":false},"excerpt":{"rendered":"<p>\u00a0Ja teniu LLISTES BAREMADES (puntuaci\u00f3) de les preinscripcions per al proper curs 2026-2027, cliqueu al seg\u00fcent\u00a0 enlla\u00e7 per consultar si els punts que consten s\u00f3n correctes:<br \/>\n<a href=\"https:\/\/agora.xtec.cat\/escolagaudisabadell\/wp-content\/uploads\/usu1563\/2026\/02\/INFORME_BAREM_PROVISIONAL_BAREM.pdf\">INFORME_BAREM_PROVISIONAL_BAREM<\/a><br \/>\nRECLAMACIONS BAREM: Si hi ha algun error o no esteu d&#8217;acord amb les puntuacions, heu de venir a l&#8217;escola&hellip;  <a href=\"https:\/\/agora.xtec.cat\/escolagaudisabadell\/general\/preinscripcio-proper-curs-2026-2027\/\" title=\"Read PREINSCRIPCI\u00d3 PROPER CURS 2026 2027\">Llegeix m\u00e9s\u00bb<\/a><\/p>\n","protected":false},"author":1,"featured_media":8400,"comment_status":"closed","ping_status":"closed","sticky":true,"template":"","format":"standard","meta":{"_bbp_topic_count":0,"_bbp_reply_count":0,"_bbp_total_topic_count":0,"_bbp_total_reply_count":0,"_bbp_voice_count":0,"_bbp_anonymous_reply_count":0,"_bbp_topic_count_hidden":0,"_bbp_reply_count_hidden":0,"_bbp_forum_subforum_count":0,"footnotes":""},"categories":[10,11,12,13,14,15,7,71,1,2,82,3,8,9,4,5],"tags":[],"class_list":["post-8398","post","type-post","status-publish","format-standard","has-post-thumbnail","hentry","category-1r","category-2n","category-3r","category-4t","category-5e","category-6e","category-ampa","category-fotosdescola","category-general","category-infantil","category-fotos-menjador","category-p3","category-p4","category-p5","category-portada","category-primaria"],"post_mailing_queue_ids":[],"_links":{"self":[{"href":"https:\/\/agora.xtec.cat\/escolagaudisabadell\/wp-json\/wp\/v2\/posts\/8398","targetHints":{"allow":["GET"]}}],"collection":[{"href":"https:\/\/agora.xtec.cat\/escolagaudisabadell\/wp-json\/wp\/v2\/posts"}],"about":[{"href":"https:\/\/agora.xtec.cat\/escolagaudisabadell\/wp-json\/wp\/v2\/types\/post"}],"author":[{"embeddable":true,"href":"https:\/\/agora.xtec.cat\/escolagaudisabadell\/wp-json\/wp\/v2\/users\/1"}],"replies":[{"embeddable":true,"href":"https:\/\/agora.xtec.cat\/escolagaudisabadell\/wp-json\/wp\/v2\/comments?post=8398"}],"version-history":[{"count":5,"href":"https:\/\/agora.xtec.cat\/escolagaudisabadell\/wp-json\/wp\/v2\/posts\/8398\/revisions"}],"predecessor-version":[{"id":8528,"href":"https:\/\/agora.xtec.cat\/escolagaudisabadell\/wp-json\/wp\/v2\/posts\/8398\/revisions\/8528"}],"wp:featuredmedia":[{"embeddable":true,"href":"https:\/\/agora.xtec.cat\/escolagaudisabadell\/wp-json\/wp\/v2\/media\/8400"}],"wp:attachment":[{"href":"https:\/\/agora.xtec.cat\/escolagaudisabadell\/wp-json\/wp\/v2\/media?parent=8398"}],"wp:term":[{"taxonomy":"category","embeddable":true,"href":"https:\/\/agora.xtec.cat\/escolagaudisabadell\/wp-json\/wp\/v2\/categories?post=8398"},{"taxonomy":"post_tag","embeddable":true,"href":"https:\/\/agora.xtec.cat\/escolagaudisabadell\/wp-json\/wp\/v2\/tags?post=8398"}],"curies":[{"name":"wp","href":"https:\/\/api.w.org\/{rel}","templated":true}]}}